{"id":19340,"date":"2026-09-01T10:34:34","date_gmt":"2026-09-01T13:34:34","guid":{"rendered":"https:\/\/ismsancarlos.cl\/site2\/?p=19340"},"modified":"2026-09-01T10:34:34","modified_gmt":"2026-09-01T13:34:34","slug":"feria-de-la-inclusion-2026-promovio-el-respeto-y-la-valoracion-de-la-diversidad","status":"publish","type":"post","link":"https:\/\/ismsancarlos.cl\/site2\/feria-de-la-inclusion-2026-promovio-el-respeto-y-la-valoracion-de-la-diversidad\/","title":{"rendered":"Feria de la Inclusi\u00f3n 2026 promovi\u00f3 el respeto y la valoraci\u00f3n de la diversidad"},"content":{"rendered":"<p>[vc_row][vc_column][vc_column_text]<\/p>\n<p class=\"PDq2pG_selectionAnchorContainer\" data-start=\"85\" data-end=\"417\">Con entusiasmo y una activa participaci\u00f3n de los estudiantes, se desarroll\u00f3 una nueva versi\u00f3n de la Feria de la Inclusi\u00f3n 2026, iniciativa organizada por el Programa de Integraci\u00f3n Escolar (PIE) con el prop\u00f3sito de generar espacios de aprendizaje y reflexi\u00f3n en torno al respeto, la empat\u00eda y la valoraci\u00f3n de la diversidad.<\/p>\n<p data-start=\"419\" data-end=\"757\">Durante la jornada, los estudiantes recorrieron diferentes stands y participaron en actividades l\u00fadicas y experiencias vinculadas con las emociones, los sentidos, la comunicaci\u00f3n y la autorregulaci\u00f3n. Cada propuesta permiti\u00f3 acercarse de manera din\u00e1mica a distintas formas de percibir, sentir, expresarse y relacionarse con los dem\u00e1s.<\/p>\n<p data-start=\"759\" data-end=\"1031\">La actividad cont\u00f3 con una entusiasta respuesta de la comunidad educativa, fortaleciendo el compromiso por construir d\u00eda a d\u00eda una escuela m\u00e1s inclusiva, respetuosa y acogedora, donde las diferencias sean reconocidas como una oportunidad para aprender y crecer juntos.<\/p>\n<p data-start=\"1033\" data-end=\"1129\" data-is-last-node=\"\" data-is-only-node=\"\">\u00a1Agradecemos a todos quienes participaron e hicieron posible esta significativa jornada!<\/p>\n<p>[\/vc_column_text][\/vc_column][\/vc_row][vc_row][vc_column][vc_gallery interval=\u00bb3&#8243; images=\u00bb19342,19343,19344,19345,19346,19347,19348,19349,19350&#8243; img_size=\u00bblarge\u00bb][\/vc_column][\/vc_row]<\/p>\n","protected":false},"excerpt":{"rendered":"<p>[vc_row][vc_column][vc_column_text] Con entusiasmo y una activa participaci\u00f3n de los estudiantes, se desarroll\u00f3 una nueva versi\u00f3n de la Feria de la Inclusi\u00f3n 2026, iniciativa organizada por el Programa de Integraci\u00f3n Escolar (PIE) con el prop\u00f3sito de generar espacios de aprendizaje y reflexi\u00f3n en torno al respeto, la empat\u00eda y la valoraci\u00f3n de la diversidad. Durante la [&hellip;]<\/p>\n","protected":false},"author":1,"featured_media":19341,"comment_status":"closed","ping_status":"closed","sticky":false,"template":"","format":"standard","meta":{"footnotes":""},"categories":[144],"tags":[],"class_list":["post-19340","post","type-post","status-publish","format-standard","has-post-thumbnail","hentry","category-noticias"],"_links":{"self":[{"href":"https:\/\/ismsancarlos.cl\/site2\/wp-json\/wp\/v2\/posts\/19340","targetHints":{"allow":["GET"]}}],"collection":[{"href":"https:\/\/ismsancarlos.cl\/site2\/wp-json\/wp\/v2\/posts"}],"about":[{"href":"https:\/\/ismsancarlos.cl\/site2\/wp-json\/wp\/v2\/types\/post"}],"author":[{"embeddable":true,"href":"https:\/\/ismsancarlos.cl\/site2\/wp-json\/wp\/v2\/users\/1"}],"replies":[{"embeddable":true,"href":"https:\/\/ismsancarlos.cl\/site2\/wp-json\/wp\/v2\/comments?post=19340"}],"version-history":[{"count":1,"href":"https:\/\/ismsancarlos.cl\/site2\/wp-json\/wp\/v2\/posts\/19340\/revisions"}],"predecessor-version":[{"id":19351,"href":"https:\/\/ismsancarlos.cl\/site2\/wp-json\/wp\/v2\/posts\/19340\/revisions\/19351"}],"wp:featuredmedia":[{"embeddable":true,"href":"https:\/\/ismsancarlos.cl\/site2\/wp-json\/wp\/v2\/media\/19341"}],"wp:attachment":[{"href":"https:\/\/ismsancarlos.cl\/site2\/wp-json\/wp\/v2\/media?parent=19340"}],"wp:term":[{"taxonomy":"category","embeddable":true,"href":"https:\/\/ismsancarlos.cl\/site2\/wp-json\/wp\/v2\/categories?post=19340"},{"taxonomy":"post_tag","embeddable":true,"href":"https:\/\/ismsancarlos.cl\/site2\/wp-json\/wp\/v2\/tags?post=19340"}],"curies":[{"name":"wp","href":"https:\/\/api.w.org\/{rel}","templated":true}]}}