{"id":19337,"date":"2026-09-01T10:25:26","date_gmt":"2026-09-01T13:25:26","guid":{"rendered":"https:\/\/ismsancarlos.cl\/site2\/?p=19337"},"modified":"2026-09-01T10:25:26","modified_gmt":"2026-09-01T13:25:26","slug":"muestra-folclorica-2026","status":"publish","type":"post","link":"https:\/\/ismsancarlos.cl\/site2\/muestra-folclorica-2026\/","title":{"rendered":"Muestra Folcl\u00f3rica 2026"},"content":{"rendered":"<p class=\"PDq2pG_selectionAnchorContainer\" data-start=\"94\" data-end=\"426\">Con m\u00fasica, danza, tradici\u00f3n y mucho entusiasmo, nuestra comunidad educativa se prepara para celebrar una nueva versi\u00f3n de la Muestra Folcl\u00f3rica 2026, instancia en la que nuestros estudiantes ser\u00e1n protagonistas, llevando al escenario diferentes bailes y expresiones que nos invitan a valorar nuestras tradiciones y el folclore.<\/p>\n<p data-start=\"428\" data-end=\"970\">La actividad se desarrollar\u00e1 durante tres jornadas en el gimnasio de nuestro colegio, organizadas de acuerdo con los distintos ciclos educativos. El martes 1 de septiembre, a las 18:00 horas, ser\u00e1 el turno del Ciclo Inicial, desde Prek\u00ednder hasta 2\u00b0 B\u00e1sico. El mi\u00e9rcoles 2 de septiembre, a las 18:00 horas, se presentar\u00e1 el I Ciclo, correspondiente a estudiantes de 3\u00b0 a 6\u00b0 B\u00e1sico. Finalmente, el jueves 3 de septiembre, tambi\u00e9n a las 18:00 horas, ser\u00e1 la presentaci\u00f3n del II Ciclo, desde 8\u00b0 B\u00e1sico hasta IV Medio.<\/p>\n<p data-start=\"972\" data-end=\"1321\">Durante cada jornada, nuestros estudiantes compartir\u00e1n el trabajo preparado junto a sus profesores, dando vida a una celebraci\u00f3n llena de identidad, colores y m\u00fasica. Ser\u00e1 tambi\u00e9n una hermosa oportunidad para encontrarnos como comunidad y acompa\u00f1ar a nuestros ni\u00f1os, ni\u00f1as y j\u00f3venes en una de las actividades m\u00e1s esperadas de este mes de septiembre.<\/p>\n<p data-start=\"1323\" data-end=\"1463\" data-is-last-node=\"\" data-is-only-node=\"\">\u00a1Los esperamos para celebrar juntos nuestras tradiciones en la Muestra Folcl\u00f3rica 2026 del Instituto Santa Mar\u00eda de San Carlos!<\/p>\n","protected":false},"excerpt":{"rendered":"<p>Con m\u00fasica, danza, tradici\u00f3n y mucho entusiasmo, nuestra comunidad educativa se prepara para celebrar una nueva versi\u00f3n de la Muestra Folcl\u00f3rica 2026, instancia en la que nuestros estudiantes ser\u00e1n protagonistas, llevando al escenario diferentes bailes y expresiones que nos invitan a valorar nuestras tradiciones y el folclore. La actividad se desarrollar\u00e1 durante tres jornadas en [&hellip;]<\/p>\n","protected":false},"author":1,"featured_media":19338,"comment_status":"closed","ping_status":"closed","sticky":false,"template":"","format":"standard","meta":{"footnotes":""},"categories":[144],"tags":[],"class_list":["post-19337","post","type-post","status-publish","format-standard","has-post-thumbnail","hentry","category-noticias"],"_links":{"self":[{"href":"https:\/\/ismsancarlos.cl\/site2\/wp-json\/wp\/v2\/posts\/19337","targetHints":{"allow":["GET"]}}],"collection":[{"href":"https:\/\/ismsancarlos.cl\/site2\/wp-json\/wp\/v2\/posts"}],"about":[{"href":"https:\/\/ismsancarlos.cl\/site2\/wp-json\/wp\/v2\/types\/post"}],"author":[{"embeddable":true,"href":"https:\/\/ismsancarlos.cl\/site2\/wp-json\/wp\/v2\/users\/1"}],"replies":[{"embeddable":true,"href":"https:\/\/ismsancarlos.cl\/site2\/wp-json\/wp\/v2\/comments?post=19337"}],"version-history":[{"count":1,"href":"https:\/\/ismsancarlos.cl\/site2\/wp-json\/wp\/v2\/posts\/19337\/revisions"}],"predecessor-version":[{"id":19339,"href":"https:\/\/ismsancarlos.cl\/site2\/wp-json\/wp\/v2\/posts\/19337\/revisions\/19339"}],"wp:featuredmedia":[{"embeddable":true,"href":"https:\/\/ismsancarlos.cl\/site2\/wp-json\/wp\/v2\/media\/19338"}],"wp:attachment":[{"href":"https:\/\/ismsancarlos.cl\/site2\/wp-json\/wp\/v2\/media?parent=19337"}],"wp:term":[{"taxonomy":"category","embeddable":true,"href":"https:\/\/ismsancarlos.cl\/site2\/wp-json\/wp\/v2\/categories?post=19337"},{"taxonomy":"post_tag","embeddable":true,"href":"https:\/\/ismsancarlos.cl\/site2\/wp-json\/wp\/v2\/tags?post=19337"}],"curies":[{"name":"wp","href":"https:\/\/api.w.org\/{rel}","templated":true}]}}