{"id":19000,"date":"2026-04-27T17:26:44","date_gmt":"2026-04-27T20:26:44","guid":{"rendered":"https:\/\/ismsancarlos.cl\/site2\/?p=19000"},"modified":"2026-04-27T17:26:59","modified_gmt":"2026-04-27T20:26:59","slug":"conmemoracion-del-dia-del-carabinero","status":"publish","type":"post","link":"https:\/\/ismsancarlos.cl\/site2\/conmemoracion-del-dia-del-carabinero\/","title":{"rendered":"Conmemoraci\u00f3n del D\u00eda del Carabinero"},"content":{"rendered":"<p style=\"text-align: justify;\">Hoy 27 de abril, Chile conmemora el D\u00eda del Carabinero, una fecha que rinde homenaje a la fundaci\u00f3n de esta instituci\u00f3n en 1927 por el entonces Vicepresidente de la Rep\u00fablica, Carlos Ib\u00e1\u00f1ez del Campo. La creaci\u00f3n de Carabineros de Chile marc\u00f3 un hito hist\u00f3rico al unificar diversas fuerzas policiales existentes en un solo cuerpo t\u00e9cnico y profesional, con el objetivo de garantizar el orden p\u00fablico, la seguridad ciudadana y el cumplimiento de las leyes en todo el territorio nacional, desde las grandes ciudades hasta las zonas fronterizas m\u00e1s remotas.<\/p>\n<p style=\"text-align: justify;\">A lo largo de casi un siglo, Carabineros ha evolucionado para adaptarse a los desaf\u00edos de una sociedad en constante cambio, consolid\u00e1ndose como una de las instituciones m\u00e1s fundamentales del Estado. Su labor trasciende la vigilancia preventiva; abarca funciones educativas, de rescate en alta monta\u00f1a, control de fronteras y una invaluable presencia comunitaria. Esta efem\u00e9ride no solo celebra un aniversario administrativo, sino que resalta el compromiso inquebrantable de hombres y mujeres que portan el uniforme verde con el lema de \u00abOrden y Patria\u00bb como gu\u00eda de su actuar diario.<\/p>\n<p style=\"text-align: justify;\">En este d\u00eda especial, extendemos un profundo agradecimiento a cada integrante de la instituci\u00f3n por su abnegaci\u00f3n y valent\u00eda. Reconocemos el sacrificio que implica dejar a sus familias para proteger a las nuestras, enfrentando situaciones de riesgo con temple y vocaci\u00f3n de servicio. Gracias por estar en la primera l\u00ednea ante las emergencias, por su auxilio constante en los momentos de vulnerabilidad y por trabajar incansablemente para construir un pa\u00eds m\u00e1s seguro y tranquilo para todos los chilenos.<\/p>\n","protected":false},"excerpt":{"rendered":"<p>Hoy 27 de abril, Chile conmemora el D\u00eda del Carabinero, una fecha que rinde homenaje a la fundaci\u00f3n de esta instituci\u00f3n en 1927 por el entonces Vicepresidente de la Rep\u00fablica, Carlos Ib\u00e1\u00f1ez del Campo. La creaci\u00f3n de Carabineros de Chile marc\u00f3 un hito hist\u00f3rico al unificar diversas fuerzas policiales existentes en un solo cuerpo t\u00e9cnico [&hellip;]<\/p>\n","protected":false},"author":1,"featured_media":19002,"comment_status":"closed","ping_status":"closed","sticky":false,"template":"","format":"standard","meta":{"_price":"","_stock":"","_tribe_ticket_header":"","_tribe_default_ticket_provider":"","_tribe_ticket_capacity":"0","_ticket_start_date":"","_ticket_end_date":"","_tribe_ticket_show_description":"","_tribe_ticket_show_not_going":false,"_tribe_ticket_use_global_stock":"","_tribe_ticket_global_stock_level":"","_global_stock_mode":"","_global_stock_cap":"","_tribe_rsvp_for_event":"","_tribe_ticket_going_count":"","_tribe_ticket_not_going_count":"","_tribe_tickets_list":"[]","_tribe_ticket_has_attendee_info_fields":false,"footnotes":""},"categories":[144],"tags":[],"class_list":["post-19000","post","type-post","status-publish","format-standard","has-post-thumbnail","hentry","category-noticias"],"yoast_head":"<!-- This site is optimized with the Yoast SEO plugin v25.6 - https:\/\/yoast.com\/wordpress\/plugins\/seo\/ -->\n<title>Conmemoraci\u00f3n del D\u00eda del Carabinero | Instituto Santa Mar\u00eda - San Carlos<\/title>\n<meta name=\"robots\" content=\"index, follow, max-snippet:-1, max-image-preview:large, max-video-preview:-1\" \/>\n<link rel=\"canonical\" href=\"https:\/\/ismsancarlos.cl\/site2\/conmemoracion-del-dia-del-carabinero\/\" \/>\n<meta property=\"og:locale\" content=\"es_ES\" \/>\n<meta property=\"og:type\" content=\"article\" \/>\n<meta property=\"og:title\" content=\"Conmemoraci\u00f3n del D\u00eda del Carabinero | Instituto Santa Mar\u00eda - San Carlos\" \/>\n<meta property=\"og:description\" content=\"Hoy 27 de abril, Chile conmemora el D\u00eda del Carabinero, una fecha que rinde homenaje a la fundaci\u00f3n de esta instituci\u00f3n en 1927 por el entonces Vicepresidente de la Rep\u00fablica, Carlos Ib\u00e1\u00f1ez del Campo. La creaci\u00f3n de Carabineros de Chile marc\u00f3 un hito hist\u00f3rico al unificar diversas fuerzas policiales existentes en un solo cuerpo t\u00e9cnico [&hellip;]\" \/>\n<meta property=\"og:url\" content=\"https:\/\/ismsancarlos.cl\/site2\/conmemoracion-del-dia-del-carabinero\/\" \/>\n<meta property=\"og:site_name\" content=\"Instituto Santa Mar\u00eda - San Carlos\" \/>\n<meta property=\"article:publisher\" content=\"https:\/\/www.facebook.com\/insamach\" \/>\n<meta property=\"article:published_time\" content=\"2026-04-27T20:26:44+00:00\" \/>\n<meta property=\"article:modified_time\" content=\"2026-04-27T20:26:59+00:00\" \/>\n<meta property=\"og:image\" content=\"https:\/\/ismsancarlos.cl\/site2\/wp-content\/uploads\/2026\/04\/PLANTILLAS-GRAFICAS-2026-INSTA-3.jpg\" \/>\n\t<meta property=\"og:image:width\" content=\"1080\" \/>\n\t<meta property=\"og:image:height\" content=\"1350\" \/>\n\t<meta property=\"og:image:type\" content=\"image\/jpeg\" \/>\n<meta name=\"author\" content=\"admin\" \/>\n<meta name=\"twitter:card\" content=\"summary_large_image\" \/>\n<meta name=\"twitter:label1\" content=\"Escrito por\" \/>\n\t<meta name=\"twitter:data1\" content=\"admin\" \/>\n\t<meta name=\"twitter:label2\" content=\"Tiempo de lectura\" \/>\n\t<meta name=\"twitter:data2\" content=\"2 minutos\" \/>\n<script type=\"application\/ld+json\" class=\"yoast-schema-graph\">{\"@context\":\"https:\/\/schema.org\",\"@graph\":[{\"@type\":\"Article\",\"@id\":\"https:\/\/ismsancarlos.cl\/site2\/conmemoracion-del-dia-del-carabinero\/#article\",\"isPartOf\":{\"@id\":\"https:\/\/ismsancarlos.cl\/site2\/conmemoracion-del-dia-del-carabinero\/\"},\"author\":{\"name\":\"admin\",\"@id\":\"https:\/\/ismsancarlos.cl\/site2\/#\/schema\/person\/6a23bdafb47e2c2a488fc70a8235ea7e\"},\"headline\":\"Conmemoraci\u00f3n del D\u00eda del Carabinero\",\"datePublished\":\"2026-04-27T20:26:44+00:00\",\"dateModified\":\"2026-04-27T20:26:59+00:00\",\"mainEntityOfPage\":{\"@id\":\"https:\/\/ismsancarlos.cl\/site2\/conmemoracion-del-dia-del-carabinero\/\"},\"wordCount\":285,\"publisher\":{\"@id\":\"https:\/\/ismsancarlos.cl\/site2\/#organization\"},\"image\":{\"@id\":\"https:\/\/ismsancarlos.cl\/site2\/conmemoracion-del-dia-del-carabinero\/#primaryimage\"},\"thumbnailUrl\":\"https:\/\/ismsancarlos.cl\/site2\/wp-content\/uploads\/2026\/04\/PLANTILLAS-GRAFICAS-2026-INSTA-3.jpg\",\"articleSection\":[\"Noticias\"],\"inLanguage\":\"es\"},{\"@type\":\"WebPage\",\"@id\":\"https:\/\/ismsancarlos.cl\/site2\/conmemoracion-del-dia-del-carabinero\/\",\"url\":\"https:\/\/ismsancarlos.cl\/site2\/conmemoracion-del-dia-del-carabinero\/\",\"name\":\"Conmemoraci\u00f3n del D\u00eda del Carabinero | Instituto Santa Mar\u00eda - San Carlos\",\"isPartOf\":{\"@id\":\"https:\/\/ismsancarlos.cl\/site2\/#website\"},\"primaryImageOfPage\":{\"@id\":\"https:\/\/ismsancarlos.cl\/site2\/conmemoracion-del-dia-del-carabinero\/#primaryimage\"},\"image\":{\"@id\":\"https:\/\/ismsancarlos.cl\/site2\/conmemoracion-del-dia-del-carabinero\/#primaryimage\"},\"thumbnailUrl\":\"https:\/\/ismsancarlos.cl\/site2\/wp-content\/uploads\/2026\/04\/PLANTILLAS-GRAFICAS-2026-INSTA-3.jpg\",\"datePublished\":\"2026-04-27T20:26:44+00:00\",\"dateModified\":\"2026-04-27T20:26:59+00:00\",\"breadcrumb\":{\"@id\":\"https:\/\/ismsancarlos.cl\/site2\/conmemoracion-del-dia-del-carabinero\/#breadcrumb\"},\"inLanguage\":\"es\",\"potentialAction\":[{\"@type\":\"ReadAction\",\"target\":[\"https:\/\/ismsancarlos.cl\/site2\/conmemoracion-del-dia-del-carabinero\/\"]}]},{\"@type\":\"ImageObject\",\"inLanguage\":\"es\",\"@id\":\"https:\/\/ismsancarlos.cl\/site2\/conmemoracion-del-dia-del-carabinero\/#primaryimage\",\"url\":\"https:\/\/ismsancarlos.cl\/site2\/wp-content\/uploads\/2026\/04\/PLANTILLAS-GRAFICAS-2026-INSTA-3.jpg\",\"contentUrl\":\"https:\/\/ismsancarlos.cl\/site2\/wp-content\/uploads\/2026\/04\/PLANTILLAS-GRAFICAS-2026-INSTA-3.jpg\",\"width\":1080,\"height\":1350},{\"@type\":\"BreadcrumbList\",\"@id\":\"https:\/\/ismsancarlos.cl\/site2\/conmemoracion-del-dia-del-carabinero\/#breadcrumb\",\"itemListElement\":[{\"@type\":\"ListItem\",\"position\":1,\"name\":\"Portada\",\"item\":\"https:\/\/ismsancarlos.cl\/site2\/\"},{\"@type\":\"ListItem\",\"position\":2,\"name\":\"Conmemoraci\u00f3n del D\u00eda del Carabinero\"}]},{\"@type\":\"WebSite\",\"@id\":\"https:\/\/ismsancarlos.cl\/site2\/#website\",\"url\":\"https:\/\/ismsancarlos.cl\/site2\/\",\"name\":\"Instituto Santa Mar\u00eda - San Carlos\",\"description\":\"&quot;Aprender m\u00e1s para servir mejor&quot;\",\"publisher\":{\"@id\":\"https:\/\/ismsancarlos.cl\/site2\/#organization\"},\"potentialAction\":[{\"@type\":\"SearchAction\",\"target\":{\"@type\":\"EntryPoint\",\"urlTemplate\":\"https:\/\/ismsancarlos.cl\/site2\/?s={search_term_string}\"},\"query-input\":{\"@type\":\"PropertyValueSpecification\",\"valueRequired\":true,\"valueName\":\"search_term_string\"}}],\"inLanguage\":\"es\"},{\"@type\":\"Organization\",\"@id\":\"https:\/\/ismsancarlos.cl\/site2\/#organization\",\"name\":\"Instituto Santa Mar\u00eda Chill\u00e1n\",\"url\":\"https:\/\/ismsancarlos.cl\/site2\/\",\"logo\":{\"@type\":\"ImageObject\",\"inLanguage\":\"es\",\"@id\":\"https:\/\/ismsancarlos.cl\/site2\/#\/schema\/logo\/image\/\",\"url\":\"https:\/\/ismchillan.cl\/site\/wp-content\/uploads\/2021\/02\/logo-ISM-Chillan.png\",\"contentUrl\":\"https:\/\/ismchillan.cl\/site\/wp-content\/uploads\/2021\/02\/logo-ISM-Chillan.png\",\"width\":746,\"height\":228,\"caption\":\"Instituto Santa Mar\u00eda Chill\u00e1n\"},\"image\":{\"@id\":\"https:\/\/ismsancarlos.cl\/site2\/#\/schema\/logo\/image\/\"},\"sameAs\":[\"https:\/\/www.facebook.com\/insamach\",\"https:\/\/www.instagram.com\/ism_chillan\/?hl=es-la\",\"https:\/\/www.youtube.com\/channel\/UCU8IW1d8akOJJTePPCCMjjA\"]},{\"@type\":\"Person\",\"@id\":\"https:\/\/ismsancarlos.cl\/site2\/#\/schema\/person\/6a23bdafb47e2c2a488fc70a8235ea7e\",\"name\":\"admin\",\"image\":{\"@type\":\"ImageObject\",\"inLanguage\":\"es\",\"@id\":\"https:\/\/ismsancarlos.cl\/site2\/#\/schema\/person\/image\/\",\"url\":\"https:\/\/secure.gravatar.com\/avatar\/8ac7f29e194fb7442e8e75b6f1c9477abd0dacb32722a8cb6ad498b642eb5d0b?s=96&d=mm&r=g\",\"contentUrl\":\"https:\/\/secure.gravatar.com\/avatar\/8ac7f29e194fb7442e8e75b6f1c9477abd0dacb32722a8cb6ad498b642eb5d0b?s=96&d=mm&r=g\",\"caption\":\"admin\"},\"sameAs\":[\"https:\/\/ismchillan.cl\/site\"]}]}<\/script>\n<!-- \/ Yoast SEO plugin. -->","yoast_head_json":{"title":"Conmemoraci\u00f3n del D\u00eda del Carabinero | Instituto Santa Mar\u00eda - San Carlos","robots":{"index":"index","follow":"follow","max-snippet":"max-snippet:-1","max-image-preview":"max-image-preview:large","max-video-preview":"max-video-preview:-1"},"canonical":"https:\/\/ismsancarlos.cl\/site2\/conmemoracion-del-dia-del-carabinero\/","og_locale":"es_ES","og_type":"article","og_title":"Conmemoraci\u00f3n del D\u00eda del Carabinero | Instituto Santa Mar\u00eda - San Carlos","og_description":"Hoy 27 de abril, Chile conmemora el D\u00eda del Carabinero, una fecha que rinde homenaje a la fundaci\u00f3n de esta instituci\u00f3n en 1927 por el entonces Vicepresidente de la Rep\u00fablica, Carlos Ib\u00e1\u00f1ez del Campo. La creaci\u00f3n de Carabineros de Chile marc\u00f3 un hito hist\u00f3rico al unificar diversas fuerzas policiales existentes en un solo cuerpo t\u00e9cnico [&hellip;]","og_url":"https:\/\/ismsancarlos.cl\/site2\/conmemoracion-del-dia-del-carabinero\/","og_site_name":"Instituto Santa Mar\u00eda - San Carlos","article_publisher":"https:\/\/www.facebook.com\/insamach","article_published_time":"2026-04-27T20:26:44+00:00","article_modified_time":"2026-04-27T20:26:59+00:00","og_image":[{"width":1080,"height":1350,"url":"https:\/\/ismsancarlos.cl\/site2\/wp-content\/uploads\/2026\/04\/PLANTILLAS-GRAFICAS-2026-INSTA-3.jpg","type":"image\/jpeg"}],"author":"admin","twitter_card":"summary_large_image","twitter_misc":{"Escrito por":"admin","Tiempo de lectura":"2 minutos"},"schema":{"@context":"https:\/\/schema.org","@graph":[{"@type":"Article","@id":"https:\/\/ismsancarlos.cl\/site2\/conmemoracion-del-dia-del-carabinero\/#article","isPartOf":{"@id":"https:\/\/ismsancarlos.cl\/site2\/conmemoracion-del-dia-del-carabinero\/"},"author":{"name":"admin","@id":"https:\/\/ismsancarlos.cl\/site2\/#\/schema\/person\/6a23bdafb47e2c2a488fc70a8235ea7e"},"headline":"Conmemoraci\u00f3n del D\u00eda del Carabinero","datePublished":"2026-04-27T20:26:44+00:00","dateModified":"2026-04-27T20:26:59+00:00","mainEntityOfPage":{"@id":"https:\/\/ismsancarlos.cl\/site2\/conmemoracion-del-dia-del-carabinero\/"},"wordCount":285,"publisher":{"@id":"https:\/\/ismsancarlos.cl\/site2\/#organization"},"image":{"@id":"https:\/\/ismsancarlos.cl\/site2\/conmemoracion-del-dia-del-carabinero\/#primaryimage"},"thumbnailUrl":"https:\/\/ismsancarlos.cl\/site2\/wp-content\/uploads\/2026\/04\/PLANTILLAS-GRAFICAS-2026-INSTA-3.jpg","articleSection":["Noticias"],"inLanguage":"es"},{"@type":"WebPage","@id":"https:\/\/ismsancarlos.cl\/site2\/conmemoracion-del-dia-del-carabinero\/","url":"https:\/\/ismsancarlos.cl\/site2\/conmemoracion-del-dia-del-carabinero\/","name":"Conmemoraci\u00f3n del D\u00eda del Carabinero | Instituto Santa Mar\u00eda - San Carlos","isPartOf":{"@id":"https:\/\/ismsancarlos.cl\/site2\/#website"},"primaryImageOfPage":{"@id":"https:\/\/ismsancarlos.cl\/site2\/conmemoracion-del-dia-del-carabinero\/#primaryimage"},"image":{"@id":"https:\/\/ismsancarlos.cl\/site2\/conmemoracion-del-dia-del-carabinero\/#primaryimage"},"thumbnailUrl":"https:\/\/ismsancarlos.cl\/site2\/wp-content\/uploads\/2026\/04\/PLANTILLAS-GRAFICAS-2026-INSTA-3.jpg","datePublished":"2026-04-27T20:26:44+00:00","dateModified":"2026-04-27T20:26:59+00:00","breadcrumb":{"@id":"https:\/\/ismsancarlos.cl\/site2\/conmemoracion-del-dia-del-carabinero\/#breadcrumb"},"inLanguage":"es","potentialAction":[{"@type":"ReadAction","target":["https:\/\/ismsancarlos.cl\/site2\/conmemoracion-del-dia-del-carabinero\/"]}]},{"@type":"ImageObject","inLanguage":"es","@id":"https:\/\/ismsancarlos.cl\/site2\/conmemoracion-del-dia-del-carabinero\/#primaryimage","url":"https:\/\/ismsancarlos.cl\/site2\/wp-content\/uploads\/2026\/04\/PLANTILLAS-GRAFICAS-2026-INSTA-3.jpg","contentUrl":"https:\/\/ismsancarlos.cl\/site2\/wp-content\/uploads\/2026\/04\/PLANTILLAS-GRAFICAS-2026-INSTA-3.jpg","width":1080,"height":1350},{"@type":"BreadcrumbList","@id":"https:\/\/ismsancarlos.cl\/site2\/conmemoracion-del-dia-del-carabinero\/#breadcrumb","itemListElement":[{"@type":"ListItem","position":1,"name":"Portada","item":"https:\/\/ismsancarlos.cl\/site2\/"},{"@type":"ListItem","position":2,"name":"Conmemoraci\u00f3n del D\u00eda del Carabinero"}]},{"@type":"WebSite","@id":"https:\/\/ismsancarlos.cl\/site2\/#website","url":"https:\/\/ismsancarlos.cl\/site2\/","name":"Instituto Santa Mar\u00eda - San Carlos","description":"&quot;Aprender m\u00e1s para servir mejor&quot;","publisher":{"@id":"https:\/\/ismsancarlos.cl\/site2\/#organization"},"potentialAction":[{"@type":"SearchAction","target":{"@type":"EntryPoint","urlTemplate":"https:\/\/ismsancarlos.cl\/site2\/?s={search_term_string}"},"query-input":{"@type":"PropertyValueSpecification","valueRequired":true,"valueName":"search_term_string"}}],"inLanguage":"es"},{"@type":"Organization","@id":"https:\/\/ismsancarlos.cl\/site2\/#organization","name":"Instituto Santa Mar\u00eda Chill\u00e1n","url":"https:\/\/ismsancarlos.cl\/site2\/","logo":{"@type":"ImageObject","inLanguage":"es","@id":"https:\/\/ismsancarlos.cl\/site2\/#\/schema\/logo\/image\/","url":"https:\/\/ismchillan.cl\/site\/wp-content\/uploads\/2021\/02\/logo-ISM-Chillan.png","contentUrl":"https:\/\/ismchillan.cl\/site\/wp-content\/uploads\/2021\/02\/logo-ISM-Chillan.png","width":746,"height":228,"caption":"Instituto Santa Mar\u00eda Chill\u00e1n"},"image":{"@id":"https:\/\/ismsancarlos.cl\/site2\/#\/schema\/logo\/image\/"},"sameAs":["https:\/\/www.facebook.com\/insamach","https:\/\/www.instagram.com\/ism_chillan\/?hl=es-la","https:\/\/www.youtube.com\/channel\/UCU8IW1d8akOJJTePPCCMjjA"]},{"@type":"Person","@id":"https:\/\/ismsancarlos.cl\/site2\/#\/schema\/person\/6a23bdafb47e2c2a488fc70a8235ea7e","name":"admin","image":{"@type":"ImageObject","inLanguage":"es","@id":"https:\/\/ismsancarlos.cl\/site2\/#\/schema\/person\/image\/","url":"https:\/\/secure.gravatar.com\/avatar\/8ac7f29e194fb7442e8e75b6f1c9477abd0dacb32722a8cb6ad498b642eb5d0b?s=96&d=mm&r=g","contentUrl":"https:\/\/secure.gravatar.com\/avatar\/8ac7f29e194fb7442e8e75b6f1c9477abd0dacb32722a8cb6ad498b642eb5d0b?s=96&d=mm&r=g","caption":"admin"},"sameAs":["https:\/\/ismchillan.cl\/site"]}]}},"_links":{"self":[{"href":"https:\/\/ismsancarlos.cl\/site2\/wp-json\/wp\/v2\/posts\/19000","targetHints":{"allow":["GET"]}}],"collection":[{"href":"https:\/\/ismsancarlos.cl\/site2\/wp-json\/wp\/v2\/posts"}],"about":[{"href":"https:\/\/ismsancarlos.cl\/site2\/wp-json\/wp\/v2\/types\/post"}],"author":[{"embeddable":true,"href":"https:\/\/ismsancarlos.cl\/site2\/wp-json\/wp\/v2\/users\/1"}],"replies":[{"embeddable":true,"href":"https:\/\/ismsancarlos.cl\/site2\/wp-json\/wp\/v2\/comments?post=19000"}],"version-history":[{"count":1,"href":"https:\/\/ismsancarlos.cl\/site2\/wp-json\/wp\/v2\/posts\/19000\/revisions"}],"predecessor-version":[{"id":19003,"href":"https:\/\/ismsancarlos.cl\/site2\/wp-json\/wp\/v2\/posts\/19000\/revisions\/19003"}],"wp:featuredmedia":[{"embeddable":true,"href":"https:\/\/ismsancarlos.cl\/site2\/wp-json\/wp\/v2\/media\/19002"}],"wp:attachment":[{"href":"https:\/\/ismsancarlos.cl\/site2\/wp-json\/wp\/v2\/media?parent=19000"}],"wp:term":[{"taxonomy":"category","embeddable":true,"href":"https:\/\/ismsancarlos.cl\/site2\/wp-json\/wp\/v2\/categories?post=19000"},{"taxonomy":"post_tag","embeddable":true,"href":"https:\/\/ismsancarlos.cl\/site2\/wp-json\/wp\/v2\/tags?post=19000"}],"curies":[{"name":"wp","href":"https:\/\/api.w.org\/{rel}","templated":true}]}}