{"id":15813,"date":"2025-08-19T17:37:01","date_gmt":"2025-08-19T20:37:01","guid":{"rendered":"https:\/\/ismsancarlos.cl\/site2\/?p=15813"},"modified":"2025-08-19T17:39:32","modified_gmt":"2025-08-19T20:39:32","slug":"18-de-agosto-dia-de-la-solidaridad","status":"publish","type":"post","link":"https:\/\/ismsancarlos.cl\/site2\/18-de-agosto-dia-de-la-solidaridad\/","title":{"rendered":"18 DE AGOSTO: D\u00cdA DE LA SOLIDARIDAD"},"content":{"rendered":"<p>El d\u00eda lunes 18 de agosto, estudiantes de nuestro colegio y asesores del Equipo Pastoral y Formaci\u00f3n, participaron en la Misa del D\u00eda de la Solidaridad, en la Catedral de Chill\u00e1n.<\/p>\n<p>La eucarist\u00eda, presidida por el administrador diocesano, Padre Patricio Fuentes, record\u00f3 la figura de San Alberto Hurtado, reuniendo a fieles, autoridades, colegios y voluntariados\u00a0 Siguiendo el ejemplo de San Alberto Hurtado, vivimos este mes recordando que la solidaridad es el camino para construir una sociedad m\u00e1s justa y fraterna, al igual del legado que nos ha dejado nuestra fundadora Mary Ward, quien sirvi\u00f3 a los pobres y en la conversaci\u00f3n con ellos mostr\u00f3 gran afecto, aprecio y respeto. Nunca rechaz\u00f3 ayudar si estaba dentro de sus posibilidades.<\/p>\n<p>Mary Ward movida por el amor a Dios, el servicio y la solidaridad, una de sus m\u00e1ximas aspiraciones fue: \u00abAmar a los pobres, perseverar en su amor, vivir, morir y resucitar con ellos\u00bb<\/p>\n","protected":false},"excerpt":{"rendered":"<p>El d\u00eda lunes 18 de agosto, estudiantes de nuestro colegio y asesores del Equipo Pastoral y Formaci\u00f3n, participaron en la Misa del D\u00eda de la Solidaridad, en la Catedral de Chill\u00e1n. La eucarist\u00eda, presidida por el administrador diocesano, Padre Patricio Fuentes, record\u00f3 la figura de San Alberto Hurtado, reuniendo a fieles, autoridades, colegios y voluntariados\u00a0 [&hellip;]<\/p>\n","protected":false},"author":1,"featured_media":15815,"comment_status":"closed","ping_status":"closed","sticky":false,"template":"","format":"standard","meta":{"_price":"","_stock":"","_tribe_ticket_header":"","_tribe_default_ticket_provider":"","_tribe_ticket_capacity":"0","_ticket_start_date":"","_ticket_end_date":"","_tribe_ticket_show_description":"","_tribe_ticket_show_not_going":false,"_tribe_ticket_use_global_stock":"","_tribe_ticket_global_stock_level":"","_global_stock_mode":"","_global_stock_cap":"","_tribe_rsvp_for_event":"","_tribe_ticket_going_count":"","_tribe_ticket_not_going_count":"","_tribe_tickets_list":"[]","_tribe_ticket_has_attendee_info_fields":false,"footnotes":""},"categories":[144],"tags":[],"class_list":["post-15813","post","type-post","status-publish","format-standard","has-post-thumbnail","hentry","category-noticias"],"yoast_head":"<!-- This site is optimized with the Yoast SEO plugin v25.6 - https:\/\/yoast.com\/wordpress\/plugins\/seo\/ -->\n<title>18 DE AGOSTO: D\u00cdA DE LA SOLIDARIDAD | Instituto Santa Mar\u00eda - San Carlos<\/title>\n<meta name=\"robots\" content=\"index, follow, max-snippet:-1, max-image-preview:large, max-video-preview:-1\" \/>\n<link rel=\"canonical\" href=\"https:\/\/ismsancarlos.cl\/site2\/18-de-agosto-dia-de-la-solidaridad\/\" \/>\n<meta property=\"og:locale\" content=\"es_ES\" \/>\n<meta property=\"og:type\" content=\"article\" \/>\n<meta property=\"og:title\" content=\"18 DE AGOSTO: D\u00cdA DE LA SOLIDARIDAD | Instituto Santa Mar\u00eda - San Carlos\" \/>\n<meta property=\"og:description\" content=\"El d\u00eda lunes 18 de agosto, estudiantes de nuestro colegio y asesores del Equipo Pastoral y Formaci\u00f3n, participaron en la Misa del D\u00eda de la Solidaridad, en la Catedral de Chill\u00e1n. La eucarist\u00eda, presidida por el administrador diocesano, Padre Patricio Fuentes, record\u00f3 la figura de San Alberto Hurtado, reuniendo a fieles, autoridades, colegios y voluntariados\u00a0 [&hellip;]\" \/>\n<meta property=\"og:url\" content=\"https:\/\/ismsancarlos.cl\/site2\/18-de-agosto-dia-de-la-solidaridad\/\" \/>\n<meta property=\"og:site_name\" content=\"Instituto Santa Mar\u00eda - San Carlos\" \/>\n<meta property=\"article:publisher\" content=\"https:\/\/www.facebook.com\/insamach\" \/>\n<meta property=\"article:published_time\" content=\"2025-08-19T20:37:01+00:00\" \/>\n<meta property=\"article:modified_time\" content=\"2025-08-19T20:39:32+00:00\" \/>\n<meta property=\"og:image\" content=\"https:\/\/ismsancarlos.cl\/site2\/wp-content\/uploads\/2025\/08\/PHOTO-2025-08-18-12-39-30-5.jpg\" \/>\n\t<meta property=\"og:image:width\" content=\"1600\" \/>\n\t<meta property=\"og:image:height\" content=\"738\" \/>\n\t<meta property=\"og:image:type\" content=\"image\/jpeg\" \/>\n<meta name=\"author\" content=\"admin\" \/>\n<meta name=\"twitter:card\" content=\"summary_large_image\" \/>\n<meta name=\"twitter:label1\" content=\"Escrito por\" \/>\n\t<meta name=\"twitter:data1\" content=\"admin\" \/>\n\t<meta name=\"twitter:label2\" content=\"Tiempo de lectura\" \/>\n\t<meta name=\"twitter:data2\" content=\"1 minuto\" \/>\n<script type=\"application\/ld+json\" class=\"yoast-schema-graph\">{\"@context\":\"https:\/\/schema.org\",\"@graph\":[{\"@type\":\"Article\",\"@id\":\"https:\/\/ismsancarlos.cl\/site2\/18-de-agosto-dia-de-la-solidaridad\/#article\",\"isPartOf\":{\"@id\":\"https:\/\/ismsancarlos.cl\/site2\/18-de-agosto-dia-de-la-solidaridad\/\"},\"author\":{\"name\":\"admin\",\"@id\":\"https:\/\/ismsancarlos.cl\/site2\/#\/schema\/person\/6a23bdafb47e2c2a488fc70a8235ea7e\"},\"headline\":\"18 DE AGOSTO: D\u00cdA DE LA SOLIDARIDAD\",\"datePublished\":\"2025-08-19T20:37:01+00:00\",\"dateModified\":\"2025-08-19T20:39:32+00:00\",\"mainEntityOfPage\":{\"@id\":\"https:\/\/ismsancarlos.cl\/site2\/18-de-agosto-dia-de-la-solidaridad\/\"},\"wordCount\":165,\"publisher\":{\"@id\":\"https:\/\/ismsancarlos.cl\/site2\/#organization\"},\"image\":{\"@id\":\"https:\/\/ismsancarlos.cl\/site2\/18-de-agosto-dia-de-la-solidaridad\/#primaryimage\"},\"thumbnailUrl\":\"https:\/\/ismsancarlos.cl\/site2\/wp-content\/uploads\/2025\/08\/PHOTO-2025-08-18-12-39-30-5.jpg\",\"articleSection\":[\"Noticias\"],\"inLanguage\":\"es\"},{\"@type\":\"WebPage\",\"@id\":\"https:\/\/ismsancarlos.cl\/site2\/18-de-agosto-dia-de-la-solidaridad\/\",\"url\":\"https:\/\/ismsancarlos.cl\/site2\/18-de-agosto-dia-de-la-solidaridad\/\",\"name\":\"18 DE AGOSTO: D\u00cdA DE LA SOLIDARIDAD | Instituto Santa Mar\u00eda - San Carlos\",\"isPartOf\":{\"@id\":\"https:\/\/ismsancarlos.cl\/site2\/#website\"},\"primaryImageOfPage\":{\"@id\":\"https:\/\/ismsancarlos.cl\/site2\/18-de-agosto-dia-de-la-solidaridad\/#primaryimage\"},\"image\":{\"@id\":\"https:\/\/ismsancarlos.cl\/site2\/18-de-agosto-dia-de-la-solidaridad\/#primaryimage\"},\"thumbnailUrl\":\"https:\/\/ismsancarlos.cl\/site2\/wp-content\/uploads\/2025\/08\/PHOTO-2025-08-18-12-39-30-5.jpg\",\"datePublished\":\"2025-08-19T20:37:01+00:00\",\"dateModified\":\"2025-08-19T20:39:32+00:00\",\"breadcrumb\":{\"@id\":\"https:\/\/ismsancarlos.cl\/site2\/18-de-agosto-dia-de-la-solidaridad\/#breadcrumb\"},\"inLanguage\":\"es\",\"potentialAction\":[{\"@type\":\"ReadAction\",\"target\":[\"https:\/\/ismsancarlos.cl\/site2\/18-de-agosto-dia-de-la-solidaridad\/\"]}]},{\"@type\":\"ImageObject\",\"inLanguage\":\"es\",\"@id\":\"https:\/\/ismsancarlos.cl\/site2\/18-de-agosto-dia-de-la-solidaridad\/#primaryimage\",\"url\":\"https:\/\/ismsancarlos.cl\/site2\/wp-content\/uploads\/2025\/08\/PHOTO-2025-08-18-12-39-30-5.jpg\",\"contentUrl\":\"https:\/\/ismsancarlos.cl\/site2\/wp-content\/uploads\/2025\/08\/PHOTO-2025-08-18-12-39-30-5.jpg\",\"width\":1600,\"height\":738},{\"@type\":\"BreadcrumbList\",\"@id\":\"https:\/\/ismsancarlos.cl\/site2\/18-de-agosto-dia-de-la-solidaridad\/#breadcrumb\",\"itemListElement\":[{\"@type\":\"ListItem\",\"position\":1,\"name\":\"Portada\",\"item\":\"https:\/\/ismsancarlos.cl\/site2\/\"},{\"@type\":\"ListItem\",\"position\":2,\"name\":\"18 DE AGOSTO: D\u00cdA DE LA SOLIDARIDAD\"}]},{\"@type\":\"WebSite\",\"@id\":\"https:\/\/ismsancarlos.cl\/site2\/#website\",\"url\":\"https:\/\/ismsancarlos.cl\/site2\/\",\"name\":\"Instituto Santa Mar\u00eda - San Carlos\",\"description\":\"&quot;Aprender m\u00e1s para servir mejor&quot;\",\"publisher\":{\"@id\":\"https:\/\/ismsancarlos.cl\/site2\/#organization\"},\"potentialAction\":[{\"@type\":\"SearchAction\",\"target\":{\"@type\":\"EntryPoint\",\"urlTemplate\":\"https:\/\/ismsancarlos.cl\/site2\/?s={search_term_string}\"},\"query-input\":{\"@type\":\"PropertyValueSpecification\",\"valueRequired\":true,\"valueName\":\"search_term_string\"}}],\"inLanguage\":\"es\"},{\"@type\":\"Organization\",\"@id\":\"https:\/\/ismsancarlos.cl\/site2\/#organization\",\"name\":\"Instituto Santa Mar\u00eda Chill\u00e1n\",\"url\":\"https:\/\/ismsancarlos.cl\/site2\/\",\"logo\":{\"@type\":\"ImageObject\",\"inLanguage\":\"es\",\"@id\":\"https:\/\/ismsancarlos.cl\/site2\/#\/schema\/logo\/image\/\",\"url\":\"https:\/\/ismchillan.cl\/site\/wp-content\/uploads\/2021\/02\/logo-ISM-Chillan.png\",\"contentUrl\":\"https:\/\/ismchillan.cl\/site\/wp-content\/uploads\/2021\/02\/logo-ISM-Chillan.png\",\"width\":746,\"height\":228,\"caption\":\"Instituto Santa Mar\u00eda Chill\u00e1n\"},\"image\":{\"@id\":\"https:\/\/ismsancarlos.cl\/site2\/#\/schema\/logo\/image\/\"},\"sameAs\":[\"https:\/\/www.facebook.com\/insamach\",\"https:\/\/www.instagram.com\/ism_chillan\/?hl=es-la\",\"https:\/\/www.youtube.com\/channel\/UCU8IW1d8akOJJTePPCCMjjA\"]},{\"@type\":\"Person\",\"@id\":\"https:\/\/ismsancarlos.cl\/site2\/#\/schema\/person\/6a23bdafb47e2c2a488fc70a8235ea7e\",\"name\":\"admin\",\"image\":{\"@type\":\"ImageObject\",\"inLanguage\":\"es\",\"@id\":\"https:\/\/ismsancarlos.cl\/site2\/#\/schema\/person\/image\/\",\"url\":\"https:\/\/secure.gravatar.com\/avatar\/8ac7f29e194fb7442e8e75b6f1c9477abd0dacb32722a8cb6ad498b642eb5d0b?s=96&d=mm&r=g\",\"contentUrl\":\"https:\/\/secure.gravatar.com\/avatar\/8ac7f29e194fb7442e8e75b6f1c9477abd0dacb32722a8cb6ad498b642eb5d0b?s=96&d=mm&r=g\",\"caption\":\"admin\"},\"sameAs\":[\"https:\/\/ismchillan.cl\/site\"]}]}<\/script>\n<!-- \/ Yoast SEO plugin. -->","yoast_head_json":{"title":"18 DE AGOSTO: D\u00cdA DE LA SOLIDARIDAD | Instituto Santa Mar\u00eda - San Carlos","robots":{"index":"index","follow":"follow","max-snippet":"max-snippet:-1","max-image-preview":"max-image-preview:large","max-video-preview":"max-video-preview:-1"},"canonical":"https:\/\/ismsancarlos.cl\/site2\/18-de-agosto-dia-de-la-solidaridad\/","og_locale":"es_ES","og_type":"article","og_title":"18 DE AGOSTO: D\u00cdA DE LA SOLIDARIDAD | Instituto Santa Mar\u00eda - San Carlos","og_description":"El d\u00eda lunes 18 de agosto, estudiantes de nuestro colegio y asesores del Equipo Pastoral y Formaci\u00f3n, participaron en la Misa del D\u00eda de la Solidaridad, en la Catedral de Chill\u00e1n. La eucarist\u00eda, presidida por el administrador diocesano, Padre Patricio Fuentes, record\u00f3 la figura de San Alberto Hurtado, reuniendo a fieles, autoridades, colegios y voluntariados\u00a0 [&hellip;]","og_url":"https:\/\/ismsancarlos.cl\/site2\/18-de-agosto-dia-de-la-solidaridad\/","og_site_name":"Instituto Santa Mar\u00eda - San Carlos","article_publisher":"https:\/\/www.facebook.com\/insamach","article_published_time":"2025-08-19T20:37:01+00:00","article_modified_time":"2025-08-19T20:39:32+00:00","og_image":[{"width":1600,"height":738,"url":"https:\/\/ismsancarlos.cl\/site2\/wp-content\/uploads\/2025\/08\/PHOTO-2025-08-18-12-39-30-5.jpg","type":"image\/jpeg"}],"author":"admin","twitter_card":"summary_large_image","twitter_misc":{"Escrito por":"admin","Tiempo de lectura":"1 minuto"},"schema":{"@context":"https:\/\/schema.org","@graph":[{"@type":"Article","@id":"https:\/\/ismsancarlos.cl\/site2\/18-de-agosto-dia-de-la-solidaridad\/#article","isPartOf":{"@id":"https:\/\/ismsancarlos.cl\/site2\/18-de-agosto-dia-de-la-solidaridad\/"},"author":{"name":"admin","@id":"https:\/\/ismsancarlos.cl\/site2\/#\/schema\/person\/6a23bdafb47e2c2a488fc70a8235ea7e"},"headline":"18 DE AGOSTO: D\u00cdA DE LA SOLIDARIDAD","datePublished":"2025-08-19T20:37:01+00:00","dateModified":"2025-08-19T20:39:32+00:00","mainEntityOfPage":{"@id":"https:\/\/ismsancarlos.cl\/site2\/18-de-agosto-dia-de-la-solidaridad\/"},"wordCount":165,"publisher":{"@id":"https:\/\/ismsancarlos.cl\/site2\/#organization"},"image":{"@id":"https:\/\/ismsancarlos.cl\/site2\/18-de-agosto-dia-de-la-solidaridad\/#primaryimage"},"thumbnailUrl":"https:\/\/ismsancarlos.cl\/site2\/wp-content\/uploads\/2025\/08\/PHOTO-2025-08-18-12-39-30-5.jpg","articleSection":["Noticias"],"inLanguage":"es"},{"@type":"WebPage","@id":"https:\/\/ismsancarlos.cl\/site2\/18-de-agosto-dia-de-la-solidaridad\/","url":"https:\/\/ismsancarlos.cl\/site2\/18-de-agosto-dia-de-la-solidaridad\/","name":"18 DE AGOSTO: D\u00cdA DE LA SOLIDARIDAD | Instituto Santa Mar\u00eda - San Carlos","isPartOf":{"@id":"https:\/\/ismsancarlos.cl\/site2\/#website"},"primaryImageOfPage":{"@id":"https:\/\/ismsancarlos.cl\/site2\/18-de-agosto-dia-de-la-solidaridad\/#primaryimage"},"image":{"@id":"https:\/\/ismsancarlos.cl\/site2\/18-de-agosto-dia-de-la-solidaridad\/#primaryimage"},"thumbnailUrl":"https:\/\/ismsancarlos.cl\/site2\/wp-content\/uploads\/2025\/08\/PHOTO-2025-08-18-12-39-30-5.jpg","datePublished":"2025-08-19T20:37:01+00:00","dateModified":"2025-08-19T20:39:32+00:00","breadcrumb":{"@id":"https:\/\/ismsancarlos.cl\/site2\/18-de-agosto-dia-de-la-solidaridad\/#breadcrumb"},"inLanguage":"es","potentialAction":[{"@type":"ReadAction","target":["https:\/\/ismsancarlos.cl\/site2\/18-de-agosto-dia-de-la-solidaridad\/"]}]},{"@type":"ImageObject","inLanguage":"es","@id":"https:\/\/ismsancarlos.cl\/site2\/18-de-agosto-dia-de-la-solidaridad\/#primaryimage","url":"https:\/\/ismsancarlos.cl\/site2\/wp-content\/uploads\/2025\/08\/PHOTO-2025-08-18-12-39-30-5.jpg","contentUrl":"https:\/\/ismsancarlos.cl\/site2\/wp-content\/uploads\/2025\/08\/PHOTO-2025-08-18-12-39-30-5.jpg","width":1600,"height":738},{"@type":"BreadcrumbList","@id":"https:\/\/ismsancarlos.cl\/site2\/18-de-agosto-dia-de-la-solidaridad\/#breadcrumb","itemListElement":[{"@type":"ListItem","position":1,"name":"Portada","item":"https:\/\/ismsancarlos.cl\/site2\/"},{"@type":"ListItem","position":2,"name":"18 DE AGOSTO: D\u00cdA DE LA SOLIDARIDAD"}]},{"@type":"WebSite","@id":"https:\/\/ismsancarlos.cl\/site2\/#website","url":"https:\/\/ismsancarlos.cl\/site2\/","name":"Instituto Santa Mar\u00eda - San Carlos","description":"&quot;Aprender m\u00e1s para servir mejor&quot;","publisher":{"@id":"https:\/\/ismsancarlos.cl\/site2\/#organization"},"potentialAction":[{"@type":"SearchAction","target":{"@type":"EntryPoint","urlTemplate":"https:\/\/ismsancarlos.cl\/site2\/?s={search_term_string}"},"query-input":{"@type":"PropertyValueSpecification","valueRequired":true,"valueName":"search_term_string"}}],"inLanguage":"es"},{"@type":"Organization","@id":"https:\/\/ismsancarlos.cl\/site2\/#organization","name":"Instituto Santa Mar\u00eda Chill\u00e1n","url":"https:\/\/ismsancarlos.cl\/site2\/","logo":{"@type":"ImageObject","inLanguage":"es","@id":"https:\/\/ismsancarlos.cl\/site2\/#\/schema\/logo\/image\/","url":"https:\/\/ismchillan.cl\/site\/wp-content\/uploads\/2021\/02\/logo-ISM-Chillan.png","contentUrl":"https:\/\/ismchillan.cl\/site\/wp-content\/uploads\/2021\/02\/logo-ISM-Chillan.png","width":746,"height":228,"caption":"Instituto Santa Mar\u00eda Chill\u00e1n"},"image":{"@id":"https:\/\/ismsancarlos.cl\/site2\/#\/schema\/logo\/image\/"},"sameAs":["https:\/\/www.facebook.com\/insamach","https:\/\/www.instagram.com\/ism_chillan\/?hl=es-la","https:\/\/www.youtube.com\/channel\/UCU8IW1d8akOJJTePPCCMjjA"]},{"@type":"Person","@id":"https:\/\/ismsancarlos.cl\/site2\/#\/schema\/person\/6a23bdafb47e2c2a488fc70a8235ea7e","name":"admin","image":{"@type":"ImageObject","inLanguage":"es","@id":"https:\/\/ismsancarlos.cl\/site2\/#\/schema\/person\/image\/","url":"https:\/\/secure.gravatar.com\/avatar\/8ac7f29e194fb7442e8e75b6f1c9477abd0dacb32722a8cb6ad498b642eb5d0b?s=96&d=mm&r=g","contentUrl":"https:\/\/secure.gravatar.com\/avatar\/8ac7f29e194fb7442e8e75b6f1c9477abd0dacb32722a8cb6ad498b642eb5d0b?s=96&d=mm&r=g","caption":"admin"},"sameAs":["https:\/\/ismchillan.cl\/site"]}]}},"_links":{"self":[{"href":"https:\/\/ismsancarlos.cl\/site2\/wp-json\/wp\/v2\/posts\/15813","targetHints":{"allow":["GET"]}}],"collection":[{"href":"https:\/\/ismsancarlos.cl\/site2\/wp-json\/wp\/v2\/posts"}],"about":[{"href":"https:\/\/ismsancarlos.cl\/site2\/wp-json\/wp\/v2\/types\/post"}],"author":[{"embeddable":true,"href":"https:\/\/ismsancarlos.cl\/site2\/wp-json\/wp\/v2\/users\/1"}],"replies":[{"embeddable":true,"href":"https:\/\/ismsancarlos.cl\/site2\/wp-json\/wp\/v2\/comments?post=15813"}],"version-history":[{"count":2,"href":"https:\/\/ismsancarlos.cl\/site2\/wp-json\/wp\/v2\/posts\/15813\/revisions"}],"predecessor-version":[{"id":15818,"href":"https:\/\/ismsancarlos.cl\/site2\/wp-json\/wp\/v2\/posts\/15813\/revisions\/15818"}],"wp:featuredmedia":[{"embeddable":true,"href":"https:\/\/ismsancarlos.cl\/site2\/wp-json\/wp\/v2\/media\/15815"}],"wp:attachment":[{"href":"https:\/\/ismsancarlos.cl\/site2\/wp-json\/wp\/v2\/media?parent=15813"}],"wp:term":[{"taxonomy":"category","embeddable":true,"href":"https:\/\/ismsancarlos.cl\/site2\/wp-json\/wp\/v2\/categories?post=15813"},{"taxonomy":"post_tag","embeddable":true,"href":"https:\/\/ismsancarlos.cl\/site2\/wp-json\/wp\/v2\/tags?post=15813"}],"curies":[{"name":"wp","href":"https:\/\/api.w.org\/{rel}","templated":true}]}}