{"id":15790,"date":"2025-08-06T15:44:14","date_gmt":"2025-08-06T18:44:14","guid":{"rendered":"https:\/\/ismsancarlos.cl\/site2\/?p=15790"},"modified":"2025-08-06T15:49:18","modified_gmt":"2025-08-06T18:49:18","slug":"estudiantes-del-colegio-son-premiados-en-competencia-de-matematica-organizada-por-la-ufro","status":"publish","type":"post","link":"https:\/\/ismsancarlos.cl\/site2\/estudiantes-del-colegio-son-premiados-en-competencia-de-matematica-organizada-por-la-ufro\/","title":{"rendered":"Estudiantes del colegio son premiados en competencia de matem\u00e1tica organizada por la UFRO"},"content":{"rendered":"<p>&nbsp;<\/p>\n<p data-start=\"168\" data-end=\"492\">Con gran orgullo felicitamos a nuestros estudiantes Alonso Valenzuela, de III Medio A, y Anderson Patiarroyo, de 6\u00ba B\u00e1sico B, quienes fueron reconocidos por su destacada participaci\u00f3n en la Competencia de Matem\u00e1tica organizada por la Universidad de La Frontera (UFRO), realizada el martes 5 de agosto en la ciudad de Temuco. En esta importante instancia, Alonso Valenzuela obtuvo medalla de bronce en su categor\u00eda, mientras que Anderson Patiarroyo logr\u00f3 un desempe\u00f1o sobresaliente al obtener la medalla de oro con puntaje perfecto.<\/p>\n<p data-start=\"702\" data-end=\"914\">Este reconocimiento no solo destaca su talento en el \u00e1rea de las matem\u00e1ticas, sino tambi\u00e9n su esfuerzo y dedicaci\u00f3n. \u00a1Felicitaciones a ambos por este gran logro que enorgullece a toda nuestra comunidad educativa!<\/p>\n<p>&nbsp;<\/p>\n","protected":false},"excerpt":{"rendered":"<p>&nbsp; Con gran orgullo felicitamos a nuestros estudiantes Alonso Valenzuela, de III Medio A, y Anderson Patiarroyo, de 6\u00ba B\u00e1sico B, quienes fueron reconocidos por su destacada participaci\u00f3n en la Competencia de Matem\u00e1tica organizada por la Universidad de La Frontera (UFRO), realizada el martes 5 de agosto en la ciudad de Temuco. En esta importante [&hellip;]<\/p>\n","protected":false},"author":1,"featured_media":15792,"comment_status":"closed","ping_status":"closed","sticky":false,"template":"","format":"standard","meta":{"_price":"","_stock":"","_tribe_ticket_header":"","_tribe_default_ticket_provider":"","_tribe_ticket_capacity":"0","_ticket_start_date":"","_ticket_end_date":"","_tribe_ticket_show_description":"","_tribe_ticket_show_not_going":false,"_tribe_ticket_use_global_stock":"","_tribe_ticket_global_stock_level":"","_global_stock_mode":"","_global_stock_cap":"","_tribe_rsvp_for_event":"","_tribe_ticket_going_count":"","_tribe_ticket_not_going_count":"","_tribe_tickets_list":"[]","_tribe_ticket_has_attendee_info_fields":false,"footnotes":""},"categories":[144],"tags":[],"class_list":["post-15790","post","type-post","status-publish","format-standard","has-post-thumbnail","hentry","category-noticias"],"yoast_head":"<!-- This site is optimized with the Yoast SEO plugin v25.6 - https:\/\/yoast.com\/wordpress\/plugins\/seo\/ -->\n<title>Estudiantes del colegio son premiados en competencia de matem\u00e1tica organizada por la UFRO | Instituto Santa Mar\u00eda - San Carlos<\/title>\n<meta name=\"robots\" content=\"index, follow, max-snippet:-1, max-image-preview:large, max-video-preview:-1\" \/>\n<link rel=\"canonical\" href=\"https:\/\/ismsancarlos.cl\/site2\/estudiantes-del-colegio-son-premiados-en-competencia-de-matematica-organizada-por-la-ufro\/\" \/>\n<meta property=\"og:locale\" content=\"es_ES\" \/>\n<meta property=\"og:type\" content=\"article\" \/>\n<meta property=\"og:title\" content=\"Estudiantes del colegio son premiados en competencia de matem\u00e1tica organizada por la UFRO | Instituto Santa Mar\u00eda - San Carlos\" \/>\n<meta property=\"og:description\" content=\"&nbsp; Con gran orgullo felicitamos a nuestros estudiantes Alonso Valenzuela, de III Medio A, y Anderson Patiarroyo, de 6\u00ba B\u00e1sico B, quienes fueron reconocidos por su destacada participaci\u00f3n en la Competencia de Matem\u00e1tica organizada por la Universidad de La Frontera (UFRO), realizada el martes 5 de agosto en la ciudad de Temuco. En esta importante [&hellip;]\" \/>\n<meta property=\"og:url\" content=\"https:\/\/ismsancarlos.cl\/site2\/estudiantes-del-colegio-son-premiados-en-competencia-de-matematica-organizada-por-la-ufro\/\" \/>\n<meta property=\"og:site_name\" content=\"Instituto Santa Mar\u00eda - San Carlos\" \/>\n<meta property=\"article:publisher\" content=\"https:\/\/www.facebook.com\/insamach\" \/>\n<meta property=\"article:published_time\" content=\"2025-08-06T18:44:14+00:00\" \/>\n<meta property=\"article:modified_time\" content=\"2025-08-06T18:49:18+00:00\" \/>\n<meta property=\"og:image\" content=\"https:\/\/ismsancarlos.cl\/site2\/wp-content\/uploads\/2025\/08\/PHOTO-2025-08-06-11-08-05-scaled.jpg\" \/>\n\t<meta property=\"og:image:width\" content=\"1182\" \/>\n\t<meta property=\"og:image:height\" content=\"2560\" \/>\n\t<meta property=\"og:image:type\" content=\"image\/jpeg\" \/>\n<meta name=\"author\" content=\"admin\" \/>\n<meta name=\"twitter:card\" content=\"summary_large_image\" \/>\n<meta name=\"twitter:label1\" content=\"Escrito por\" \/>\n\t<meta name=\"twitter:data1\" content=\"admin\" \/>\n\t<meta name=\"twitter:label2\" content=\"Tiempo de lectura\" \/>\n\t<meta name=\"twitter:data2\" content=\"1 minuto\" \/>\n<script type=\"application\/ld+json\" class=\"yoast-schema-graph\">{\"@context\":\"https:\/\/schema.org\",\"@graph\":[{\"@type\":\"Article\",\"@id\":\"https:\/\/ismsancarlos.cl\/site2\/estudiantes-del-colegio-son-premiados-en-competencia-de-matematica-organizada-por-la-ufro\/#article\",\"isPartOf\":{\"@id\":\"https:\/\/ismsancarlos.cl\/site2\/estudiantes-del-colegio-son-premiados-en-competencia-de-matematica-organizada-por-la-ufro\/\"},\"author\":{\"name\":\"admin\",\"@id\":\"https:\/\/ismsancarlos.cl\/site2\/#\/schema\/person\/6a23bdafb47e2c2a488fc70a8235ea7e\"},\"headline\":\"Estudiantes del colegio son premiados en competencia de matem\u00e1tica organizada por la UFRO\",\"datePublished\":\"2025-08-06T18:44:14+00:00\",\"dateModified\":\"2025-08-06T18:49:18+00:00\",\"mainEntityOfPage\":{\"@id\":\"https:\/\/ismsancarlos.cl\/site2\/estudiantes-del-colegio-son-premiados-en-competencia-de-matematica-organizada-por-la-ufro\/\"},\"wordCount\":136,\"publisher\":{\"@id\":\"https:\/\/ismsancarlos.cl\/site2\/#organization\"},\"image\":{\"@id\":\"https:\/\/ismsancarlos.cl\/site2\/estudiantes-del-colegio-son-premiados-en-competencia-de-matematica-organizada-por-la-ufro\/#primaryimage\"},\"thumbnailUrl\":\"https:\/\/ismsancarlos.cl\/site2\/wp-content\/uploads\/2025\/08\/PHOTO-2025-08-06-11-08-05-scaled.jpg\",\"articleSection\":[\"Noticias\"],\"inLanguage\":\"es\"},{\"@type\":\"WebPage\",\"@id\":\"https:\/\/ismsancarlos.cl\/site2\/estudiantes-del-colegio-son-premiados-en-competencia-de-matematica-organizada-por-la-ufro\/\",\"url\":\"https:\/\/ismsancarlos.cl\/site2\/estudiantes-del-colegio-son-premiados-en-competencia-de-matematica-organizada-por-la-ufro\/\",\"name\":\"Estudiantes del colegio son premiados en competencia de matem\u00e1tica organizada por la UFRO | Instituto Santa Mar\u00eda - San Carlos\",\"isPartOf\":{\"@id\":\"https:\/\/ismsancarlos.cl\/site2\/#website\"},\"primaryImageOfPage\":{\"@id\":\"https:\/\/ismsancarlos.cl\/site2\/estudiantes-del-colegio-son-premiados-en-competencia-de-matematica-organizada-por-la-ufro\/#primaryimage\"},\"image\":{\"@id\":\"https:\/\/ismsancarlos.cl\/site2\/estudiantes-del-colegio-son-premiados-en-competencia-de-matematica-organizada-por-la-ufro\/#primaryimage\"},\"thumbnailUrl\":\"https:\/\/ismsancarlos.cl\/site2\/wp-content\/uploads\/2025\/08\/PHOTO-2025-08-06-11-08-05-scaled.jpg\",\"datePublished\":\"2025-08-06T18:44:14+00:00\",\"dateModified\":\"2025-08-06T18:49:18+00:00\",\"breadcrumb\":{\"@id\":\"https:\/\/ismsancarlos.cl\/site2\/estudiantes-del-colegio-son-premiados-en-competencia-de-matematica-organizada-por-la-ufro\/#breadcrumb\"},\"inLanguage\":\"es\",\"potentialAction\":[{\"@type\":\"ReadAction\",\"target\":[\"https:\/\/ismsancarlos.cl\/site2\/estudiantes-del-colegio-son-premiados-en-competencia-de-matematica-organizada-por-la-ufro\/\"]}]},{\"@type\":\"ImageObject\",\"inLanguage\":\"es\",\"@id\":\"https:\/\/ismsancarlos.cl\/site2\/estudiantes-del-colegio-son-premiados-en-competencia-de-matematica-organizada-por-la-ufro\/#primaryimage\",\"url\":\"https:\/\/ismsancarlos.cl\/site2\/wp-content\/uploads\/2025\/08\/PHOTO-2025-08-06-11-08-05-scaled.jpg\",\"contentUrl\":\"https:\/\/ismsancarlos.cl\/site2\/wp-content\/uploads\/2025\/08\/PHOTO-2025-08-06-11-08-05-scaled.jpg\",\"width\":1182,\"height\":2560},{\"@type\":\"BreadcrumbList\",\"@id\":\"https:\/\/ismsancarlos.cl\/site2\/estudiantes-del-colegio-son-premiados-en-competencia-de-matematica-organizada-por-la-ufro\/#breadcrumb\",\"itemListElement\":[{\"@type\":\"ListItem\",\"position\":1,\"name\":\"Portada\",\"item\":\"https:\/\/ismsancarlos.cl\/site2\/\"},{\"@type\":\"ListItem\",\"position\":2,\"name\":\"Estudiantes del colegio son premiados en competencia de matem\u00e1tica organizada por la UFRO\"}]},{\"@type\":\"WebSite\",\"@id\":\"https:\/\/ismsancarlos.cl\/site2\/#website\",\"url\":\"https:\/\/ismsancarlos.cl\/site2\/\",\"name\":\"Instituto Santa Mar\u00eda - San Carlos\",\"description\":\"&quot;Aprender m\u00e1s para servir mejor&quot;\",\"publisher\":{\"@id\":\"https:\/\/ismsancarlos.cl\/site2\/#organization\"},\"potentialAction\":[{\"@type\":\"SearchAction\",\"target\":{\"@type\":\"EntryPoint\",\"urlTemplate\":\"https:\/\/ismsancarlos.cl\/site2\/?s={search_term_string}\"},\"query-input\":{\"@type\":\"PropertyValueSpecification\",\"valueRequired\":true,\"valueName\":\"search_term_string\"}}],\"inLanguage\":\"es\"},{\"@type\":\"Organization\",\"@id\":\"https:\/\/ismsancarlos.cl\/site2\/#organization\",\"name\":\"Instituto Santa Mar\u00eda Chill\u00e1n\",\"url\":\"https:\/\/ismsancarlos.cl\/site2\/\",\"logo\":{\"@type\":\"ImageObject\",\"inLanguage\":\"es\",\"@id\":\"https:\/\/ismsancarlos.cl\/site2\/#\/schema\/logo\/image\/\",\"url\":\"https:\/\/ismchillan.cl\/site\/wp-content\/uploads\/2021\/02\/logo-ISM-Chillan.png\",\"contentUrl\":\"https:\/\/ismchillan.cl\/site\/wp-content\/uploads\/2021\/02\/logo-ISM-Chillan.png\",\"width\":746,\"height\":228,\"caption\":\"Instituto Santa Mar\u00eda Chill\u00e1n\"},\"image\":{\"@id\":\"https:\/\/ismsancarlos.cl\/site2\/#\/schema\/logo\/image\/\"},\"sameAs\":[\"https:\/\/www.facebook.com\/insamach\",\"https:\/\/www.instagram.com\/ism_chillan\/?hl=es-la\",\"https:\/\/www.youtube.com\/channel\/UCU8IW1d8akOJJTePPCCMjjA\"]},{\"@type\":\"Person\",\"@id\":\"https:\/\/ismsancarlos.cl\/site2\/#\/schema\/person\/6a23bdafb47e2c2a488fc70a8235ea7e\",\"name\":\"admin\",\"image\":{\"@type\":\"ImageObject\",\"inLanguage\":\"es\",\"@id\":\"https:\/\/ismsancarlos.cl\/site2\/#\/schema\/person\/image\/\",\"url\":\"https:\/\/secure.gravatar.com\/avatar\/8ac7f29e194fb7442e8e75b6f1c9477abd0dacb32722a8cb6ad498b642eb5d0b?s=96&d=mm&r=g\",\"contentUrl\":\"https:\/\/secure.gravatar.com\/avatar\/8ac7f29e194fb7442e8e75b6f1c9477abd0dacb32722a8cb6ad498b642eb5d0b?s=96&d=mm&r=g\",\"caption\":\"admin\"},\"sameAs\":[\"https:\/\/ismchillan.cl\/site\"]}]}<\/script>\n<!-- \/ Yoast SEO plugin. -->","yoast_head_json":{"title":"Estudiantes del colegio son premiados en competencia de matem\u00e1tica organizada por la UFRO | Instituto Santa Mar\u00eda - San Carlos","robots":{"index":"index","follow":"follow","max-snippet":"max-snippet:-1","max-image-preview":"max-image-preview:large","max-video-preview":"max-video-preview:-1"},"canonical":"https:\/\/ismsancarlos.cl\/site2\/estudiantes-del-colegio-son-premiados-en-competencia-de-matematica-organizada-por-la-ufro\/","og_locale":"es_ES","og_type":"article","og_title":"Estudiantes del colegio son premiados en competencia de matem\u00e1tica organizada por la UFRO | Instituto Santa Mar\u00eda - San Carlos","og_description":"&nbsp; Con gran orgullo felicitamos a nuestros estudiantes Alonso Valenzuela, de III Medio A, y Anderson Patiarroyo, de 6\u00ba B\u00e1sico B, quienes fueron reconocidos por su destacada participaci\u00f3n en la Competencia de Matem\u00e1tica organizada por la Universidad de La Frontera (UFRO), realizada el martes 5 de agosto en la ciudad de Temuco. En esta importante [&hellip;]","og_url":"https:\/\/ismsancarlos.cl\/site2\/estudiantes-del-colegio-son-premiados-en-competencia-de-matematica-organizada-por-la-ufro\/","og_site_name":"Instituto Santa Mar\u00eda - San Carlos","article_publisher":"https:\/\/www.facebook.com\/insamach","article_published_time":"2025-08-06T18:44:14+00:00","article_modified_time":"2025-08-06T18:49:18+00:00","og_image":[{"width":1182,"height":2560,"url":"https:\/\/ismsancarlos.cl\/site2\/wp-content\/uploads\/2025\/08\/PHOTO-2025-08-06-11-08-05-scaled.jpg","type":"image\/jpeg"}],"author":"admin","twitter_card":"summary_large_image","twitter_misc":{"Escrito por":"admin","Tiempo de lectura":"1 minuto"},"schema":{"@context":"https:\/\/schema.org","@graph":[{"@type":"Article","@id":"https:\/\/ismsancarlos.cl\/site2\/estudiantes-del-colegio-son-premiados-en-competencia-de-matematica-organizada-por-la-ufro\/#article","isPartOf":{"@id":"https:\/\/ismsancarlos.cl\/site2\/estudiantes-del-colegio-son-premiados-en-competencia-de-matematica-organizada-por-la-ufro\/"},"author":{"name":"admin","@id":"https:\/\/ismsancarlos.cl\/site2\/#\/schema\/person\/6a23bdafb47e2c2a488fc70a8235ea7e"},"headline":"Estudiantes del colegio son premiados en competencia de matem\u00e1tica organizada por la UFRO","datePublished":"2025-08-06T18:44:14+00:00","dateModified":"2025-08-06T18:49:18+00:00","mainEntityOfPage":{"@id":"https:\/\/ismsancarlos.cl\/site2\/estudiantes-del-colegio-son-premiados-en-competencia-de-matematica-organizada-por-la-ufro\/"},"wordCount":136,"publisher":{"@id":"https:\/\/ismsancarlos.cl\/site2\/#organization"},"image":{"@id":"https:\/\/ismsancarlos.cl\/site2\/estudiantes-del-colegio-son-premiados-en-competencia-de-matematica-organizada-por-la-ufro\/#primaryimage"},"thumbnailUrl":"https:\/\/ismsancarlos.cl\/site2\/wp-content\/uploads\/2025\/08\/PHOTO-2025-08-06-11-08-05-scaled.jpg","articleSection":["Noticias"],"inLanguage":"es"},{"@type":"WebPage","@id":"https:\/\/ismsancarlos.cl\/site2\/estudiantes-del-colegio-son-premiados-en-competencia-de-matematica-organizada-por-la-ufro\/","url":"https:\/\/ismsancarlos.cl\/site2\/estudiantes-del-colegio-son-premiados-en-competencia-de-matematica-organizada-por-la-ufro\/","name":"Estudiantes del colegio son premiados en competencia de matem\u00e1tica organizada por la UFRO | Instituto Santa Mar\u00eda - San Carlos","isPartOf":{"@id":"https:\/\/ismsancarlos.cl\/site2\/#website"},"primaryImageOfPage":{"@id":"https:\/\/ismsancarlos.cl\/site2\/estudiantes-del-colegio-son-premiados-en-competencia-de-matematica-organizada-por-la-ufro\/#primaryimage"},"image":{"@id":"https:\/\/ismsancarlos.cl\/site2\/estudiantes-del-colegio-son-premiados-en-competencia-de-matematica-organizada-por-la-ufro\/#primaryimage"},"thumbnailUrl":"https:\/\/ismsancarlos.cl\/site2\/wp-content\/uploads\/2025\/08\/PHOTO-2025-08-06-11-08-05-scaled.jpg","datePublished":"2025-08-06T18:44:14+00:00","dateModified":"2025-08-06T18:49:18+00:00","breadcrumb":{"@id":"https:\/\/ismsancarlos.cl\/site2\/estudiantes-del-colegio-son-premiados-en-competencia-de-matematica-organizada-por-la-ufro\/#breadcrumb"},"inLanguage":"es","potentialAction":[{"@type":"ReadAction","target":["https:\/\/ismsancarlos.cl\/site2\/estudiantes-del-colegio-son-premiados-en-competencia-de-matematica-organizada-por-la-ufro\/"]}]},{"@type":"ImageObject","inLanguage":"es","@id":"https:\/\/ismsancarlos.cl\/site2\/estudiantes-del-colegio-son-premiados-en-competencia-de-matematica-organizada-por-la-ufro\/#primaryimage","url":"https:\/\/ismsancarlos.cl\/site2\/wp-content\/uploads\/2025\/08\/PHOTO-2025-08-06-11-08-05-scaled.jpg","contentUrl":"https:\/\/ismsancarlos.cl\/site2\/wp-content\/uploads\/2025\/08\/PHOTO-2025-08-06-11-08-05-scaled.jpg","width":1182,"height":2560},{"@type":"BreadcrumbList","@id":"https:\/\/ismsancarlos.cl\/site2\/estudiantes-del-colegio-son-premiados-en-competencia-de-matematica-organizada-por-la-ufro\/#breadcrumb","itemListElement":[{"@type":"ListItem","position":1,"name":"Portada","item":"https:\/\/ismsancarlos.cl\/site2\/"},{"@type":"ListItem","position":2,"name":"Estudiantes del colegio son premiados en competencia de matem\u00e1tica organizada por la UFRO"}]},{"@type":"WebSite","@id":"https:\/\/ismsancarlos.cl\/site2\/#website","url":"https:\/\/ismsancarlos.cl\/site2\/","name":"Instituto Santa Mar\u00eda - San Carlos","description":"&quot;Aprender m\u00e1s para servir mejor&quot;","publisher":{"@id":"https:\/\/ismsancarlos.cl\/site2\/#organization"},"potentialAction":[{"@type":"SearchAction","target":{"@type":"EntryPoint","urlTemplate":"https:\/\/ismsancarlos.cl\/site2\/?s={search_term_string}"},"query-input":{"@type":"PropertyValueSpecification","valueRequired":true,"valueName":"search_term_string"}}],"inLanguage":"es"},{"@type":"Organization","@id":"https:\/\/ismsancarlos.cl\/site2\/#organization","name":"Instituto Santa Mar\u00eda Chill\u00e1n","url":"https:\/\/ismsancarlos.cl\/site2\/","logo":{"@type":"ImageObject","inLanguage":"es","@id":"https:\/\/ismsancarlos.cl\/site2\/#\/schema\/logo\/image\/","url":"https:\/\/ismchillan.cl\/site\/wp-content\/uploads\/2021\/02\/logo-ISM-Chillan.png","contentUrl":"https:\/\/ismchillan.cl\/site\/wp-content\/uploads\/2021\/02\/logo-ISM-Chillan.png","width":746,"height":228,"caption":"Instituto Santa Mar\u00eda Chill\u00e1n"},"image":{"@id":"https:\/\/ismsancarlos.cl\/site2\/#\/schema\/logo\/image\/"},"sameAs":["https:\/\/www.facebook.com\/insamach","https:\/\/www.instagram.com\/ism_chillan\/?hl=es-la","https:\/\/www.youtube.com\/channel\/UCU8IW1d8akOJJTePPCCMjjA"]},{"@type":"Person","@id":"https:\/\/ismsancarlos.cl\/site2\/#\/schema\/person\/6a23bdafb47e2c2a488fc70a8235ea7e","name":"admin","image":{"@type":"ImageObject","inLanguage":"es","@id":"https:\/\/ismsancarlos.cl\/site2\/#\/schema\/person\/image\/","url":"https:\/\/secure.gravatar.com\/avatar\/8ac7f29e194fb7442e8e75b6f1c9477abd0dacb32722a8cb6ad498b642eb5d0b?s=96&d=mm&r=g","contentUrl":"https:\/\/secure.gravatar.com\/avatar\/8ac7f29e194fb7442e8e75b6f1c9477abd0dacb32722a8cb6ad498b642eb5d0b?s=96&d=mm&r=g","caption":"admin"},"sameAs":["https:\/\/ismchillan.cl\/site"]}]}},"_links":{"self":[{"href":"https:\/\/ismsancarlos.cl\/site2\/wp-json\/wp\/v2\/posts\/15790","targetHints":{"allow":["GET"]}}],"collection":[{"href":"https:\/\/ismsancarlos.cl\/site2\/wp-json\/wp\/v2\/posts"}],"about":[{"href":"https:\/\/ismsancarlos.cl\/site2\/wp-json\/wp\/v2\/types\/post"}],"author":[{"embeddable":true,"href":"https:\/\/ismsancarlos.cl\/site2\/wp-json\/wp\/v2\/users\/1"}],"replies":[{"embeddable":true,"href":"https:\/\/ismsancarlos.cl\/site2\/wp-json\/wp\/v2\/comments?post=15790"}],"version-history":[{"count":2,"href":"https:\/\/ismsancarlos.cl\/site2\/wp-json\/wp\/v2\/posts\/15790\/revisions"}],"predecessor-version":[{"id":15799,"href":"https:\/\/ismsancarlos.cl\/site2\/wp-json\/wp\/v2\/posts\/15790\/revisions\/15799"}],"wp:featuredmedia":[{"embeddable":true,"href":"https:\/\/ismsancarlos.cl\/site2\/wp-json\/wp\/v2\/media\/15792"}],"wp:attachment":[{"href":"https:\/\/ismsancarlos.cl\/site2\/wp-json\/wp\/v2\/media?parent=15790"}],"wp:term":[{"taxonomy":"category","embeddable":true,"href":"https:\/\/ismsancarlos.cl\/site2\/wp-json\/wp\/v2\/categories?post=15790"},{"taxonomy":"post_tag","embeddable":true,"href":"https:\/\/ismsancarlos.cl\/site2\/wp-json\/wp\/v2\/tags?post=15790"}],"curies":[{"name":"wp","href":"https:\/\/api.w.org\/{rel}","templated":true}]}}