{"id":15778,"date":"2025-07-31T11:46:53","date_gmt":"2025-07-31T14:46:53","guid":{"rendered":"https:\/\/ismsancarlos.cl\/site2\/?p=15778"},"modified":"2025-07-31T12:08:51","modified_gmt":"2025-07-31T15:08:51","slug":"jornada-regional-de-seguridad-escolar-y-parvularia-en-establecimiento-educacionales","status":"publish","type":"post","link":"https:\/\/ismsancarlos.cl\/site2\/jornada-regional-de-seguridad-escolar-y-parvularia-en-establecimiento-educacionales\/","title":{"rendered":"Jornada Regional de Seguridad Escolar y Parvularia en Establecimiento Educacionales"},"content":{"rendered":"<p>[vc_row][vc_column][vc_column_text]&nbsp;<\/p>\n<p data-start=\"156\" data-end=\"501\">El mi\u00e9rcoles 30 de julio, el prevencionista de riesgos del Instituto Santa Mar\u00eda de San Carlos, Marcelo Retamal M., junto a la encargada de Seguridad Escolar, Susana Medina H., participaron activamente en la Jornada Regional de Seguridad Escolar y Parvularia en Establecimientos Educacionales, organizada por la Seremi de Educaci\u00f3n de \u00d1uble.<\/p>\n<p data-start=\"503\" data-end=\"933\">Durante la instancia, se abordaron tem\u00e1ticas clave para el fortalecimiento de la seguridad en los espacios educativos, entre ellas la actualizaci\u00f3n de los Planes Integrales de Seguridad Escolar (PISE), el funcionamiento del Seguro Escolar, y una destacada charla del ge\u00f3grafo y acad\u00e9mico de la Pontificia Universidad Cat\u00f3lica de Chile, Dr. Marcelo Lagos L\u00f3pez, titulada <em data-start=\"885\" data-end=\"932\">\u00abViviendo con el Riesgo en el Planeta Tierra\u00bb<\/em>.<\/p>\n<p data-start=\"935\" data-end=\"1178\">La participaci\u00f3n en esta jornada reafirma el compromiso del Instituto con la prevenci\u00f3n, preparaci\u00f3n y el bienestar de toda su comunidad educativa, asumiendo con responsabilidad el desaf\u00edo de construir entornos seguros para el aprendizaje.<\/p>\n<p>&nbsp;[\/vc_column_text][\/vc_column][\/vc_row][vc_row][vc_column][vc_images_carousel images=\u00bb15782,15781,15780,15779&#8243; img_size=\u00bblarge\u00bb][\/vc_column][\/vc_row]<\/p>\n","protected":false},"excerpt":{"rendered":"<p>[vc_row][vc_column][vc_column_text]&nbsp; El mi\u00e9rcoles 30 de julio, el prevencionista de riesgos del Instituto Santa Mar\u00eda de San Carlos, Marcelo Retamal M., junto a la encargada de Seguridad Escolar, Susana Medina H., participaron activamente en la Jornada Regional de Seguridad Escolar y Parvularia en Establecimientos Educacionales, organizada por la Seremi de Educaci\u00f3n de \u00d1uble. Durante la instancia, [&hellip;]<\/p>\n","protected":false},"author":1,"featured_media":15780,"comment_status":"closed","ping_status":"closed","sticky":false,"template":"","format":"standard","meta":{"_price":"","_stock":"","_tribe_ticket_header":"","_tribe_default_ticket_provider":"","_tribe_ticket_capacity":"0","_ticket_start_date":"","_ticket_end_date":"","_tribe_ticket_show_description":"","_tribe_ticket_show_not_going":false,"_tribe_ticket_use_global_stock":"","_tribe_ticket_global_stock_level":"","_global_stock_mode":"","_global_stock_cap":"","_tribe_rsvp_for_event":"","_tribe_ticket_going_count":"","_tribe_ticket_not_going_count":"","_tribe_tickets_list":"[]","_tribe_ticket_has_attendee_info_fields":false,"footnotes":""},"categories":[144],"tags":[],"class_list":["post-15778","post","type-post","status-publish","format-standard","has-post-thumbnail","hentry","category-noticias"],"yoast_head":"<!-- This site is optimized with the Yoast SEO plugin v25.6 - https:\/\/yoast.com\/wordpress\/plugins\/seo\/ -->\n<title>Jornada Regional de Seguridad Escolar y Parvularia en Establecimiento Educacionales | Instituto Santa Mar\u00eda - San Carlos<\/title>\n<meta name=\"robots\" content=\"index, follow, max-snippet:-1, max-image-preview:large, max-video-preview:-1\" \/>\n<link rel=\"canonical\" href=\"https:\/\/ismsancarlos.cl\/site2\/jornada-regional-de-seguridad-escolar-y-parvularia-en-establecimiento-educacionales\/\" \/>\n<meta property=\"og:locale\" content=\"es_ES\" \/>\n<meta property=\"og:type\" content=\"article\" \/>\n<meta property=\"og:title\" content=\"Jornada Regional de Seguridad Escolar y Parvularia en Establecimiento Educacionales | Instituto Santa Mar\u00eda - San Carlos\" \/>\n<meta property=\"og:description\" content=\"[vc_row][vc_column][vc_column_text]&nbsp; El mi\u00e9rcoles 30 de julio, el prevencionista de riesgos del Instituto Santa Mar\u00eda de San Carlos, Marcelo Retamal M., junto a la encargada de Seguridad Escolar, Susana Medina H., participaron activamente en la Jornada Regional de Seguridad Escolar y Parvularia en Establecimientos Educacionales, organizada por la Seremi de Educaci\u00f3n de \u00d1uble. Durante la instancia, [&hellip;]\" \/>\n<meta property=\"og:url\" content=\"https:\/\/ismsancarlos.cl\/site2\/jornada-regional-de-seguridad-escolar-y-parvularia-en-establecimiento-educacionales\/\" \/>\n<meta property=\"og:site_name\" content=\"Instituto Santa Mar\u00eda - San Carlos\" \/>\n<meta property=\"article:publisher\" content=\"https:\/\/www.facebook.com\/insamach\" \/>\n<meta property=\"article:published_time\" content=\"2025-07-31T14:46:53+00:00\" \/>\n<meta property=\"article:modified_time\" content=\"2025-07-31T15:08:51+00:00\" \/>\n<meta property=\"og:image\" content=\"https:\/\/ismsancarlos.cl\/site2\/wp-content\/uploads\/2025\/07\/WhatsApp-Image-2025-07-31-at-9.07.03-AM-3.jpeg\" \/>\n\t<meta property=\"og:image:width\" content=\"1280\" \/>\n\t<meta property=\"og:image:height\" content=\"960\" \/>\n\t<meta property=\"og:image:type\" content=\"image\/jpeg\" \/>\n<meta name=\"author\" content=\"admin\" \/>\n<meta name=\"twitter:card\" content=\"summary_large_image\" \/>\n<meta name=\"twitter:label1\" content=\"Escrito por\" \/>\n\t<meta name=\"twitter:data1\" content=\"admin\" \/>\n\t<meta name=\"twitter:label2\" content=\"Tiempo de lectura\" \/>\n\t<meta name=\"twitter:data2\" content=\"1 minuto\" \/>\n<script type=\"application\/ld+json\" class=\"yoast-schema-graph\">{\"@context\":\"https:\/\/schema.org\",\"@graph\":[{\"@type\":\"Article\",\"@id\":\"https:\/\/ismsancarlos.cl\/site2\/jornada-regional-de-seguridad-escolar-y-parvularia-en-establecimiento-educacionales\/#article\",\"isPartOf\":{\"@id\":\"https:\/\/ismsancarlos.cl\/site2\/jornada-regional-de-seguridad-escolar-y-parvularia-en-establecimiento-educacionales\/\"},\"author\":{\"name\":\"admin\",\"@id\":\"https:\/\/ismsancarlos.cl\/site2\/#\/schema\/person\/6a23bdafb47e2c2a488fc70a8235ea7e\"},\"headline\":\"Jornada Regional de Seguridad Escolar y Parvularia en Establecimiento Educacionales\",\"datePublished\":\"2025-07-31T14:46:53+00:00\",\"dateModified\":\"2025-07-31T15:08:51+00:00\",\"mainEntityOfPage\":{\"@id\":\"https:\/\/ismsancarlos.cl\/site2\/jornada-regional-de-seguridad-escolar-y-parvularia-en-establecimiento-educacionales\/\"},\"wordCount\":200,\"publisher\":{\"@id\":\"https:\/\/ismsancarlos.cl\/site2\/#organization\"},\"image\":{\"@id\":\"https:\/\/ismsancarlos.cl\/site2\/jornada-regional-de-seguridad-escolar-y-parvularia-en-establecimiento-educacionales\/#primaryimage\"},\"thumbnailUrl\":\"https:\/\/ismsancarlos.cl\/site2\/wp-content\/uploads\/2025\/07\/WhatsApp-Image-2025-07-31-at-9.07.03-AM-3.jpeg\",\"articleSection\":[\"Noticias\"],\"inLanguage\":\"es\"},{\"@type\":\"WebPage\",\"@id\":\"https:\/\/ismsancarlos.cl\/site2\/jornada-regional-de-seguridad-escolar-y-parvularia-en-establecimiento-educacionales\/\",\"url\":\"https:\/\/ismsancarlos.cl\/site2\/jornada-regional-de-seguridad-escolar-y-parvularia-en-establecimiento-educacionales\/\",\"name\":\"Jornada Regional de Seguridad Escolar y Parvularia en Establecimiento Educacionales | Instituto Santa Mar\u00eda - San Carlos\",\"isPartOf\":{\"@id\":\"https:\/\/ismsancarlos.cl\/site2\/#website\"},\"primaryImageOfPage\":{\"@id\":\"https:\/\/ismsancarlos.cl\/site2\/jornada-regional-de-seguridad-escolar-y-parvularia-en-establecimiento-educacionales\/#primaryimage\"},\"image\":{\"@id\":\"https:\/\/ismsancarlos.cl\/site2\/jornada-regional-de-seguridad-escolar-y-parvularia-en-establecimiento-educacionales\/#primaryimage\"},\"thumbnailUrl\":\"https:\/\/ismsancarlos.cl\/site2\/wp-content\/uploads\/2025\/07\/WhatsApp-Image-2025-07-31-at-9.07.03-AM-3.jpeg\",\"datePublished\":\"2025-07-31T14:46:53+00:00\",\"dateModified\":\"2025-07-31T15:08:51+00:00\",\"breadcrumb\":{\"@id\":\"https:\/\/ismsancarlos.cl\/site2\/jornada-regional-de-seguridad-escolar-y-parvularia-en-establecimiento-educacionales\/#breadcrumb\"},\"inLanguage\":\"es\",\"potentialAction\":[{\"@type\":\"ReadAction\",\"target\":[\"https:\/\/ismsancarlos.cl\/site2\/jornada-regional-de-seguridad-escolar-y-parvularia-en-establecimiento-educacionales\/\"]}]},{\"@type\":\"ImageObject\",\"inLanguage\":\"es\",\"@id\":\"https:\/\/ismsancarlos.cl\/site2\/jornada-regional-de-seguridad-escolar-y-parvularia-en-establecimiento-educacionales\/#primaryimage\",\"url\":\"https:\/\/ismsancarlos.cl\/site2\/wp-content\/uploads\/2025\/07\/WhatsApp-Image-2025-07-31-at-9.07.03-AM-3.jpeg\",\"contentUrl\":\"https:\/\/ismsancarlos.cl\/site2\/wp-content\/uploads\/2025\/07\/WhatsApp-Image-2025-07-31-at-9.07.03-AM-3.jpeg\",\"width\":1280,\"height\":960},{\"@type\":\"BreadcrumbList\",\"@id\":\"https:\/\/ismsancarlos.cl\/site2\/jornada-regional-de-seguridad-escolar-y-parvularia-en-establecimiento-educacionales\/#breadcrumb\",\"itemListElement\":[{\"@type\":\"ListItem\",\"position\":1,\"name\":\"Portada\",\"item\":\"https:\/\/ismsancarlos.cl\/site2\/\"},{\"@type\":\"ListItem\",\"position\":2,\"name\":\"Jornada Regional de Seguridad Escolar y Parvularia en Establecimiento Educacionales\"}]},{\"@type\":\"WebSite\",\"@id\":\"https:\/\/ismsancarlos.cl\/site2\/#website\",\"url\":\"https:\/\/ismsancarlos.cl\/site2\/\",\"name\":\"Instituto Santa Mar\u00eda - San Carlos\",\"description\":\"&quot;Aprender m\u00e1s para servir mejor&quot;\",\"publisher\":{\"@id\":\"https:\/\/ismsancarlos.cl\/site2\/#organization\"},\"potentialAction\":[{\"@type\":\"SearchAction\",\"target\":{\"@type\":\"EntryPoint\",\"urlTemplate\":\"https:\/\/ismsancarlos.cl\/site2\/?s={search_term_string}\"},\"query-input\":{\"@type\":\"PropertyValueSpecification\",\"valueRequired\":true,\"valueName\":\"search_term_string\"}}],\"inLanguage\":\"es\"},{\"@type\":\"Organization\",\"@id\":\"https:\/\/ismsancarlos.cl\/site2\/#organization\",\"name\":\"Instituto Santa Mar\u00eda Chill\u00e1n\",\"url\":\"https:\/\/ismsancarlos.cl\/site2\/\",\"logo\":{\"@type\":\"ImageObject\",\"inLanguage\":\"es\",\"@id\":\"https:\/\/ismsancarlos.cl\/site2\/#\/schema\/logo\/image\/\",\"url\":\"https:\/\/ismchillan.cl\/site\/wp-content\/uploads\/2021\/02\/logo-ISM-Chillan.png\",\"contentUrl\":\"https:\/\/ismchillan.cl\/site\/wp-content\/uploads\/2021\/02\/logo-ISM-Chillan.png\",\"width\":746,\"height\":228,\"caption\":\"Instituto Santa Mar\u00eda Chill\u00e1n\"},\"image\":{\"@id\":\"https:\/\/ismsancarlos.cl\/site2\/#\/schema\/logo\/image\/\"},\"sameAs\":[\"https:\/\/www.facebook.com\/insamach\",\"https:\/\/www.instagram.com\/ism_chillan\/?hl=es-la\",\"https:\/\/www.youtube.com\/channel\/UCU8IW1d8akOJJTePPCCMjjA\"]},{\"@type\":\"Person\",\"@id\":\"https:\/\/ismsancarlos.cl\/site2\/#\/schema\/person\/6a23bdafb47e2c2a488fc70a8235ea7e\",\"name\":\"admin\",\"image\":{\"@type\":\"ImageObject\",\"inLanguage\":\"es\",\"@id\":\"https:\/\/ismsancarlos.cl\/site2\/#\/schema\/person\/image\/\",\"url\":\"https:\/\/secure.gravatar.com\/avatar\/8ac7f29e194fb7442e8e75b6f1c9477abd0dacb32722a8cb6ad498b642eb5d0b?s=96&d=mm&r=g\",\"contentUrl\":\"https:\/\/secure.gravatar.com\/avatar\/8ac7f29e194fb7442e8e75b6f1c9477abd0dacb32722a8cb6ad498b642eb5d0b?s=96&d=mm&r=g\",\"caption\":\"admin\"},\"sameAs\":[\"https:\/\/ismchillan.cl\/site\"]}]}<\/script>\n<!-- \/ Yoast SEO plugin. -->","yoast_head_json":{"title":"Jornada Regional de Seguridad Escolar y Parvularia en Establecimiento Educacionales | Instituto Santa Mar\u00eda - San Carlos","robots":{"index":"index","follow":"follow","max-snippet":"max-snippet:-1","max-image-preview":"max-image-preview:large","max-video-preview":"max-video-preview:-1"},"canonical":"https:\/\/ismsancarlos.cl\/site2\/jornada-regional-de-seguridad-escolar-y-parvularia-en-establecimiento-educacionales\/","og_locale":"es_ES","og_type":"article","og_title":"Jornada Regional de Seguridad Escolar y Parvularia en Establecimiento Educacionales | Instituto Santa Mar\u00eda - San Carlos","og_description":"[vc_row][vc_column][vc_column_text]&nbsp; El mi\u00e9rcoles 30 de julio, el prevencionista de riesgos del Instituto Santa Mar\u00eda de San Carlos, Marcelo Retamal M., junto a la encargada de Seguridad Escolar, Susana Medina H., participaron activamente en la Jornada Regional de Seguridad Escolar y Parvularia en Establecimientos Educacionales, organizada por la Seremi de Educaci\u00f3n de \u00d1uble. Durante la instancia, [&hellip;]","og_url":"https:\/\/ismsancarlos.cl\/site2\/jornada-regional-de-seguridad-escolar-y-parvularia-en-establecimiento-educacionales\/","og_site_name":"Instituto Santa Mar\u00eda - San Carlos","article_publisher":"https:\/\/www.facebook.com\/insamach","article_published_time":"2025-07-31T14:46:53+00:00","article_modified_time":"2025-07-31T15:08:51+00:00","og_image":[{"width":1280,"height":960,"url":"https:\/\/ismsancarlos.cl\/site2\/wp-content\/uploads\/2025\/07\/WhatsApp-Image-2025-07-31-at-9.07.03-AM-3.jpeg","type":"image\/jpeg"}],"author":"admin","twitter_card":"summary_large_image","twitter_misc":{"Escrito por":"admin","Tiempo de lectura":"1 minuto"},"schema":{"@context":"https:\/\/schema.org","@graph":[{"@type":"Article","@id":"https:\/\/ismsancarlos.cl\/site2\/jornada-regional-de-seguridad-escolar-y-parvularia-en-establecimiento-educacionales\/#article","isPartOf":{"@id":"https:\/\/ismsancarlos.cl\/site2\/jornada-regional-de-seguridad-escolar-y-parvularia-en-establecimiento-educacionales\/"},"author":{"name":"admin","@id":"https:\/\/ismsancarlos.cl\/site2\/#\/schema\/person\/6a23bdafb47e2c2a488fc70a8235ea7e"},"headline":"Jornada Regional de Seguridad Escolar y Parvularia en Establecimiento Educacionales","datePublished":"2025-07-31T14:46:53+00:00","dateModified":"2025-07-31T15:08:51+00:00","mainEntityOfPage":{"@id":"https:\/\/ismsancarlos.cl\/site2\/jornada-regional-de-seguridad-escolar-y-parvularia-en-establecimiento-educacionales\/"},"wordCount":200,"publisher":{"@id":"https:\/\/ismsancarlos.cl\/site2\/#organization"},"image":{"@id":"https:\/\/ismsancarlos.cl\/site2\/jornada-regional-de-seguridad-escolar-y-parvularia-en-establecimiento-educacionales\/#primaryimage"},"thumbnailUrl":"https:\/\/ismsancarlos.cl\/site2\/wp-content\/uploads\/2025\/07\/WhatsApp-Image-2025-07-31-at-9.07.03-AM-3.jpeg","articleSection":["Noticias"],"inLanguage":"es"},{"@type":"WebPage","@id":"https:\/\/ismsancarlos.cl\/site2\/jornada-regional-de-seguridad-escolar-y-parvularia-en-establecimiento-educacionales\/","url":"https:\/\/ismsancarlos.cl\/site2\/jornada-regional-de-seguridad-escolar-y-parvularia-en-establecimiento-educacionales\/","name":"Jornada Regional de Seguridad Escolar y Parvularia en Establecimiento Educacionales | Instituto Santa Mar\u00eda - San Carlos","isPartOf":{"@id":"https:\/\/ismsancarlos.cl\/site2\/#website"},"primaryImageOfPage":{"@id":"https:\/\/ismsancarlos.cl\/site2\/jornada-regional-de-seguridad-escolar-y-parvularia-en-establecimiento-educacionales\/#primaryimage"},"image":{"@id":"https:\/\/ismsancarlos.cl\/site2\/jornada-regional-de-seguridad-escolar-y-parvularia-en-establecimiento-educacionales\/#primaryimage"},"thumbnailUrl":"https:\/\/ismsancarlos.cl\/site2\/wp-content\/uploads\/2025\/07\/WhatsApp-Image-2025-07-31-at-9.07.03-AM-3.jpeg","datePublished":"2025-07-31T14:46:53+00:00","dateModified":"2025-07-31T15:08:51+00:00","breadcrumb":{"@id":"https:\/\/ismsancarlos.cl\/site2\/jornada-regional-de-seguridad-escolar-y-parvularia-en-establecimiento-educacionales\/#breadcrumb"},"inLanguage":"es","potentialAction":[{"@type":"ReadAction","target":["https:\/\/ismsancarlos.cl\/site2\/jornada-regional-de-seguridad-escolar-y-parvularia-en-establecimiento-educacionales\/"]}]},{"@type":"ImageObject","inLanguage":"es","@id":"https:\/\/ismsancarlos.cl\/site2\/jornada-regional-de-seguridad-escolar-y-parvularia-en-establecimiento-educacionales\/#primaryimage","url":"https:\/\/ismsancarlos.cl\/site2\/wp-content\/uploads\/2025\/07\/WhatsApp-Image-2025-07-31-at-9.07.03-AM-3.jpeg","contentUrl":"https:\/\/ismsancarlos.cl\/site2\/wp-content\/uploads\/2025\/07\/WhatsApp-Image-2025-07-31-at-9.07.03-AM-3.jpeg","width":1280,"height":960},{"@type":"BreadcrumbList","@id":"https:\/\/ismsancarlos.cl\/site2\/jornada-regional-de-seguridad-escolar-y-parvularia-en-establecimiento-educacionales\/#breadcrumb","itemListElement":[{"@type":"ListItem","position":1,"name":"Portada","item":"https:\/\/ismsancarlos.cl\/site2\/"},{"@type":"ListItem","position":2,"name":"Jornada Regional de Seguridad Escolar y Parvularia en Establecimiento Educacionales"}]},{"@type":"WebSite","@id":"https:\/\/ismsancarlos.cl\/site2\/#website","url":"https:\/\/ismsancarlos.cl\/site2\/","name":"Instituto Santa Mar\u00eda - San Carlos","description":"&quot;Aprender m\u00e1s para servir mejor&quot;","publisher":{"@id":"https:\/\/ismsancarlos.cl\/site2\/#organization"},"potentialAction":[{"@type":"SearchAction","target":{"@type":"EntryPoint","urlTemplate":"https:\/\/ismsancarlos.cl\/site2\/?s={search_term_string}"},"query-input":{"@type":"PropertyValueSpecification","valueRequired":true,"valueName":"search_term_string"}}],"inLanguage":"es"},{"@type":"Organization","@id":"https:\/\/ismsancarlos.cl\/site2\/#organization","name":"Instituto Santa Mar\u00eda Chill\u00e1n","url":"https:\/\/ismsancarlos.cl\/site2\/","logo":{"@type":"ImageObject","inLanguage":"es","@id":"https:\/\/ismsancarlos.cl\/site2\/#\/schema\/logo\/image\/","url":"https:\/\/ismchillan.cl\/site\/wp-content\/uploads\/2021\/02\/logo-ISM-Chillan.png","contentUrl":"https:\/\/ismchillan.cl\/site\/wp-content\/uploads\/2021\/02\/logo-ISM-Chillan.png","width":746,"height":228,"caption":"Instituto Santa Mar\u00eda Chill\u00e1n"},"image":{"@id":"https:\/\/ismsancarlos.cl\/site2\/#\/schema\/logo\/image\/"},"sameAs":["https:\/\/www.facebook.com\/insamach","https:\/\/www.instagram.com\/ism_chillan\/?hl=es-la","https:\/\/www.youtube.com\/channel\/UCU8IW1d8akOJJTePPCCMjjA"]},{"@type":"Person","@id":"https:\/\/ismsancarlos.cl\/site2\/#\/schema\/person\/6a23bdafb47e2c2a488fc70a8235ea7e","name":"admin","image":{"@type":"ImageObject","inLanguage":"es","@id":"https:\/\/ismsancarlos.cl\/site2\/#\/schema\/person\/image\/","url":"https:\/\/secure.gravatar.com\/avatar\/8ac7f29e194fb7442e8e75b6f1c9477abd0dacb32722a8cb6ad498b642eb5d0b?s=96&d=mm&r=g","contentUrl":"https:\/\/secure.gravatar.com\/avatar\/8ac7f29e194fb7442e8e75b6f1c9477abd0dacb32722a8cb6ad498b642eb5d0b?s=96&d=mm&r=g","caption":"admin"},"sameAs":["https:\/\/ismchillan.cl\/site"]}]}},"_links":{"self":[{"href":"https:\/\/ismsancarlos.cl\/site2\/wp-json\/wp\/v2\/posts\/15778","targetHints":{"allow":["GET"]}}],"collection":[{"href":"https:\/\/ismsancarlos.cl\/site2\/wp-json\/wp\/v2\/posts"}],"about":[{"href":"https:\/\/ismsancarlos.cl\/site2\/wp-json\/wp\/v2\/types\/post"}],"author":[{"embeddable":true,"href":"https:\/\/ismsancarlos.cl\/site2\/wp-json\/wp\/v2\/users\/1"}],"replies":[{"embeddable":true,"href":"https:\/\/ismsancarlos.cl\/site2\/wp-json\/wp\/v2\/comments?post=15778"}],"version-history":[{"count":3,"href":"https:\/\/ismsancarlos.cl\/site2\/wp-json\/wp\/v2\/posts\/15778\/revisions"}],"predecessor-version":[{"id":15786,"href":"https:\/\/ismsancarlos.cl\/site2\/wp-json\/wp\/v2\/posts\/15778\/revisions\/15786"}],"wp:featuredmedia":[{"embeddable":true,"href":"https:\/\/ismsancarlos.cl\/site2\/wp-json\/wp\/v2\/media\/15780"}],"wp:attachment":[{"href":"https:\/\/ismsancarlos.cl\/site2\/wp-json\/wp\/v2\/media?parent=15778"}],"wp:term":[{"taxonomy":"category","embeddable":true,"href":"https:\/\/ismsancarlos.cl\/site2\/wp-json\/wp\/v2\/categories?post=15778"},{"taxonomy":"post_tag","embeddable":true,"href":"https:\/\/ismsancarlos.cl\/site2\/wp-json\/wp\/v2\/tags?post=15778"}],"curies":[{"name":"wp","href":"https:\/\/api.w.org\/{rel}","templated":true}]}}