{"id":15761,"date":"2025-07-28T12:45:19","date_gmt":"2025-07-28T15:45:19","guid":{"rendered":"https:\/\/ismsancarlos.cl\/site2\/?p=15761"},"modified":"2025-07-28T12:52:06","modified_gmt":"2025-07-28T15:52:06","slug":"carabineros-de-chile-realiza-taller-formativo-sobre-convivencia-y-responsabilidad","status":"publish","type":"post","link":"https:\/\/ismsancarlos.cl\/site2\/carabineros-de-chile-realiza-taller-formativo-sobre-convivencia-y-responsabilidad\/","title":{"rendered":"Carabineros de Chile realiza taller formativo sobre convivencia y responsabilidad."},"content":{"rendered":"<p data-start=\"362\" data-end=\"784\">Con el objetivo de fortalecer una cultura escolar basada en el respeto y la responsabilidad, Carabineros de Chile visit\u00f3 recientemente en nuestro colegio para llevar a cabo un taller dirigido a los estudiantes de 8\u00b0 b\u00e1sico. La iniciativa abord\u00f3 tem\u00e1ticas fundamentales como el bullying, el cyberbullying y el grooming, problem\u00e1ticas actuales que requieren atenci\u00f3n y formaci\u00f3n desde edades tempranas.<\/p>\n<p data-start=\"786\" data-end=\"1169\">Durante la jornada, tambi\u00e9n se profundiz\u00f3 en la Ley de Responsabilidad Penal Adolescente, promoviendo en los j\u00f3venes la toma de conciencia sobre las implicancias legales de sus acciones y decisiones. Esta actividad permiti\u00f3 a los alumnos reflexionar sobre el uso responsable de los medios digitales y la importancia de actuar con criterio y empat\u00eda en sus relaciones interpersonales.<\/p>\n<p data-start=\"1171\" data-end=\"1602\">Este espacio formativo no solo entreg\u00f3 herramientas pr\u00e1cticas para enfrentar situaciones de riesgo, sino que adem\u00e1s se aline\u00f3 con los valores promovidos por la Br\u00fajula de los colegios de Mary Ward, inspirando a los estudiantes a convertirse en agentes de cambio en su comunidad. Fomentando el buen trato, la justicia y el respeto mutuo, la actividad reforz\u00f3 el compromiso del colegio con una convivencia escolar segura e inclusiva.<\/p>\n<p data-start=\"1604\" data-end=\"1764\">Desde el establecimiento, agradecieron especialmente a Carabineros de Chile por su valiosa presencia y colaboraci\u00f3n en la formaci\u00f3n integral de los estudiantes.<\/p>\n","protected":false},"excerpt":{"rendered":"<p>Con el objetivo de fortalecer una cultura escolar basada en el respeto y la responsabilidad, Carabineros de Chile visit\u00f3 recientemente en nuestro colegio para llevar a cabo un taller dirigido a los estudiantes de 8\u00b0 b\u00e1sico. La iniciativa abord\u00f3 tem\u00e1ticas fundamentales como el bullying, el cyberbullying y el grooming, problem\u00e1ticas actuales que requieren atenci\u00f3n y [&hellip;]<\/p>\n","protected":false},"author":1,"featured_media":15763,"comment_status":"closed","ping_status":"closed","sticky":false,"template":"","format":"standard","meta":{"_price":"","_stock":"","_tribe_ticket_header":"","_tribe_default_ticket_provider":"","_tribe_ticket_capacity":"0","_ticket_start_date":"","_ticket_end_date":"","_tribe_ticket_show_description":"","_tribe_ticket_show_not_going":false,"_tribe_ticket_use_global_stock":"","_tribe_ticket_global_stock_level":"","_global_stock_mode":"","_global_stock_cap":"","_tribe_rsvp_for_event":"","_tribe_ticket_going_count":"","_tribe_ticket_not_going_count":"","_tribe_tickets_list":"[]","_tribe_ticket_has_attendee_info_fields":false,"footnotes":""},"categories":[144],"tags":[],"class_list":["post-15761","post","type-post","status-publish","format-standard","has-post-thumbnail","hentry","category-noticias"],"yoast_head":"<!-- This site is optimized with the Yoast SEO plugin v25.6 - https:\/\/yoast.com\/wordpress\/plugins\/seo\/ -->\n<title>Carabineros de Chile realiza taller formativo sobre convivencia y responsabilidad. | Instituto Santa Mar\u00eda - San Carlos<\/title>\n<meta name=\"robots\" content=\"index, follow, max-snippet:-1, max-image-preview:large, max-video-preview:-1\" \/>\n<link rel=\"canonical\" href=\"https:\/\/ismsancarlos.cl\/site2\/carabineros-de-chile-realiza-taller-formativo-sobre-convivencia-y-responsabilidad\/\" \/>\n<meta property=\"og:locale\" content=\"es_ES\" \/>\n<meta property=\"og:type\" content=\"article\" \/>\n<meta property=\"og:title\" content=\"Carabineros de Chile realiza taller formativo sobre convivencia y responsabilidad. | Instituto Santa Mar\u00eda - San Carlos\" \/>\n<meta property=\"og:description\" content=\"Con el objetivo de fortalecer una cultura escolar basada en el respeto y la responsabilidad, Carabineros de Chile visit\u00f3 recientemente en nuestro colegio para llevar a cabo un taller dirigido a los estudiantes de 8\u00b0 b\u00e1sico. La iniciativa abord\u00f3 tem\u00e1ticas fundamentales como el bullying, el cyberbullying y el grooming, problem\u00e1ticas actuales que requieren atenci\u00f3n y [&hellip;]\" \/>\n<meta property=\"og:url\" content=\"https:\/\/ismsancarlos.cl\/site2\/carabineros-de-chile-realiza-taller-formativo-sobre-convivencia-y-responsabilidad\/\" \/>\n<meta property=\"og:site_name\" content=\"Instituto Santa Mar\u00eda - San Carlos\" \/>\n<meta property=\"article:publisher\" content=\"https:\/\/www.facebook.com\/insamach\" \/>\n<meta property=\"article:published_time\" content=\"2025-07-28T15:45:19+00:00\" \/>\n<meta property=\"article:modified_time\" content=\"2025-07-28T15:52:06+00:00\" \/>\n<meta property=\"og:image\" content=\"https:\/\/ismsancarlos.cl\/site2\/wp-content\/uploads\/2025\/07\/2-2-scaled.jpg\" \/>\n\t<meta property=\"og:image:width\" content=\"2560\" \/>\n\t<meta property=\"og:image:height\" content=\"1920\" \/>\n\t<meta property=\"og:image:type\" content=\"image\/jpeg\" \/>\n<meta name=\"author\" content=\"admin\" \/>\n<meta name=\"twitter:card\" content=\"summary_large_image\" \/>\n<meta name=\"twitter:label1\" content=\"Escrito por\" \/>\n\t<meta name=\"twitter:data1\" content=\"admin\" \/>\n\t<meta name=\"twitter:label2\" content=\"Tiempo de lectura\" \/>\n\t<meta name=\"twitter:data2\" content=\"2 minutos\" \/>\n<script type=\"application\/ld+json\" class=\"yoast-schema-graph\">{\"@context\":\"https:\/\/schema.org\",\"@graph\":[{\"@type\":\"Article\",\"@id\":\"https:\/\/ismsancarlos.cl\/site2\/carabineros-de-chile-realiza-taller-formativo-sobre-convivencia-y-responsabilidad\/#article\",\"isPartOf\":{\"@id\":\"https:\/\/ismsancarlos.cl\/site2\/carabineros-de-chile-realiza-taller-formativo-sobre-convivencia-y-responsabilidad\/\"},\"author\":{\"name\":\"admin\",\"@id\":\"https:\/\/ismsancarlos.cl\/site2\/#\/schema\/person\/6a23bdafb47e2c2a488fc70a8235ea7e\"},\"headline\":\"Carabineros de Chile realiza taller formativo sobre convivencia y responsabilidad.\",\"datePublished\":\"2025-07-28T15:45:19+00:00\",\"dateModified\":\"2025-07-28T15:52:06+00:00\",\"mainEntityOfPage\":{\"@id\":\"https:\/\/ismsancarlos.cl\/site2\/carabineros-de-chile-realiza-taller-formativo-sobre-convivencia-y-responsabilidad\/\"},\"wordCount\":229,\"publisher\":{\"@id\":\"https:\/\/ismsancarlos.cl\/site2\/#organization\"},\"image\":{\"@id\":\"https:\/\/ismsancarlos.cl\/site2\/carabineros-de-chile-realiza-taller-formativo-sobre-convivencia-y-responsabilidad\/#primaryimage\"},\"thumbnailUrl\":\"https:\/\/ismsancarlos.cl\/site2\/wp-content\/uploads\/2025\/07\/2-2-scaled.jpg\",\"articleSection\":[\"Noticias\"],\"inLanguage\":\"es\"},{\"@type\":\"WebPage\",\"@id\":\"https:\/\/ismsancarlos.cl\/site2\/carabineros-de-chile-realiza-taller-formativo-sobre-convivencia-y-responsabilidad\/\",\"url\":\"https:\/\/ismsancarlos.cl\/site2\/carabineros-de-chile-realiza-taller-formativo-sobre-convivencia-y-responsabilidad\/\",\"name\":\"Carabineros de Chile realiza taller formativo sobre convivencia y responsabilidad. | Instituto Santa Mar\u00eda - San Carlos\",\"isPartOf\":{\"@id\":\"https:\/\/ismsancarlos.cl\/site2\/#website\"},\"primaryImageOfPage\":{\"@id\":\"https:\/\/ismsancarlos.cl\/site2\/carabineros-de-chile-realiza-taller-formativo-sobre-convivencia-y-responsabilidad\/#primaryimage\"},\"image\":{\"@id\":\"https:\/\/ismsancarlos.cl\/site2\/carabineros-de-chile-realiza-taller-formativo-sobre-convivencia-y-responsabilidad\/#primaryimage\"},\"thumbnailUrl\":\"https:\/\/ismsancarlos.cl\/site2\/wp-content\/uploads\/2025\/07\/2-2-scaled.jpg\",\"datePublished\":\"2025-07-28T15:45:19+00:00\",\"dateModified\":\"2025-07-28T15:52:06+00:00\",\"breadcrumb\":{\"@id\":\"https:\/\/ismsancarlos.cl\/site2\/carabineros-de-chile-realiza-taller-formativo-sobre-convivencia-y-responsabilidad\/#breadcrumb\"},\"inLanguage\":\"es\",\"potentialAction\":[{\"@type\":\"ReadAction\",\"target\":[\"https:\/\/ismsancarlos.cl\/site2\/carabineros-de-chile-realiza-taller-formativo-sobre-convivencia-y-responsabilidad\/\"]}]},{\"@type\":\"ImageObject\",\"inLanguage\":\"es\",\"@id\":\"https:\/\/ismsancarlos.cl\/site2\/carabineros-de-chile-realiza-taller-formativo-sobre-convivencia-y-responsabilidad\/#primaryimage\",\"url\":\"https:\/\/ismsancarlos.cl\/site2\/wp-content\/uploads\/2025\/07\/2-2-scaled.jpg\",\"contentUrl\":\"https:\/\/ismsancarlos.cl\/site2\/wp-content\/uploads\/2025\/07\/2-2-scaled.jpg\",\"width\":2560,\"height\":1920},{\"@type\":\"BreadcrumbList\",\"@id\":\"https:\/\/ismsancarlos.cl\/site2\/carabineros-de-chile-realiza-taller-formativo-sobre-convivencia-y-responsabilidad\/#breadcrumb\",\"itemListElement\":[{\"@type\":\"ListItem\",\"position\":1,\"name\":\"Portada\",\"item\":\"https:\/\/ismsancarlos.cl\/site2\/\"},{\"@type\":\"ListItem\",\"position\":2,\"name\":\"Carabineros de Chile realiza taller formativo sobre convivencia y responsabilidad.\"}]},{\"@type\":\"WebSite\",\"@id\":\"https:\/\/ismsancarlos.cl\/site2\/#website\",\"url\":\"https:\/\/ismsancarlos.cl\/site2\/\",\"name\":\"Instituto Santa Mar\u00eda - San Carlos\",\"description\":\"&quot;Aprender m\u00e1s para servir mejor&quot;\",\"publisher\":{\"@id\":\"https:\/\/ismsancarlos.cl\/site2\/#organization\"},\"potentialAction\":[{\"@type\":\"SearchAction\",\"target\":{\"@type\":\"EntryPoint\",\"urlTemplate\":\"https:\/\/ismsancarlos.cl\/site2\/?s={search_term_string}\"},\"query-input\":{\"@type\":\"PropertyValueSpecification\",\"valueRequired\":true,\"valueName\":\"search_term_string\"}}],\"inLanguage\":\"es\"},{\"@type\":\"Organization\",\"@id\":\"https:\/\/ismsancarlos.cl\/site2\/#organization\",\"name\":\"Instituto Santa Mar\u00eda Chill\u00e1n\",\"url\":\"https:\/\/ismsancarlos.cl\/site2\/\",\"logo\":{\"@type\":\"ImageObject\",\"inLanguage\":\"es\",\"@id\":\"https:\/\/ismsancarlos.cl\/site2\/#\/schema\/logo\/image\/\",\"url\":\"https:\/\/ismchillan.cl\/site\/wp-content\/uploads\/2021\/02\/logo-ISM-Chillan.png\",\"contentUrl\":\"https:\/\/ismchillan.cl\/site\/wp-content\/uploads\/2021\/02\/logo-ISM-Chillan.png\",\"width\":746,\"height\":228,\"caption\":\"Instituto Santa Mar\u00eda Chill\u00e1n\"},\"image\":{\"@id\":\"https:\/\/ismsancarlos.cl\/site2\/#\/schema\/logo\/image\/\"},\"sameAs\":[\"https:\/\/www.facebook.com\/insamach\",\"https:\/\/www.instagram.com\/ism_chillan\/?hl=es-la\",\"https:\/\/www.youtube.com\/channel\/UCU8IW1d8akOJJTePPCCMjjA\"]},{\"@type\":\"Person\",\"@id\":\"https:\/\/ismsancarlos.cl\/site2\/#\/schema\/person\/6a23bdafb47e2c2a488fc70a8235ea7e\",\"name\":\"admin\",\"image\":{\"@type\":\"ImageObject\",\"inLanguage\":\"es\",\"@id\":\"https:\/\/ismsancarlos.cl\/site2\/#\/schema\/person\/image\/\",\"url\":\"https:\/\/secure.gravatar.com\/avatar\/8ac7f29e194fb7442e8e75b6f1c9477abd0dacb32722a8cb6ad498b642eb5d0b?s=96&d=mm&r=g\",\"contentUrl\":\"https:\/\/secure.gravatar.com\/avatar\/8ac7f29e194fb7442e8e75b6f1c9477abd0dacb32722a8cb6ad498b642eb5d0b?s=96&d=mm&r=g\",\"caption\":\"admin\"},\"sameAs\":[\"https:\/\/ismchillan.cl\/site\"]}]}<\/script>\n<!-- \/ Yoast SEO plugin. -->","yoast_head_json":{"title":"Carabineros de Chile realiza taller formativo sobre convivencia y responsabilidad. | Instituto Santa Mar\u00eda - San Carlos","robots":{"index":"index","follow":"follow","max-snippet":"max-snippet:-1","max-image-preview":"max-image-preview:large","max-video-preview":"max-video-preview:-1"},"canonical":"https:\/\/ismsancarlos.cl\/site2\/carabineros-de-chile-realiza-taller-formativo-sobre-convivencia-y-responsabilidad\/","og_locale":"es_ES","og_type":"article","og_title":"Carabineros de Chile realiza taller formativo sobre convivencia y responsabilidad. | Instituto Santa Mar\u00eda - San Carlos","og_description":"Con el objetivo de fortalecer una cultura escolar basada en el respeto y la responsabilidad, Carabineros de Chile visit\u00f3 recientemente en nuestro colegio para llevar a cabo un taller dirigido a los estudiantes de 8\u00b0 b\u00e1sico. La iniciativa abord\u00f3 tem\u00e1ticas fundamentales como el bullying, el cyberbullying y el grooming, problem\u00e1ticas actuales que requieren atenci\u00f3n y [&hellip;]","og_url":"https:\/\/ismsancarlos.cl\/site2\/carabineros-de-chile-realiza-taller-formativo-sobre-convivencia-y-responsabilidad\/","og_site_name":"Instituto Santa Mar\u00eda - San Carlos","article_publisher":"https:\/\/www.facebook.com\/insamach","article_published_time":"2025-07-28T15:45:19+00:00","article_modified_time":"2025-07-28T15:52:06+00:00","og_image":[{"width":2560,"height":1920,"url":"https:\/\/ismsancarlos.cl\/site2\/wp-content\/uploads\/2025\/07\/2-2-scaled.jpg","type":"image\/jpeg"}],"author":"admin","twitter_card":"summary_large_image","twitter_misc":{"Escrito por":"admin","Tiempo de lectura":"2 minutos"},"schema":{"@context":"https:\/\/schema.org","@graph":[{"@type":"Article","@id":"https:\/\/ismsancarlos.cl\/site2\/carabineros-de-chile-realiza-taller-formativo-sobre-convivencia-y-responsabilidad\/#article","isPartOf":{"@id":"https:\/\/ismsancarlos.cl\/site2\/carabineros-de-chile-realiza-taller-formativo-sobre-convivencia-y-responsabilidad\/"},"author":{"name":"admin","@id":"https:\/\/ismsancarlos.cl\/site2\/#\/schema\/person\/6a23bdafb47e2c2a488fc70a8235ea7e"},"headline":"Carabineros de Chile realiza taller formativo sobre convivencia y responsabilidad.","datePublished":"2025-07-28T15:45:19+00:00","dateModified":"2025-07-28T15:52:06+00:00","mainEntityOfPage":{"@id":"https:\/\/ismsancarlos.cl\/site2\/carabineros-de-chile-realiza-taller-formativo-sobre-convivencia-y-responsabilidad\/"},"wordCount":229,"publisher":{"@id":"https:\/\/ismsancarlos.cl\/site2\/#organization"},"image":{"@id":"https:\/\/ismsancarlos.cl\/site2\/carabineros-de-chile-realiza-taller-formativo-sobre-convivencia-y-responsabilidad\/#primaryimage"},"thumbnailUrl":"https:\/\/ismsancarlos.cl\/site2\/wp-content\/uploads\/2025\/07\/2-2-scaled.jpg","articleSection":["Noticias"],"inLanguage":"es"},{"@type":"WebPage","@id":"https:\/\/ismsancarlos.cl\/site2\/carabineros-de-chile-realiza-taller-formativo-sobre-convivencia-y-responsabilidad\/","url":"https:\/\/ismsancarlos.cl\/site2\/carabineros-de-chile-realiza-taller-formativo-sobre-convivencia-y-responsabilidad\/","name":"Carabineros de Chile realiza taller formativo sobre convivencia y responsabilidad. | Instituto Santa Mar\u00eda - San Carlos","isPartOf":{"@id":"https:\/\/ismsancarlos.cl\/site2\/#website"},"primaryImageOfPage":{"@id":"https:\/\/ismsancarlos.cl\/site2\/carabineros-de-chile-realiza-taller-formativo-sobre-convivencia-y-responsabilidad\/#primaryimage"},"image":{"@id":"https:\/\/ismsancarlos.cl\/site2\/carabineros-de-chile-realiza-taller-formativo-sobre-convivencia-y-responsabilidad\/#primaryimage"},"thumbnailUrl":"https:\/\/ismsancarlos.cl\/site2\/wp-content\/uploads\/2025\/07\/2-2-scaled.jpg","datePublished":"2025-07-28T15:45:19+00:00","dateModified":"2025-07-28T15:52:06+00:00","breadcrumb":{"@id":"https:\/\/ismsancarlos.cl\/site2\/carabineros-de-chile-realiza-taller-formativo-sobre-convivencia-y-responsabilidad\/#breadcrumb"},"inLanguage":"es","potentialAction":[{"@type":"ReadAction","target":["https:\/\/ismsancarlos.cl\/site2\/carabineros-de-chile-realiza-taller-formativo-sobre-convivencia-y-responsabilidad\/"]}]},{"@type":"ImageObject","inLanguage":"es","@id":"https:\/\/ismsancarlos.cl\/site2\/carabineros-de-chile-realiza-taller-formativo-sobre-convivencia-y-responsabilidad\/#primaryimage","url":"https:\/\/ismsancarlos.cl\/site2\/wp-content\/uploads\/2025\/07\/2-2-scaled.jpg","contentUrl":"https:\/\/ismsancarlos.cl\/site2\/wp-content\/uploads\/2025\/07\/2-2-scaled.jpg","width":2560,"height":1920},{"@type":"BreadcrumbList","@id":"https:\/\/ismsancarlos.cl\/site2\/carabineros-de-chile-realiza-taller-formativo-sobre-convivencia-y-responsabilidad\/#breadcrumb","itemListElement":[{"@type":"ListItem","position":1,"name":"Portada","item":"https:\/\/ismsancarlos.cl\/site2\/"},{"@type":"ListItem","position":2,"name":"Carabineros de Chile realiza taller formativo sobre convivencia y responsabilidad."}]},{"@type":"WebSite","@id":"https:\/\/ismsancarlos.cl\/site2\/#website","url":"https:\/\/ismsancarlos.cl\/site2\/","name":"Instituto Santa Mar\u00eda - San Carlos","description":"&quot;Aprender m\u00e1s para servir mejor&quot;","publisher":{"@id":"https:\/\/ismsancarlos.cl\/site2\/#organization"},"potentialAction":[{"@type":"SearchAction","target":{"@type":"EntryPoint","urlTemplate":"https:\/\/ismsancarlos.cl\/site2\/?s={search_term_string}"},"query-input":{"@type":"PropertyValueSpecification","valueRequired":true,"valueName":"search_term_string"}}],"inLanguage":"es"},{"@type":"Organization","@id":"https:\/\/ismsancarlos.cl\/site2\/#organization","name":"Instituto Santa Mar\u00eda Chill\u00e1n","url":"https:\/\/ismsancarlos.cl\/site2\/","logo":{"@type":"ImageObject","inLanguage":"es","@id":"https:\/\/ismsancarlos.cl\/site2\/#\/schema\/logo\/image\/","url":"https:\/\/ismchillan.cl\/site\/wp-content\/uploads\/2021\/02\/logo-ISM-Chillan.png","contentUrl":"https:\/\/ismchillan.cl\/site\/wp-content\/uploads\/2021\/02\/logo-ISM-Chillan.png","width":746,"height":228,"caption":"Instituto Santa Mar\u00eda Chill\u00e1n"},"image":{"@id":"https:\/\/ismsancarlos.cl\/site2\/#\/schema\/logo\/image\/"},"sameAs":["https:\/\/www.facebook.com\/insamach","https:\/\/www.instagram.com\/ism_chillan\/?hl=es-la","https:\/\/www.youtube.com\/channel\/UCU8IW1d8akOJJTePPCCMjjA"]},{"@type":"Person","@id":"https:\/\/ismsancarlos.cl\/site2\/#\/schema\/person\/6a23bdafb47e2c2a488fc70a8235ea7e","name":"admin","image":{"@type":"ImageObject","inLanguage":"es","@id":"https:\/\/ismsancarlos.cl\/site2\/#\/schema\/person\/image\/","url":"https:\/\/secure.gravatar.com\/avatar\/8ac7f29e194fb7442e8e75b6f1c9477abd0dacb32722a8cb6ad498b642eb5d0b?s=96&d=mm&r=g","contentUrl":"https:\/\/secure.gravatar.com\/avatar\/8ac7f29e194fb7442e8e75b6f1c9477abd0dacb32722a8cb6ad498b642eb5d0b?s=96&d=mm&r=g","caption":"admin"},"sameAs":["https:\/\/ismchillan.cl\/site"]}]}},"_links":{"self":[{"href":"https:\/\/ismsancarlos.cl\/site2\/wp-json\/wp\/v2\/posts\/15761","targetHints":{"allow":["GET"]}}],"collection":[{"href":"https:\/\/ismsancarlos.cl\/site2\/wp-json\/wp\/v2\/posts"}],"about":[{"href":"https:\/\/ismsancarlos.cl\/site2\/wp-json\/wp\/v2\/types\/post"}],"author":[{"embeddable":true,"href":"https:\/\/ismsancarlos.cl\/site2\/wp-json\/wp\/v2\/users\/1"}],"replies":[{"embeddable":true,"href":"https:\/\/ismsancarlos.cl\/site2\/wp-json\/wp\/v2\/comments?post=15761"}],"version-history":[{"count":3,"href":"https:\/\/ismsancarlos.cl\/site2\/wp-json\/wp\/v2\/posts\/15761\/revisions"}],"predecessor-version":[{"id":15768,"href":"https:\/\/ismsancarlos.cl\/site2\/wp-json\/wp\/v2\/posts\/15761\/revisions\/15768"}],"wp:featuredmedia":[{"embeddable":true,"href":"https:\/\/ismsancarlos.cl\/site2\/wp-json\/wp\/v2\/media\/15763"}],"wp:attachment":[{"href":"https:\/\/ismsancarlos.cl\/site2\/wp-json\/wp\/v2\/media?parent=15761"}],"wp:term":[{"taxonomy":"category","embeddable":true,"href":"https:\/\/ismsancarlos.cl\/site2\/wp-json\/wp\/v2\/categories?post=15761"},{"taxonomy":"post_tag","embeddable":true,"href":"https:\/\/ismsancarlos.cl\/site2\/wp-json\/wp\/v2\/tags?post=15761"}],"curies":[{"name":"wp","href":"https:\/\/api.w.org\/{rel}","templated":true}]}}