{"id":15731,"date":"2025-07-24T16:59:27","date_gmt":"2025-07-24T19:59:27","guid":{"rendered":"https:\/\/ismsancarlos.cl\/site2\/?p=15731"},"modified":"2025-07-24T17:01:52","modified_gmt":"2025-07-24T20:01:52","slug":"visita-de-la-universidad-de-concepcion-orienta-a-estudiantes-en-su-camino-vocacional","status":"publish","type":"post","link":"https:\/\/ismsancarlos.cl\/site2\/visita-de-la-universidad-de-concepcion-orienta-a-estudiantes-en-su-camino-vocacional\/","title":{"rendered":"Visita de la Universidad de Concepci\u00f3n orienta a estudiantes en su camino vocacional"},"content":{"rendered":"<p data-start=\"241\" data-end=\"534\">Con gran entusiasmo, el Instituto Santa Mar\u00eda recibi\u00f3 hoy la visita de representantes de la Universidad de Concepci\u00f3n (UdeC), quienes se sumaron a las diversas casas de estudio que durante el a\u00f1o han participado en nuestras jornadas de orientaci\u00f3n vocacional.<\/p>\n<p data-start=\"536\" data-end=\"939\">Durante el primer recreo, la UdeC instal\u00f3 un stand informativo dirigido a estudiantes de segundo ciclo, instancia en la que se resolvieron dudas sobre carreras, requisitos de ingreso, vida universitaria y opciones de financiamiento. Esta actividad permiti\u00f3 un contacto cercano y directo entre los estudiantes y la instituci\u00f3n, promoviendo un espacio de di\u00e1logo y reflexi\u00f3n sobre el futuro acad\u00e9mico.<\/p>\n<p data-start=\"941\" data-end=\"1251\">Posteriormente, se llev\u00f3 a cabo una charla institucional, donde se entreg\u00f3 detallada informaci\u00f3n sobre los distintos campus de la universidad, el proceso de admisi\u00f3n 2026, y las variadas becas y beneficios estudiantiles a los que pueden postular quienes deseen ingresar a esta prestigiosa casa de estudios.<\/p>\n<p data-start=\"1253\" data-end=\"1509\">Agradecemos especialmente a Fernanda e Isidora, integrantes del equipo UdeC, por su claridad, cercan\u00eda y excelente disposici\u00f3n, que sin duda motivaron a nuestras y nuestros estudiantes a seguir explorando sus intereses y aspiraciones profesionales.<\/p>\n<p data-start=\"1511\" data-end=\"1711\">Este tipo de iniciativas refuerzan el compromiso del Instituto Santa Mar\u00eda con la formaci\u00f3n integral de sus estudiantes y con el acompa\u00f1amiento activo en su proceso de toma de decisiones vocacionales.<\/p>\n","protected":false},"excerpt":{"rendered":"<p>Con gran entusiasmo, el Instituto Santa Mar\u00eda recibi\u00f3 hoy la visita de representantes de la Universidad de Concepci\u00f3n (UdeC), quienes se sumaron a las diversas casas de estudio que durante el a\u00f1o han participado en nuestras jornadas de orientaci\u00f3n vocacional. Durante el primer recreo, la UdeC instal\u00f3 un stand informativo dirigido a estudiantes de segundo [&hellip;]<\/p>\n","protected":false},"author":1,"featured_media":15732,"comment_status":"closed","ping_status":"closed","sticky":false,"template":"","format":"standard","meta":{"_price":"","_stock":"","_tribe_ticket_header":"","_tribe_default_ticket_provider":"","_tribe_ticket_capacity":"0","_ticket_start_date":"","_ticket_end_date":"","_tribe_ticket_show_description":"","_tribe_ticket_show_not_going":false,"_tribe_ticket_use_global_stock":"","_tribe_ticket_global_stock_level":"","_global_stock_mode":"","_global_stock_cap":"","_tribe_rsvp_for_event":"","_tribe_ticket_going_count":"","_tribe_ticket_not_going_count":"","_tribe_tickets_list":"[]","_tribe_ticket_has_attendee_info_fields":false,"footnotes":""},"categories":[144],"tags":[],"class_list":["post-15731","post","type-post","status-publish","format-standard","has-post-thumbnail","hentry","category-noticias"],"yoast_head":"<!-- This site is optimized with the Yoast SEO plugin v25.6 - https:\/\/yoast.com\/wordpress\/plugins\/seo\/ -->\n<title>Visita de la Universidad de Concepci\u00f3n orienta a estudiantes en su camino vocacional | Instituto Santa Mar\u00eda - San Carlos<\/title>\n<meta name=\"robots\" content=\"index, follow, max-snippet:-1, max-image-preview:large, max-video-preview:-1\" \/>\n<link rel=\"canonical\" href=\"https:\/\/ismsancarlos.cl\/site2\/visita-de-la-universidad-de-concepcion-orienta-a-estudiantes-en-su-camino-vocacional\/\" \/>\n<meta property=\"og:locale\" content=\"es_ES\" \/>\n<meta property=\"og:type\" content=\"article\" \/>\n<meta property=\"og:title\" content=\"Visita de la Universidad de Concepci\u00f3n orienta a estudiantes en su camino vocacional | Instituto Santa Mar\u00eda - San Carlos\" \/>\n<meta property=\"og:description\" content=\"Con gran entusiasmo, el Instituto Santa Mar\u00eda recibi\u00f3 hoy la visita de representantes de la Universidad de Concepci\u00f3n (UdeC), quienes se sumaron a las diversas casas de estudio que durante el a\u00f1o han participado en nuestras jornadas de orientaci\u00f3n vocacional. Durante el primer recreo, la UdeC instal\u00f3 un stand informativo dirigido a estudiantes de segundo [&hellip;]\" \/>\n<meta property=\"og:url\" content=\"https:\/\/ismsancarlos.cl\/site2\/visita-de-la-universidad-de-concepcion-orienta-a-estudiantes-en-su-camino-vocacional\/\" \/>\n<meta property=\"og:site_name\" content=\"Instituto Santa Mar\u00eda - San Carlos\" \/>\n<meta property=\"article:publisher\" content=\"https:\/\/www.facebook.com\/insamach\" \/>\n<meta property=\"article:published_time\" content=\"2025-07-24T19:59:27+00:00\" \/>\n<meta property=\"article:modified_time\" content=\"2025-07-24T20:01:52+00:00\" \/>\n<meta property=\"og:image\" content=\"https:\/\/ismsancarlos.cl\/site2\/wp-content\/uploads\/2025\/07\/1-1-scaled.jpg\" \/>\n\t<meta property=\"og:image:width\" content=\"2560\" \/>\n\t<meta property=\"og:image:height\" content=\"1920\" \/>\n\t<meta property=\"og:image:type\" content=\"image\/jpeg\" \/>\n<meta name=\"author\" content=\"admin\" \/>\n<meta name=\"twitter:card\" content=\"summary_large_image\" \/>\n<meta name=\"twitter:label1\" content=\"Escrito por\" \/>\n\t<meta name=\"twitter:data1\" content=\"admin\" \/>\n\t<meta name=\"twitter:label2\" content=\"Tiempo de lectura\" \/>\n\t<meta name=\"twitter:data2\" content=\"2 minutos\" \/>\n<script type=\"application\/ld+json\" class=\"yoast-schema-graph\">{\"@context\":\"https:\/\/schema.org\",\"@graph\":[{\"@type\":\"Article\",\"@id\":\"https:\/\/ismsancarlos.cl\/site2\/visita-de-la-universidad-de-concepcion-orienta-a-estudiantes-en-su-camino-vocacional\/#article\",\"isPartOf\":{\"@id\":\"https:\/\/ismsancarlos.cl\/site2\/visita-de-la-universidad-de-concepcion-orienta-a-estudiantes-en-su-camino-vocacional\/\"},\"author\":{\"name\":\"admin\",\"@id\":\"https:\/\/ismsancarlos.cl\/site2\/#\/schema\/person\/6a23bdafb47e2c2a488fc70a8235ea7e\"},\"headline\":\"Visita de la Universidad de Concepci\u00f3n orienta a estudiantes en su camino vocacional\",\"datePublished\":\"2025-07-24T19:59:27+00:00\",\"dateModified\":\"2025-07-24T20:01:52+00:00\",\"mainEntityOfPage\":{\"@id\":\"https:\/\/ismsancarlos.cl\/site2\/visita-de-la-universidad-de-concepcion-orienta-a-estudiantes-en-su-camino-vocacional\/\"},\"wordCount\":238,\"publisher\":{\"@id\":\"https:\/\/ismsancarlos.cl\/site2\/#organization\"},\"image\":{\"@id\":\"https:\/\/ismsancarlos.cl\/site2\/visita-de-la-universidad-de-concepcion-orienta-a-estudiantes-en-su-camino-vocacional\/#primaryimage\"},\"thumbnailUrl\":\"https:\/\/ismsancarlos.cl\/site2\/wp-content\/uploads\/2025\/07\/1-1-scaled.jpg\",\"articleSection\":[\"Noticias\"],\"inLanguage\":\"es\"},{\"@type\":\"WebPage\",\"@id\":\"https:\/\/ismsancarlos.cl\/site2\/visita-de-la-universidad-de-concepcion-orienta-a-estudiantes-en-su-camino-vocacional\/\",\"url\":\"https:\/\/ismsancarlos.cl\/site2\/visita-de-la-universidad-de-concepcion-orienta-a-estudiantes-en-su-camino-vocacional\/\",\"name\":\"Visita de la Universidad de Concepci\u00f3n orienta a estudiantes en su camino vocacional | Instituto Santa Mar\u00eda - San Carlos\",\"isPartOf\":{\"@id\":\"https:\/\/ismsancarlos.cl\/site2\/#website\"},\"primaryImageOfPage\":{\"@id\":\"https:\/\/ismsancarlos.cl\/site2\/visita-de-la-universidad-de-concepcion-orienta-a-estudiantes-en-su-camino-vocacional\/#primaryimage\"},\"image\":{\"@id\":\"https:\/\/ismsancarlos.cl\/site2\/visita-de-la-universidad-de-concepcion-orienta-a-estudiantes-en-su-camino-vocacional\/#primaryimage\"},\"thumbnailUrl\":\"https:\/\/ismsancarlos.cl\/site2\/wp-content\/uploads\/2025\/07\/1-1-scaled.jpg\",\"datePublished\":\"2025-07-24T19:59:27+00:00\",\"dateModified\":\"2025-07-24T20:01:52+00:00\",\"breadcrumb\":{\"@id\":\"https:\/\/ismsancarlos.cl\/site2\/visita-de-la-universidad-de-concepcion-orienta-a-estudiantes-en-su-camino-vocacional\/#breadcrumb\"},\"inLanguage\":\"es\",\"potentialAction\":[{\"@type\":\"ReadAction\",\"target\":[\"https:\/\/ismsancarlos.cl\/site2\/visita-de-la-universidad-de-concepcion-orienta-a-estudiantes-en-su-camino-vocacional\/\"]}]},{\"@type\":\"ImageObject\",\"inLanguage\":\"es\",\"@id\":\"https:\/\/ismsancarlos.cl\/site2\/visita-de-la-universidad-de-concepcion-orienta-a-estudiantes-en-su-camino-vocacional\/#primaryimage\",\"url\":\"https:\/\/ismsancarlos.cl\/site2\/wp-content\/uploads\/2025\/07\/1-1-scaled.jpg\",\"contentUrl\":\"https:\/\/ismsancarlos.cl\/site2\/wp-content\/uploads\/2025\/07\/1-1-scaled.jpg\",\"width\":2560,\"height\":1920},{\"@type\":\"BreadcrumbList\",\"@id\":\"https:\/\/ismsancarlos.cl\/site2\/visita-de-la-universidad-de-concepcion-orienta-a-estudiantes-en-su-camino-vocacional\/#breadcrumb\",\"itemListElement\":[{\"@type\":\"ListItem\",\"position\":1,\"name\":\"Portada\",\"item\":\"https:\/\/ismsancarlos.cl\/site2\/\"},{\"@type\":\"ListItem\",\"position\":2,\"name\":\"Visita de la Universidad de Concepci\u00f3n orienta a estudiantes en su camino vocacional\"}]},{\"@type\":\"WebSite\",\"@id\":\"https:\/\/ismsancarlos.cl\/site2\/#website\",\"url\":\"https:\/\/ismsancarlos.cl\/site2\/\",\"name\":\"Instituto Santa Mar\u00eda - San Carlos\",\"description\":\"&quot;Aprender m\u00e1s para servir mejor&quot;\",\"publisher\":{\"@id\":\"https:\/\/ismsancarlos.cl\/site2\/#organization\"},\"potentialAction\":[{\"@type\":\"SearchAction\",\"target\":{\"@type\":\"EntryPoint\",\"urlTemplate\":\"https:\/\/ismsancarlos.cl\/site2\/?s={search_term_string}\"},\"query-input\":{\"@type\":\"PropertyValueSpecification\",\"valueRequired\":true,\"valueName\":\"search_term_string\"}}],\"inLanguage\":\"es\"},{\"@type\":\"Organization\",\"@id\":\"https:\/\/ismsancarlos.cl\/site2\/#organization\",\"name\":\"Instituto Santa Mar\u00eda Chill\u00e1n\",\"url\":\"https:\/\/ismsancarlos.cl\/site2\/\",\"logo\":{\"@type\":\"ImageObject\",\"inLanguage\":\"es\",\"@id\":\"https:\/\/ismsancarlos.cl\/site2\/#\/schema\/logo\/image\/\",\"url\":\"https:\/\/ismchillan.cl\/site\/wp-content\/uploads\/2021\/02\/logo-ISM-Chillan.png\",\"contentUrl\":\"https:\/\/ismchillan.cl\/site\/wp-content\/uploads\/2021\/02\/logo-ISM-Chillan.png\",\"width\":746,\"height\":228,\"caption\":\"Instituto Santa Mar\u00eda Chill\u00e1n\"},\"image\":{\"@id\":\"https:\/\/ismsancarlos.cl\/site2\/#\/schema\/logo\/image\/\"},\"sameAs\":[\"https:\/\/www.facebook.com\/insamach\",\"https:\/\/www.instagram.com\/ism_chillan\/?hl=es-la\",\"https:\/\/www.youtube.com\/channel\/UCU8IW1d8akOJJTePPCCMjjA\"]},{\"@type\":\"Person\",\"@id\":\"https:\/\/ismsancarlos.cl\/site2\/#\/schema\/person\/6a23bdafb47e2c2a488fc70a8235ea7e\",\"name\":\"admin\",\"image\":{\"@type\":\"ImageObject\",\"inLanguage\":\"es\",\"@id\":\"https:\/\/ismsancarlos.cl\/site2\/#\/schema\/person\/image\/\",\"url\":\"https:\/\/secure.gravatar.com\/avatar\/8ac7f29e194fb7442e8e75b6f1c9477abd0dacb32722a8cb6ad498b642eb5d0b?s=96&d=mm&r=g\",\"contentUrl\":\"https:\/\/secure.gravatar.com\/avatar\/8ac7f29e194fb7442e8e75b6f1c9477abd0dacb32722a8cb6ad498b642eb5d0b?s=96&d=mm&r=g\",\"caption\":\"admin\"},\"sameAs\":[\"https:\/\/ismchillan.cl\/site\"]}]}<\/script>\n<!-- \/ Yoast SEO plugin. -->","yoast_head_json":{"title":"Visita de la Universidad de Concepci\u00f3n orienta a estudiantes en su camino vocacional | Instituto Santa Mar\u00eda - San Carlos","robots":{"index":"index","follow":"follow","max-snippet":"max-snippet:-1","max-image-preview":"max-image-preview:large","max-video-preview":"max-video-preview:-1"},"canonical":"https:\/\/ismsancarlos.cl\/site2\/visita-de-la-universidad-de-concepcion-orienta-a-estudiantes-en-su-camino-vocacional\/","og_locale":"es_ES","og_type":"article","og_title":"Visita de la Universidad de Concepci\u00f3n orienta a estudiantes en su camino vocacional | Instituto Santa Mar\u00eda - San Carlos","og_description":"Con gran entusiasmo, el Instituto Santa Mar\u00eda recibi\u00f3 hoy la visita de representantes de la Universidad de Concepci\u00f3n (UdeC), quienes se sumaron a las diversas casas de estudio que durante el a\u00f1o han participado en nuestras jornadas de orientaci\u00f3n vocacional. Durante el primer recreo, la UdeC instal\u00f3 un stand informativo dirigido a estudiantes de segundo [&hellip;]","og_url":"https:\/\/ismsancarlos.cl\/site2\/visita-de-la-universidad-de-concepcion-orienta-a-estudiantes-en-su-camino-vocacional\/","og_site_name":"Instituto Santa Mar\u00eda - San Carlos","article_publisher":"https:\/\/www.facebook.com\/insamach","article_published_time":"2025-07-24T19:59:27+00:00","article_modified_time":"2025-07-24T20:01:52+00:00","og_image":[{"width":2560,"height":1920,"url":"https:\/\/ismsancarlos.cl\/site2\/wp-content\/uploads\/2025\/07\/1-1-scaled.jpg","type":"image\/jpeg"}],"author":"admin","twitter_card":"summary_large_image","twitter_misc":{"Escrito por":"admin","Tiempo de lectura":"2 minutos"},"schema":{"@context":"https:\/\/schema.org","@graph":[{"@type":"Article","@id":"https:\/\/ismsancarlos.cl\/site2\/visita-de-la-universidad-de-concepcion-orienta-a-estudiantes-en-su-camino-vocacional\/#article","isPartOf":{"@id":"https:\/\/ismsancarlos.cl\/site2\/visita-de-la-universidad-de-concepcion-orienta-a-estudiantes-en-su-camino-vocacional\/"},"author":{"name":"admin","@id":"https:\/\/ismsancarlos.cl\/site2\/#\/schema\/person\/6a23bdafb47e2c2a488fc70a8235ea7e"},"headline":"Visita de la Universidad de Concepci\u00f3n orienta a estudiantes en su camino vocacional","datePublished":"2025-07-24T19:59:27+00:00","dateModified":"2025-07-24T20:01:52+00:00","mainEntityOfPage":{"@id":"https:\/\/ismsancarlos.cl\/site2\/visita-de-la-universidad-de-concepcion-orienta-a-estudiantes-en-su-camino-vocacional\/"},"wordCount":238,"publisher":{"@id":"https:\/\/ismsancarlos.cl\/site2\/#organization"},"image":{"@id":"https:\/\/ismsancarlos.cl\/site2\/visita-de-la-universidad-de-concepcion-orienta-a-estudiantes-en-su-camino-vocacional\/#primaryimage"},"thumbnailUrl":"https:\/\/ismsancarlos.cl\/site2\/wp-content\/uploads\/2025\/07\/1-1-scaled.jpg","articleSection":["Noticias"],"inLanguage":"es"},{"@type":"WebPage","@id":"https:\/\/ismsancarlos.cl\/site2\/visita-de-la-universidad-de-concepcion-orienta-a-estudiantes-en-su-camino-vocacional\/","url":"https:\/\/ismsancarlos.cl\/site2\/visita-de-la-universidad-de-concepcion-orienta-a-estudiantes-en-su-camino-vocacional\/","name":"Visita de la Universidad de Concepci\u00f3n orienta a estudiantes en su camino vocacional | Instituto Santa Mar\u00eda - San Carlos","isPartOf":{"@id":"https:\/\/ismsancarlos.cl\/site2\/#website"},"primaryImageOfPage":{"@id":"https:\/\/ismsancarlos.cl\/site2\/visita-de-la-universidad-de-concepcion-orienta-a-estudiantes-en-su-camino-vocacional\/#primaryimage"},"image":{"@id":"https:\/\/ismsancarlos.cl\/site2\/visita-de-la-universidad-de-concepcion-orienta-a-estudiantes-en-su-camino-vocacional\/#primaryimage"},"thumbnailUrl":"https:\/\/ismsancarlos.cl\/site2\/wp-content\/uploads\/2025\/07\/1-1-scaled.jpg","datePublished":"2025-07-24T19:59:27+00:00","dateModified":"2025-07-24T20:01:52+00:00","breadcrumb":{"@id":"https:\/\/ismsancarlos.cl\/site2\/visita-de-la-universidad-de-concepcion-orienta-a-estudiantes-en-su-camino-vocacional\/#breadcrumb"},"inLanguage":"es","potentialAction":[{"@type":"ReadAction","target":["https:\/\/ismsancarlos.cl\/site2\/visita-de-la-universidad-de-concepcion-orienta-a-estudiantes-en-su-camino-vocacional\/"]}]},{"@type":"ImageObject","inLanguage":"es","@id":"https:\/\/ismsancarlos.cl\/site2\/visita-de-la-universidad-de-concepcion-orienta-a-estudiantes-en-su-camino-vocacional\/#primaryimage","url":"https:\/\/ismsancarlos.cl\/site2\/wp-content\/uploads\/2025\/07\/1-1-scaled.jpg","contentUrl":"https:\/\/ismsancarlos.cl\/site2\/wp-content\/uploads\/2025\/07\/1-1-scaled.jpg","width":2560,"height":1920},{"@type":"BreadcrumbList","@id":"https:\/\/ismsancarlos.cl\/site2\/visita-de-la-universidad-de-concepcion-orienta-a-estudiantes-en-su-camino-vocacional\/#breadcrumb","itemListElement":[{"@type":"ListItem","position":1,"name":"Portada","item":"https:\/\/ismsancarlos.cl\/site2\/"},{"@type":"ListItem","position":2,"name":"Visita de la Universidad de Concepci\u00f3n orienta a estudiantes en su camino vocacional"}]},{"@type":"WebSite","@id":"https:\/\/ismsancarlos.cl\/site2\/#website","url":"https:\/\/ismsancarlos.cl\/site2\/","name":"Instituto Santa Mar\u00eda - San Carlos","description":"&quot;Aprender m\u00e1s para servir mejor&quot;","publisher":{"@id":"https:\/\/ismsancarlos.cl\/site2\/#organization"},"potentialAction":[{"@type":"SearchAction","target":{"@type":"EntryPoint","urlTemplate":"https:\/\/ismsancarlos.cl\/site2\/?s={search_term_string}"},"query-input":{"@type":"PropertyValueSpecification","valueRequired":true,"valueName":"search_term_string"}}],"inLanguage":"es"},{"@type":"Organization","@id":"https:\/\/ismsancarlos.cl\/site2\/#organization","name":"Instituto Santa Mar\u00eda Chill\u00e1n","url":"https:\/\/ismsancarlos.cl\/site2\/","logo":{"@type":"ImageObject","inLanguage":"es","@id":"https:\/\/ismsancarlos.cl\/site2\/#\/schema\/logo\/image\/","url":"https:\/\/ismchillan.cl\/site\/wp-content\/uploads\/2021\/02\/logo-ISM-Chillan.png","contentUrl":"https:\/\/ismchillan.cl\/site\/wp-content\/uploads\/2021\/02\/logo-ISM-Chillan.png","width":746,"height":228,"caption":"Instituto Santa Mar\u00eda Chill\u00e1n"},"image":{"@id":"https:\/\/ismsancarlos.cl\/site2\/#\/schema\/logo\/image\/"},"sameAs":["https:\/\/www.facebook.com\/insamach","https:\/\/www.instagram.com\/ism_chillan\/?hl=es-la","https:\/\/www.youtube.com\/channel\/UCU8IW1d8akOJJTePPCCMjjA"]},{"@type":"Person","@id":"https:\/\/ismsancarlos.cl\/site2\/#\/schema\/person\/6a23bdafb47e2c2a488fc70a8235ea7e","name":"admin","image":{"@type":"ImageObject","inLanguage":"es","@id":"https:\/\/ismsancarlos.cl\/site2\/#\/schema\/person\/image\/","url":"https:\/\/secure.gravatar.com\/avatar\/8ac7f29e194fb7442e8e75b6f1c9477abd0dacb32722a8cb6ad498b642eb5d0b?s=96&d=mm&r=g","contentUrl":"https:\/\/secure.gravatar.com\/avatar\/8ac7f29e194fb7442e8e75b6f1c9477abd0dacb32722a8cb6ad498b642eb5d0b?s=96&d=mm&r=g","caption":"admin"},"sameAs":["https:\/\/ismchillan.cl\/site"]}]}},"_links":{"self":[{"href":"https:\/\/ismsancarlos.cl\/site2\/wp-json\/wp\/v2\/posts\/15731","targetHints":{"allow":["GET"]}}],"collection":[{"href":"https:\/\/ismsancarlos.cl\/site2\/wp-json\/wp\/v2\/posts"}],"about":[{"href":"https:\/\/ismsancarlos.cl\/site2\/wp-json\/wp\/v2\/types\/post"}],"author":[{"embeddable":true,"href":"https:\/\/ismsancarlos.cl\/site2\/wp-json\/wp\/v2\/users\/1"}],"replies":[{"embeddable":true,"href":"https:\/\/ismsancarlos.cl\/site2\/wp-json\/wp\/v2\/comments?post=15731"}],"version-history":[{"count":3,"href":"https:\/\/ismsancarlos.cl\/site2\/wp-json\/wp\/v2\/posts\/15731\/revisions"}],"predecessor-version":[{"id":15738,"href":"https:\/\/ismsancarlos.cl\/site2\/wp-json\/wp\/v2\/posts\/15731\/revisions\/15738"}],"wp:featuredmedia":[{"embeddable":true,"href":"https:\/\/ismsancarlos.cl\/site2\/wp-json\/wp\/v2\/media\/15732"}],"wp:attachment":[{"href":"https:\/\/ismsancarlos.cl\/site2\/wp-json\/wp\/v2\/media?parent=15731"}],"wp:term":[{"taxonomy":"category","embeddable":true,"href":"https:\/\/ismsancarlos.cl\/site2\/wp-json\/wp\/v2\/categories?post=15731"},{"taxonomy":"post_tag","embeddable":true,"href":"https:\/\/ismsancarlos.cl\/site2\/wp-json\/wp\/v2\/tags?post=15731"}],"curies":[{"name":"wp","href":"https:\/\/api.w.org\/{rel}","templated":true}]}}