{"id":15710,"date":"2025-07-15T12:32:52","date_gmt":"2025-07-15T15:32:52","guid":{"rendered":"https:\/\/ismsancarlos.cl\/site2\/?p=15710"},"modified":"2025-07-15T12:32:52","modified_gmt":"2025-07-15T15:32:52","slug":"estudiantes-del-instituto-santa-maria-de-san-carlos-rinden-homenaje-a-los-bomberos-en-su-dia","status":"publish","type":"post","link":"https:\/\/ismsancarlos.cl\/site2\/estudiantes-del-instituto-santa-maria-de-san-carlos-rinden-homenaje-a-los-bomberos-en-su-dia\/","title":{"rendered":"Estudiantes del Instituto Santa Mar\u00eda de San Carlos rinden homenaje a los Bomberos en su d\u00eda"},"content":{"rendered":"<p data-start=\"187\" data-end=\"495\">En el marco de la conmemoraci\u00f3n del D\u00eda del Bombero, los estudiantes de segundo medio del Instituto Santa Mar\u00eda de San Carlos realizaron un emotivo homenaje en reconocimiento a la labor de los voluntarios que d\u00eda a d\u00eda arriesgan sus vidas por el bienestar de la comunidad.<\/p>\n<p data-start=\"497\" data-end=\"841\">Durante la actividad, los j\u00f3venes expresaron su gratitud hacia los Bomberos de San Carlos, destacando su abnegaci\u00f3n, valent\u00eda y constante disposici\u00f3n para asistir a quienes m\u00e1s lo necesitan. A trav\u00e9s de palabras, gestos y presentaciones, los estudiantes pusieron en valor el compromiso y la solidaridad que caracteriza a esta noble instituci\u00f3n.<\/p>\n<p data-start=\"1088\" data-end=\"1277\">El Instituto Santa Mar\u00eda hizo extensiva sus felicitaciones a todos los voluntarios en su d\u00eda, resaltando que su labor no solo salva vidas, sino que tambi\u00e9n fortalece los lazos comunitarios.<\/p>\n<p data-start=\"1279\" data-end=\"1400\">Desde la comunidad educativa y la ciudadan\u00eda de San Carlos: <strong data-start=\"1339\" data-end=\"1400\">\u00a1gracias, Bomberos, por su incansable labor y compromiso!<\/strong><\/p>\n<p data-start=\"1279\" data-end=\"1400\">\n<div id='gallery-1' class='gallery galleryid-15710 gallery-columns-3 gallery-size-medium'><figure class='gallery-item'>\n\t\t\t<div class='gallery-icon landscape'>\n\t\t\t\t<a href='https:\/\/ismsancarlos.cl\/site2\/estudiantes-del-instituto-santa-maria-de-san-carlos-rinden-homenaje-a-los-bomberos-en-su-dia\/photo-2025-07-14-17-22-36\/'><img loading=\"lazy\" decoding=\"async\" width=\"300\" height=\"225\" src=\"https:\/\/ismsancarlos.cl\/site2\/wp-content\/uploads\/2025\/07\/PHOTO-2025-07-14-17-22-36-300x225.jpg\" class=\"attachment-medium size-medium\" alt=\"\" srcset=\"https:\/\/ismsancarlos.cl\/site2\/wp-content\/uploads\/2025\/07\/PHOTO-2025-07-14-17-22-36-300x225.jpg 300w, https:\/\/ismsancarlos.cl\/site2\/wp-content\/uploads\/2025\/07\/PHOTO-2025-07-14-17-22-36-768x575.jpg 768w, https:\/\/ismsancarlos.cl\/site2\/wp-content\/uploads\/2025\/07\/PHOTO-2025-07-14-17-22-36.jpg 887w\" sizes=\"auto, (max-width: 300px) 100vw, 300px\" \/><\/a>\n\t\t\t<\/div><\/figure><figure class='gallery-item'>\n\t\t\t<div class='gallery-icon landscape'>\n\t\t\t\t<a href='https:\/\/ismsancarlos.cl\/site2\/estudiantes-del-instituto-santa-maria-de-san-carlos-rinden-homenaje-a-los-bomberos-en-su-dia\/photo-2025-07-14-17-22-51\/'><img loading=\"lazy\" decoding=\"async\" width=\"300\" height=\"224\" src=\"https:\/\/ismsancarlos.cl\/site2\/wp-content\/uploads\/2025\/07\/PHOTO-2025-07-14-17-22-51-300x224.jpg\" class=\"attachment-medium size-medium\" alt=\"\" srcset=\"https:\/\/ismsancarlos.cl\/site2\/wp-content\/uploads\/2025\/07\/PHOTO-2025-07-14-17-22-51-300x224.jpg 300w, https:\/\/ismsancarlos.cl\/site2\/wp-content\/uploads\/2025\/07\/PHOTO-2025-07-14-17-22-51.jpg 687w\" sizes=\"auto, (max-width: 300px) 100vw, 300px\" \/><\/a>\n\t\t\t<\/div><\/figure><figure class='gallery-item'>\n\t\t\t<div class='gallery-icon landscape'>\n\t\t\t\t<a href='https:\/\/ismsancarlos.cl\/site2\/estudiantes-del-instituto-santa-maria-de-san-carlos-rinden-homenaje-a-los-bomberos-en-su-dia\/photo-2025-07-14-17-22-04\/'><img loading=\"lazy\" decoding=\"async\" width=\"300\" height=\"225\" src=\"https:\/\/ismsancarlos.cl\/site2\/wp-content\/uploads\/2025\/07\/PHOTO-2025-07-14-17-22-04-300x225.jpg\" class=\"attachment-medium size-medium\" alt=\"\" srcset=\"https:\/\/ismsancarlos.cl\/site2\/wp-content\/uploads\/2025\/07\/PHOTO-2025-07-14-17-22-04-300x225.jpg 300w, https:\/\/ismsancarlos.cl\/site2\/wp-content\/uploads\/2025\/07\/PHOTO-2025-07-14-17-22-04.jpg 647w\" sizes=\"auto, (max-width: 300px) 100vw, 300px\" \/><\/a>\n\t\t\t<\/div><\/figure><figure class='gallery-item'>\n\t\t\t<div class='gallery-icon landscape'>\n\t\t\t\t<a href='https:\/\/ismsancarlos.cl\/site2\/estudiantes-del-instituto-santa-maria-de-san-carlos-rinden-homenaje-a-los-bomberos-en-su-dia\/photo-2025-07-14-17-21-47\/'><img loading=\"lazy\" decoding=\"async\" width=\"300\" height=\"274\" src=\"https:\/\/ismsancarlos.cl\/site2\/wp-content\/uploads\/2025\/07\/PHOTO-2025-07-14-17-21-47-300x274.jpg\" class=\"attachment-medium size-medium\" alt=\"\" srcset=\"https:\/\/ismsancarlos.cl\/site2\/wp-content\/uploads\/2025\/07\/PHOTO-2025-07-14-17-21-47-300x274.jpg 300w, https:\/\/ismsancarlos.cl\/site2\/wp-content\/uploads\/2025\/07\/PHOTO-2025-07-14-17-21-47-768x701.jpg 768w, https:\/\/ismsancarlos.cl\/site2\/wp-content\/uploads\/2025\/07\/PHOTO-2025-07-14-17-21-47.jpg 936w\" sizes=\"auto, (max-width: 300px) 100vw, 300px\" \/><\/a>\n\t\t\t<\/div><\/figure><figure class='gallery-item'>\n\t\t\t<div class='gallery-icon portrait'>\n\t\t\t\t<a href='https:\/\/ismsancarlos.cl\/site2\/estudiantes-del-instituto-santa-maria-de-san-carlos-rinden-homenaje-a-los-bomberos-en-su-dia\/photo-2025-07-14-17-21-26\/'><img loading=\"lazy\" decoding=\"async\" width=\"294\" height=\"300\" src=\"https:\/\/ismsancarlos.cl\/site2\/wp-content\/uploads\/2025\/07\/PHOTO-2025-07-14-17-21-26-e1752593508535-294x300.jpg\" class=\"attachment-medium size-medium\" alt=\"\" srcset=\"https:\/\/ismsancarlos.cl\/site2\/wp-content\/uploads\/2025\/07\/PHOTO-2025-07-14-17-21-26-e1752593508535-294x300.jpg 294w, https:\/\/ismsancarlos.cl\/site2\/wp-content\/uploads\/2025\/07\/PHOTO-2025-07-14-17-21-26-e1752593508535.jpg 581w\" sizes=\"auto, (max-width: 294px) 100vw, 294px\" \/><\/a>\n\t\t\t<\/div><\/figure>\n\t\t<\/div>\n\n<p data-start=\"1279\" data-end=\"1400\">\n","protected":false},"excerpt":{"rendered":"<p>En el marco de la conmemoraci\u00f3n del D\u00eda del Bombero, los estudiantes de segundo medio del Instituto Santa Mar\u00eda de San Carlos realizaron un emotivo homenaje en reconocimiento a la labor de los voluntarios que d\u00eda a d\u00eda arriesgan sus vidas por el bienestar de la comunidad. Durante la actividad, los j\u00f3venes expresaron su gratitud [&hellip;]<\/p>\n","protected":false},"author":1,"featured_media":15711,"comment_status":"closed","ping_status":"closed","sticky":false,"template":"","format":"standard","meta":{"_price":"","_stock":"","_tribe_ticket_header":"","_tribe_default_ticket_provider":"","_tribe_ticket_capacity":"0","_ticket_start_date":"","_ticket_end_date":"","_tribe_ticket_show_description":"","_tribe_ticket_show_not_going":false,"_tribe_ticket_use_global_stock":"","_tribe_ticket_global_stock_level":"","_global_stock_mode":"","_global_stock_cap":"","_tribe_rsvp_for_event":"","_tribe_ticket_going_count":"","_tribe_ticket_not_going_count":"","_tribe_tickets_list":"[]","_tribe_ticket_has_attendee_info_fields":false,"footnotes":""},"categories":[144],"tags":[],"class_list":["post-15710","post","type-post","status-publish","format-standard","has-post-thumbnail","hentry","category-noticias"],"yoast_head":"<!-- This site is optimized with the Yoast SEO plugin v25.6 - https:\/\/yoast.com\/wordpress\/plugins\/seo\/ -->\n<title>Estudiantes del Instituto Santa Mar\u00eda de San Carlos rinden homenaje a los Bomberos en su d\u00eda | Instituto Santa Mar\u00eda - San Carlos<\/title>\n<meta name=\"robots\" content=\"index, follow, max-snippet:-1, max-image-preview:large, max-video-preview:-1\" \/>\n<link rel=\"canonical\" href=\"https:\/\/ismsancarlos.cl\/site2\/estudiantes-del-instituto-santa-maria-de-san-carlos-rinden-homenaje-a-los-bomberos-en-su-dia\/\" \/>\n<meta property=\"og:locale\" content=\"es_ES\" \/>\n<meta property=\"og:type\" content=\"article\" \/>\n<meta property=\"og:title\" content=\"Estudiantes del Instituto Santa Mar\u00eda de San Carlos rinden homenaje a los Bomberos en su d\u00eda | Instituto Santa Mar\u00eda - San Carlos\" \/>\n<meta property=\"og:description\" content=\"En el marco de la conmemoraci\u00f3n del D\u00eda del Bombero, los estudiantes de segundo medio del Instituto Santa Mar\u00eda de San Carlos realizaron un emotivo homenaje en reconocimiento a la labor de los voluntarios que d\u00eda a d\u00eda arriesgan sus vidas por el bienestar de la comunidad. Durante la actividad, los j\u00f3venes expresaron su gratitud [&hellip;]\" \/>\n<meta property=\"og:url\" content=\"https:\/\/ismsancarlos.cl\/site2\/estudiantes-del-instituto-santa-maria-de-san-carlos-rinden-homenaje-a-los-bomberos-en-su-dia\/\" \/>\n<meta property=\"og:site_name\" content=\"Instituto Santa Mar\u00eda - San Carlos\" \/>\n<meta property=\"article:publisher\" content=\"https:\/\/www.facebook.com\/insamach\" \/>\n<meta property=\"article:published_time\" content=\"2025-07-15T15:32:52+00:00\" \/>\n<meta property=\"og:image\" content=\"https:\/\/ismsancarlos.cl\/site2\/wp-content\/uploads\/2025\/07\/PHOTO-2025-07-14-17-21-26-e1752593508535.jpg\" \/>\n\t<meta property=\"og:image:width\" content=\"581\" \/>\n\t<meta property=\"og:image:height\" content=\"592\" \/>\n\t<meta property=\"og:image:type\" content=\"image\/jpeg\" \/>\n<meta name=\"author\" content=\"admin\" \/>\n<meta name=\"twitter:card\" content=\"summary_large_image\" \/>\n<meta name=\"twitter:label1\" content=\"Escrito por\" \/>\n\t<meta name=\"twitter:data1\" content=\"admin\" \/>\n\t<meta name=\"twitter:label2\" content=\"Tiempo de lectura\" \/>\n\t<meta name=\"twitter:data2\" content=\"1 minuto\" \/>\n<script type=\"application\/ld+json\" class=\"yoast-schema-graph\">{\"@context\":\"https:\/\/schema.org\",\"@graph\":[{\"@type\":\"Article\",\"@id\":\"https:\/\/ismsancarlos.cl\/site2\/estudiantes-del-instituto-santa-maria-de-san-carlos-rinden-homenaje-a-los-bomberos-en-su-dia\/#article\",\"isPartOf\":{\"@id\":\"https:\/\/ismsancarlos.cl\/site2\/estudiantes-del-instituto-santa-maria-de-san-carlos-rinden-homenaje-a-los-bomberos-en-su-dia\/\"},\"author\":{\"name\":\"admin\",\"@id\":\"https:\/\/ismsancarlos.cl\/site2\/#\/schema\/person\/6a23bdafb47e2c2a488fc70a8235ea7e\"},\"headline\":\"Estudiantes del Instituto Santa Mar\u00eda de San Carlos rinden homenaje a los Bomberos en su d\u00eda\",\"datePublished\":\"2025-07-15T15:32:52+00:00\",\"mainEntityOfPage\":{\"@id\":\"https:\/\/ismsancarlos.cl\/site2\/estudiantes-del-instituto-santa-maria-de-san-carlos-rinden-homenaje-a-los-bomberos-en-su-dia\/\"},\"wordCount\":184,\"publisher\":{\"@id\":\"https:\/\/ismsancarlos.cl\/site2\/#organization\"},\"image\":{\"@id\":\"https:\/\/ismsancarlos.cl\/site2\/estudiantes-del-instituto-santa-maria-de-san-carlos-rinden-homenaje-a-los-bomberos-en-su-dia\/#primaryimage\"},\"thumbnailUrl\":\"https:\/\/ismsancarlos.cl\/site2\/wp-content\/uploads\/2025\/07\/PHOTO-2025-07-14-17-21-26-e1752593508535.jpg\",\"articleSection\":[\"Noticias\"],\"inLanguage\":\"es\"},{\"@type\":\"WebPage\",\"@id\":\"https:\/\/ismsancarlos.cl\/site2\/estudiantes-del-instituto-santa-maria-de-san-carlos-rinden-homenaje-a-los-bomberos-en-su-dia\/\",\"url\":\"https:\/\/ismsancarlos.cl\/site2\/estudiantes-del-instituto-santa-maria-de-san-carlos-rinden-homenaje-a-los-bomberos-en-su-dia\/\",\"name\":\"Estudiantes del Instituto Santa Mar\u00eda de San Carlos rinden homenaje a los Bomberos en su d\u00eda | Instituto Santa Mar\u00eda - San Carlos\",\"isPartOf\":{\"@id\":\"https:\/\/ismsancarlos.cl\/site2\/#website\"},\"primaryImageOfPage\":{\"@id\":\"https:\/\/ismsancarlos.cl\/site2\/estudiantes-del-instituto-santa-maria-de-san-carlos-rinden-homenaje-a-los-bomberos-en-su-dia\/#primaryimage\"},\"image\":{\"@id\":\"https:\/\/ismsancarlos.cl\/site2\/estudiantes-del-instituto-santa-maria-de-san-carlos-rinden-homenaje-a-los-bomberos-en-su-dia\/#primaryimage\"},\"thumbnailUrl\":\"https:\/\/ismsancarlos.cl\/site2\/wp-content\/uploads\/2025\/07\/PHOTO-2025-07-14-17-21-26-e1752593508535.jpg\",\"datePublished\":\"2025-07-15T15:32:52+00:00\",\"breadcrumb\":{\"@id\":\"https:\/\/ismsancarlos.cl\/site2\/estudiantes-del-instituto-santa-maria-de-san-carlos-rinden-homenaje-a-los-bomberos-en-su-dia\/#breadcrumb\"},\"inLanguage\":\"es\",\"potentialAction\":[{\"@type\":\"ReadAction\",\"target\":[\"https:\/\/ismsancarlos.cl\/site2\/estudiantes-del-instituto-santa-maria-de-san-carlos-rinden-homenaje-a-los-bomberos-en-su-dia\/\"]}]},{\"@type\":\"ImageObject\",\"inLanguage\":\"es\",\"@id\":\"https:\/\/ismsancarlos.cl\/site2\/estudiantes-del-instituto-santa-maria-de-san-carlos-rinden-homenaje-a-los-bomberos-en-su-dia\/#primaryimage\",\"url\":\"https:\/\/ismsancarlos.cl\/site2\/wp-content\/uploads\/2025\/07\/PHOTO-2025-07-14-17-21-26-e1752593508535.jpg\",\"contentUrl\":\"https:\/\/ismsancarlos.cl\/site2\/wp-content\/uploads\/2025\/07\/PHOTO-2025-07-14-17-21-26-e1752593508535.jpg\",\"width\":581,\"height\":592},{\"@type\":\"BreadcrumbList\",\"@id\":\"https:\/\/ismsancarlos.cl\/site2\/estudiantes-del-instituto-santa-maria-de-san-carlos-rinden-homenaje-a-los-bomberos-en-su-dia\/#breadcrumb\",\"itemListElement\":[{\"@type\":\"ListItem\",\"position\":1,\"name\":\"Portada\",\"item\":\"https:\/\/ismsancarlos.cl\/site2\/\"},{\"@type\":\"ListItem\",\"position\":2,\"name\":\"Estudiantes del Instituto Santa Mar\u00eda de San Carlos rinden homenaje a los Bomberos en su d\u00eda\"}]},{\"@type\":\"WebSite\",\"@id\":\"https:\/\/ismsancarlos.cl\/site2\/#website\",\"url\":\"https:\/\/ismsancarlos.cl\/site2\/\",\"name\":\"Instituto Santa Mar\u00eda - San Carlos\",\"description\":\"&quot;Aprender m\u00e1s para servir mejor&quot;\",\"publisher\":{\"@id\":\"https:\/\/ismsancarlos.cl\/site2\/#organization\"},\"potentialAction\":[{\"@type\":\"SearchAction\",\"target\":{\"@type\":\"EntryPoint\",\"urlTemplate\":\"https:\/\/ismsancarlos.cl\/site2\/?s={search_term_string}\"},\"query-input\":{\"@type\":\"PropertyValueSpecification\",\"valueRequired\":true,\"valueName\":\"search_term_string\"}}],\"inLanguage\":\"es\"},{\"@type\":\"Organization\",\"@id\":\"https:\/\/ismsancarlos.cl\/site2\/#organization\",\"name\":\"Instituto Santa Mar\u00eda Chill\u00e1n\",\"url\":\"https:\/\/ismsancarlos.cl\/site2\/\",\"logo\":{\"@type\":\"ImageObject\",\"inLanguage\":\"es\",\"@id\":\"https:\/\/ismsancarlos.cl\/site2\/#\/schema\/logo\/image\/\",\"url\":\"https:\/\/ismchillan.cl\/site\/wp-content\/uploads\/2021\/02\/logo-ISM-Chillan.png\",\"contentUrl\":\"https:\/\/ismchillan.cl\/site\/wp-content\/uploads\/2021\/02\/logo-ISM-Chillan.png\",\"width\":746,\"height\":228,\"caption\":\"Instituto Santa Mar\u00eda Chill\u00e1n\"},\"image\":{\"@id\":\"https:\/\/ismsancarlos.cl\/site2\/#\/schema\/logo\/image\/\"},\"sameAs\":[\"https:\/\/www.facebook.com\/insamach\",\"https:\/\/www.instagram.com\/ism_chillan\/?hl=es-la\",\"https:\/\/www.youtube.com\/channel\/UCU8IW1d8akOJJTePPCCMjjA\"]},{\"@type\":\"Person\",\"@id\":\"https:\/\/ismsancarlos.cl\/site2\/#\/schema\/person\/6a23bdafb47e2c2a488fc70a8235ea7e\",\"name\":\"admin\",\"image\":{\"@type\":\"ImageObject\",\"inLanguage\":\"es\",\"@id\":\"https:\/\/ismsancarlos.cl\/site2\/#\/schema\/person\/image\/\",\"url\":\"https:\/\/secure.gravatar.com\/avatar\/8ac7f29e194fb7442e8e75b6f1c9477abd0dacb32722a8cb6ad498b642eb5d0b?s=96&d=mm&r=g\",\"contentUrl\":\"https:\/\/secure.gravatar.com\/avatar\/8ac7f29e194fb7442e8e75b6f1c9477abd0dacb32722a8cb6ad498b642eb5d0b?s=96&d=mm&r=g\",\"caption\":\"admin\"},\"sameAs\":[\"https:\/\/ismchillan.cl\/site\"]}]}<\/script>\n<!-- \/ Yoast SEO plugin. -->","yoast_head_json":{"title":"Estudiantes del Instituto Santa Mar\u00eda de San Carlos rinden homenaje a los Bomberos en su d\u00eda | Instituto Santa Mar\u00eda - San Carlos","robots":{"index":"index","follow":"follow","max-snippet":"max-snippet:-1","max-image-preview":"max-image-preview:large","max-video-preview":"max-video-preview:-1"},"canonical":"https:\/\/ismsancarlos.cl\/site2\/estudiantes-del-instituto-santa-maria-de-san-carlos-rinden-homenaje-a-los-bomberos-en-su-dia\/","og_locale":"es_ES","og_type":"article","og_title":"Estudiantes del Instituto Santa Mar\u00eda de San Carlos rinden homenaje a los Bomberos en su d\u00eda | Instituto Santa Mar\u00eda - San Carlos","og_description":"En el marco de la conmemoraci\u00f3n del D\u00eda del Bombero, los estudiantes de segundo medio del Instituto Santa Mar\u00eda de San Carlos realizaron un emotivo homenaje en reconocimiento a la labor de los voluntarios que d\u00eda a d\u00eda arriesgan sus vidas por el bienestar de la comunidad. Durante la actividad, los j\u00f3venes expresaron su gratitud [&hellip;]","og_url":"https:\/\/ismsancarlos.cl\/site2\/estudiantes-del-instituto-santa-maria-de-san-carlos-rinden-homenaje-a-los-bomberos-en-su-dia\/","og_site_name":"Instituto Santa Mar\u00eda - San Carlos","article_publisher":"https:\/\/www.facebook.com\/insamach","article_published_time":"2025-07-15T15:32:52+00:00","og_image":[{"width":581,"height":592,"url":"https:\/\/ismsancarlos.cl\/site2\/wp-content\/uploads\/2025\/07\/PHOTO-2025-07-14-17-21-26-e1752593508535.jpg","type":"image\/jpeg"}],"author":"admin","twitter_card":"summary_large_image","twitter_misc":{"Escrito por":"admin","Tiempo de lectura":"1 minuto"},"schema":{"@context":"https:\/\/schema.org","@graph":[{"@type":"Article","@id":"https:\/\/ismsancarlos.cl\/site2\/estudiantes-del-instituto-santa-maria-de-san-carlos-rinden-homenaje-a-los-bomberos-en-su-dia\/#article","isPartOf":{"@id":"https:\/\/ismsancarlos.cl\/site2\/estudiantes-del-instituto-santa-maria-de-san-carlos-rinden-homenaje-a-los-bomberos-en-su-dia\/"},"author":{"name":"admin","@id":"https:\/\/ismsancarlos.cl\/site2\/#\/schema\/person\/6a23bdafb47e2c2a488fc70a8235ea7e"},"headline":"Estudiantes del Instituto Santa Mar\u00eda de San Carlos rinden homenaje a los Bomberos en su d\u00eda","datePublished":"2025-07-15T15:32:52+00:00","mainEntityOfPage":{"@id":"https:\/\/ismsancarlos.cl\/site2\/estudiantes-del-instituto-santa-maria-de-san-carlos-rinden-homenaje-a-los-bomberos-en-su-dia\/"},"wordCount":184,"publisher":{"@id":"https:\/\/ismsancarlos.cl\/site2\/#organization"},"image":{"@id":"https:\/\/ismsancarlos.cl\/site2\/estudiantes-del-instituto-santa-maria-de-san-carlos-rinden-homenaje-a-los-bomberos-en-su-dia\/#primaryimage"},"thumbnailUrl":"https:\/\/ismsancarlos.cl\/site2\/wp-content\/uploads\/2025\/07\/PHOTO-2025-07-14-17-21-26-e1752593508535.jpg","articleSection":["Noticias"],"inLanguage":"es"},{"@type":"WebPage","@id":"https:\/\/ismsancarlos.cl\/site2\/estudiantes-del-instituto-santa-maria-de-san-carlos-rinden-homenaje-a-los-bomberos-en-su-dia\/","url":"https:\/\/ismsancarlos.cl\/site2\/estudiantes-del-instituto-santa-maria-de-san-carlos-rinden-homenaje-a-los-bomberos-en-su-dia\/","name":"Estudiantes del Instituto Santa Mar\u00eda de San Carlos rinden homenaje a los Bomberos en su d\u00eda | Instituto Santa Mar\u00eda - San Carlos","isPartOf":{"@id":"https:\/\/ismsancarlos.cl\/site2\/#website"},"primaryImageOfPage":{"@id":"https:\/\/ismsancarlos.cl\/site2\/estudiantes-del-instituto-santa-maria-de-san-carlos-rinden-homenaje-a-los-bomberos-en-su-dia\/#primaryimage"},"image":{"@id":"https:\/\/ismsancarlos.cl\/site2\/estudiantes-del-instituto-santa-maria-de-san-carlos-rinden-homenaje-a-los-bomberos-en-su-dia\/#primaryimage"},"thumbnailUrl":"https:\/\/ismsancarlos.cl\/site2\/wp-content\/uploads\/2025\/07\/PHOTO-2025-07-14-17-21-26-e1752593508535.jpg","datePublished":"2025-07-15T15:32:52+00:00","breadcrumb":{"@id":"https:\/\/ismsancarlos.cl\/site2\/estudiantes-del-instituto-santa-maria-de-san-carlos-rinden-homenaje-a-los-bomberos-en-su-dia\/#breadcrumb"},"inLanguage":"es","potentialAction":[{"@type":"ReadAction","target":["https:\/\/ismsancarlos.cl\/site2\/estudiantes-del-instituto-santa-maria-de-san-carlos-rinden-homenaje-a-los-bomberos-en-su-dia\/"]}]},{"@type":"ImageObject","inLanguage":"es","@id":"https:\/\/ismsancarlos.cl\/site2\/estudiantes-del-instituto-santa-maria-de-san-carlos-rinden-homenaje-a-los-bomberos-en-su-dia\/#primaryimage","url":"https:\/\/ismsancarlos.cl\/site2\/wp-content\/uploads\/2025\/07\/PHOTO-2025-07-14-17-21-26-e1752593508535.jpg","contentUrl":"https:\/\/ismsancarlos.cl\/site2\/wp-content\/uploads\/2025\/07\/PHOTO-2025-07-14-17-21-26-e1752593508535.jpg","width":581,"height":592},{"@type":"BreadcrumbList","@id":"https:\/\/ismsancarlos.cl\/site2\/estudiantes-del-instituto-santa-maria-de-san-carlos-rinden-homenaje-a-los-bomberos-en-su-dia\/#breadcrumb","itemListElement":[{"@type":"ListItem","position":1,"name":"Portada","item":"https:\/\/ismsancarlos.cl\/site2\/"},{"@type":"ListItem","position":2,"name":"Estudiantes del Instituto Santa Mar\u00eda de San Carlos rinden homenaje a los Bomberos en su d\u00eda"}]},{"@type":"WebSite","@id":"https:\/\/ismsancarlos.cl\/site2\/#website","url":"https:\/\/ismsancarlos.cl\/site2\/","name":"Instituto Santa Mar\u00eda - San Carlos","description":"&quot;Aprender m\u00e1s para servir mejor&quot;","publisher":{"@id":"https:\/\/ismsancarlos.cl\/site2\/#organization"},"potentialAction":[{"@type":"SearchAction","target":{"@type":"EntryPoint","urlTemplate":"https:\/\/ismsancarlos.cl\/site2\/?s={search_term_string}"},"query-input":{"@type":"PropertyValueSpecification","valueRequired":true,"valueName":"search_term_string"}}],"inLanguage":"es"},{"@type":"Organization","@id":"https:\/\/ismsancarlos.cl\/site2\/#organization","name":"Instituto Santa Mar\u00eda Chill\u00e1n","url":"https:\/\/ismsancarlos.cl\/site2\/","logo":{"@type":"ImageObject","inLanguage":"es","@id":"https:\/\/ismsancarlos.cl\/site2\/#\/schema\/logo\/image\/","url":"https:\/\/ismchillan.cl\/site\/wp-content\/uploads\/2021\/02\/logo-ISM-Chillan.png","contentUrl":"https:\/\/ismchillan.cl\/site\/wp-content\/uploads\/2021\/02\/logo-ISM-Chillan.png","width":746,"height":228,"caption":"Instituto Santa Mar\u00eda Chill\u00e1n"},"image":{"@id":"https:\/\/ismsancarlos.cl\/site2\/#\/schema\/logo\/image\/"},"sameAs":["https:\/\/www.facebook.com\/insamach","https:\/\/www.instagram.com\/ism_chillan\/?hl=es-la","https:\/\/www.youtube.com\/channel\/UCU8IW1d8akOJJTePPCCMjjA"]},{"@type":"Person","@id":"https:\/\/ismsancarlos.cl\/site2\/#\/schema\/person\/6a23bdafb47e2c2a488fc70a8235ea7e","name":"admin","image":{"@type":"ImageObject","inLanguage":"es","@id":"https:\/\/ismsancarlos.cl\/site2\/#\/schema\/person\/image\/","url":"https:\/\/secure.gravatar.com\/avatar\/8ac7f29e194fb7442e8e75b6f1c9477abd0dacb32722a8cb6ad498b642eb5d0b?s=96&d=mm&r=g","contentUrl":"https:\/\/secure.gravatar.com\/avatar\/8ac7f29e194fb7442e8e75b6f1c9477abd0dacb32722a8cb6ad498b642eb5d0b?s=96&d=mm&r=g","caption":"admin"},"sameAs":["https:\/\/ismchillan.cl\/site"]}]}},"_links":{"self":[{"href":"https:\/\/ismsancarlos.cl\/site2\/wp-json\/wp\/v2\/posts\/15710","targetHints":{"allow":["GET"]}}],"collection":[{"href":"https:\/\/ismsancarlos.cl\/site2\/wp-json\/wp\/v2\/posts"}],"about":[{"href":"https:\/\/ismsancarlos.cl\/site2\/wp-json\/wp\/v2\/types\/post"}],"author":[{"embeddable":true,"href":"https:\/\/ismsancarlos.cl\/site2\/wp-json\/wp\/v2\/users\/1"}],"replies":[{"embeddable":true,"href":"https:\/\/ismsancarlos.cl\/site2\/wp-json\/wp\/v2\/comments?post=15710"}],"version-history":[{"count":2,"href":"https:\/\/ismsancarlos.cl\/site2\/wp-json\/wp\/v2\/posts\/15710\/revisions"}],"predecessor-version":[{"id":15717,"href":"https:\/\/ismsancarlos.cl\/site2\/wp-json\/wp\/v2\/posts\/15710\/revisions\/15717"}],"wp:featuredmedia":[{"embeddable":true,"href":"https:\/\/ismsancarlos.cl\/site2\/wp-json\/wp\/v2\/media\/15711"}],"wp:attachment":[{"href":"https:\/\/ismsancarlos.cl\/site2\/wp-json\/wp\/v2\/media?parent=15710"}],"wp:term":[{"taxonomy":"category","embeddable":true,"href":"https:\/\/ismsancarlos.cl\/site2\/wp-json\/wp\/v2\/categories?post=15710"},{"taxonomy":"post_tag","embeddable":true,"href":"https:\/\/ismsancarlos.cl\/site2\/wp-json\/wp\/v2\/tags?post=15710"}],"curies":[{"name":"wp","href":"https:\/\/api.w.org\/{rel}","templated":true}]}}