{"id":15698,"date":"2025-07-10T17:07:29","date_gmt":"2025-07-10T20:07:29","guid":{"rendered":"https:\/\/ismsancarlos.cl\/site2\/?p=15698"},"modified":"2025-07-10T17:10:21","modified_gmt":"2025-07-10T20:10:21","slug":"rafaela-ravanal-elgueta-del-iiio-a-medio-nuevamente-es-parte-de-la-seleccion-chilena-de-balonmano-playa","status":"publish","type":"post","link":"https:\/\/ismsancarlos.cl\/site2\/rafaela-ravanal-elgueta-del-iiio-a-medio-nuevamente-es-parte-de-la-seleccion-chilena-de-balonmano-playa\/","title":{"rendered":"\u00a0RAFAELA RAVANAL ELGUETA del III\u00ba A medio, nuevamente es parte de la\u00a0Selecci\u00f3n Chilena de Balonmano Playa"},"content":{"rendered":"<div>Este 2025 nuestra estudiante\u00a0RAFAELA RAVANAL ELGUETA del III\u00ba A medio, nuevamente es parte de la\u00a0Selecci\u00f3n Chilena de Balonmano Playa categor\u00eda juvenil\u00a0 y adulta\u00a0que representar\u00e1 a nuestro pa\u00eds en un torneo internacional en Brasil en el mes de agosto .<\/div>\n<div>Otro gran logro de Rafaela es que\u00a0 est\u00e1\u00a0invitada a unirse al equipo oficial del\u00a0Club de Balonmano playa de PARA\u00cdBA\u00a0en la temporada 2025 y participar de la Copa brasile\u00f1a balonmano playa del 15 al 25 de agosto, lugar Jo\u00e3o Pessoa Para\u00edba y la etapa final del circuito nacional de ese pa\u00eds, del 11 al 14 de diciembre\u00a0 en Antonina-Paran\u00e1 Brasil.<\/div>\n<div>Lo anterior, le exige entrenar de manera permanente, participar de periodos de concentraciones, giras deportivas de preparaci\u00f3n y representar a Chile y a su nuevo Club en los distintos torneos nacionales e internacionales.<\/div>\n<div>Felicitamos a Rafaela y a su familia por sus importantes logros y estamos muy orgullosos que sea parte de nuestra comunidad educativa.<\/div>\n<div><\/div>\n<div>\n<div id='gallery-1' class='gallery galleryid-15698 gallery-columns-3 gallery-size-thumbnail'><figure class='gallery-item'>\n\t\t\t<div class='gallery-icon landscape'>\n\t\t\t\t<a href='https:\/\/ismsancarlos.cl\/site2\/rafaela-ravanal-elgueta-del-iiio-a-medio-nuevamente-es-parte-de-la-seleccion-chilena-de-balonmano-playa\/whatsapp-image-2025-07-09-at-5-42-05-pm\/'><img loading=\"lazy\" decoding=\"async\" width=\"150\" height=\"150\" src=\"https:\/\/ismsancarlos.cl\/site2\/wp-content\/uploads\/2025\/07\/WhatsApp-Image-2025-07-09-at-5.42.05-PM-150x150.jpeg\" class=\"attachment-thumbnail size-thumbnail\" alt=\"\" \/><\/a>\n\t\t\t<\/div><\/figure><figure class='gallery-item'>\n\t\t\t<div class='gallery-icon landscape'>\n\t\t\t\t<a href='https:\/\/ismsancarlos.cl\/site2\/rafaela-ravanal-elgueta-del-iiio-a-medio-nuevamente-es-parte-de-la-seleccion-chilena-de-balonmano-playa\/whatsapp-image-2025-07-09-at-5-42-05-pm-2\/'><img loading=\"lazy\" decoding=\"async\" width=\"150\" height=\"150\" src=\"https:\/\/ismsancarlos.cl\/site2\/wp-content\/uploads\/2025\/07\/WhatsApp-Image-2025-07-09-at-5.42.05-PM-2-150x150.jpeg\" class=\"attachment-thumbnail size-thumbnail\" alt=\"\" \/><\/a>\n\t\t\t<\/div><\/figure><figure class='gallery-item'>\n\t\t\t<div class='gallery-icon portrait'>\n\t\t\t\t<a href='https:\/\/ismsancarlos.cl\/site2\/rafaela-ravanal-elgueta-del-iiio-a-medio-nuevamente-es-parte-de-la-seleccion-chilena-de-balonmano-playa\/whatsapp-image-2025-07-09-at-5-42-04-pm-1\/'><img loading=\"lazy\" decoding=\"async\" width=\"150\" height=\"150\" src=\"https:\/\/ismsancarlos.cl\/site2\/wp-content\/uploads\/2025\/07\/WhatsApp-Image-2025-07-09-at-5.42.04-PM-1-150x150.jpeg\" class=\"attachment-thumbnail size-thumbnail\" alt=\"\" \/><\/a>\n\t\t\t<\/div><\/figure>\n\t\t<\/div>\n\n<\/div>\n<div><\/div>\n","protected":false},"excerpt":{"rendered":"<p>Este 2025 nuestra estudiante\u00a0RAFAELA RAVANAL ELGUETA del III\u00ba A medio, nuevamente es parte de la\u00a0Selecci\u00f3n Chilena de Balonmano Playa categor\u00eda juvenil\u00a0 y adulta\u00a0que representar\u00e1 a nuestro pa\u00eds en un torneo internacional en Brasil en el mes de agosto . Otro gran logro de Rafaela es que\u00a0 est\u00e1\u00a0invitada a unirse al equipo oficial del\u00a0Club de Balonmano [&hellip;]<\/p>\n","protected":false},"author":1,"featured_media":15699,"comment_status":"closed","ping_status":"closed","sticky":false,"template":"","format":"standard","meta":{"_price":"","_stock":"","_tribe_ticket_header":"","_tribe_default_ticket_provider":"","_tribe_ticket_capacity":"0","_ticket_start_date":"","_ticket_end_date":"","_tribe_ticket_show_description":"","_tribe_ticket_show_not_going":false,"_tribe_ticket_use_global_stock":"","_tribe_ticket_global_stock_level":"","_global_stock_mode":"","_global_stock_cap":"","_tribe_rsvp_for_event":"","_tribe_ticket_going_count":"","_tribe_ticket_not_going_count":"","_tribe_tickets_list":"[]","_tribe_ticket_has_attendee_info_fields":false,"footnotes":""},"categories":[144],"tags":[],"class_list":["post-15698","post","type-post","status-publish","format-standard","has-post-thumbnail","hentry","category-noticias"],"yoast_head":"<!-- This site is optimized with the Yoast SEO plugin v25.6 - https:\/\/yoast.com\/wordpress\/plugins\/seo\/ -->\n<title>\u00a0RAFAELA RAVANAL ELGUETA del III\u00ba A medio, nuevamente es parte de la\u00a0Selecci\u00f3n Chilena de Balonmano Playa | Instituto Santa Mar\u00eda - San Carlos<\/title>\n<meta name=\"robots\" content=\"index, follow, max-snippet:-1, max-image-preview:large, max-video-preview:-1\" \/>\n<link rel=\"canonical\" href=\"https:\/\/ismsancarlos.cl\/site2\/rafaela-ravanal-elgueta-del-iiio-a-medio-nuevamente-es-parte-de-la-seleccion-chilena-de-balonmano-playa\/\" \/>\n<meta property=\"og:locale\" content=\"es_ES\" \/>\n<meta property=\"og:type\" content=\"article\" \/>\n<meta property=\"og:title\" content=\"\u00a0RAFAELA RAVANAL ELGUETA del III\u00ba A medio, nuevamente es parte de la\u00a0Selecci\u00f3n Chilena de Balonmano Playa | Instituto Santa Mar\u00eda - San Carlos\" \/>\n<meta property=\"og:description\" content=\"Este 2025 nuestra estudiante\u00a0RAFAELA RAVANAL ELGUETA del III\u00ba A medio, nuevamente es parte de la\u00a0Selecci\u00f3n Chilena de Balonmano Playa categor\u00eda juvenil\u00a0 y adulta\u00a0que representar\u00e1 a nuestro pa\u00eds en un torneo internacional en Brasil en el mes de agosto . Otro gran logro de Rafaela es que\u00a0 est\u00e1\u00a0invitada a unirse al equipo oficial del\u00a0Club de Balonmano [&hellip;]\" \/>\n<meta property=\"og:url\" content=\"https:\/\/ismsancarlos.cl\/site2\/rafaela-ravanal-elgueta-del-iiio-a-medio-nuevamente-es-parte-de-la-seleccion-chilena-de-balonmano-playa\/\" \/>\n<meta property=\"og:site_name\" content=\"Instituto Santa Mar\u00eda - San Carlos\" \/>\n<meta property=\"article:publisher\" content=\"https:\/\/www.facebook.com\/insamach\" \/>\n<meta property=\"article:published_time\" content=\"2025-07-10T20:07:29+00:00\" \/>\n<meta property=\"article:modified_time\" content=\"2025-07-10T20:10:21+00:00\" \/>\n<meta property=\"og:image\" content=\"https:\/\/ismsancarlos.cl\/site2\/wp-content\/uploads\/2025\/07\/WhatsApp-Image-2025-07-09-at-5.42.21-PM-scaled.jpeg\" \/>\n\t<meta property=\"og:image:width\" content=\"1920\" \/>\n\t<meta property=\"og:image:height\" content=\"2560\" \/>\n\t<meta property=\"og:image:type\" content=\"image\/jpeg\" \/>\n<meta name=\"author\" content=\"admin\" \/>\n<meta name=\"twitter:card\" content=\"summary_large_image\" \/>\n<meta name=\"twitter:label1\" content=\"Escrito por\" \/>\n\t<meta name=\"twitter:data1\" content=\"admin\" \/>\n\t<meta name=\"twitter:label2\" content=\"Tiempo de lectura\" \/>\n\t<meta name=\"twitter:data2\" content=\"1 minuto\" \/>\n<script type=\"application\/ld+json\" class=\"yoast-schema-graph\">{\"@context\":\"https:\/\/schema.org\",\"@graph\":[{\"@type\":\"Article\",\"@id\":\"https:\/\/ismsancarlos.cl\/site2\/rafaela-ravanal-elgueta-del-iiio-a-medio-nuevamente-es-parte-de-la-seleccion-chilena-de-balonmano-playa\/#article\",\"isPartOf\":{\"@id\":\"https:\/\/ismsancarlos.cl\/site2\/rafaela-ravanal-elgueta-del-iiio-a-medio-nuevamente-es-parte-de-la-seleccion-chilena-de-balonmano-playa\/\"},\"author\":{\"name\":\"admin\",\"@id\":\"https:\/\/ismsancarlos.cl\/site2\/#\/schema\/person\/6a23bdafb47e2c2a488fc70a8235ea7e\"},\"headline\":\"\u00a0RAFAELA RAVANAL ELGUETA del III\u00ba A medio, nuevamente es parte de la\u00a0Selecci\u00f3n Chilena de Balonmano Playa\",\"datePublished\":\"2025-07-10T20:07:29+00:00\",\"dateModified\":\"2025-07-10T20:10:21+00:00\",\"mainEntityOfPage\":{\"@id\":\"https:\/\/ismsancarlos.cl\/site2\/rafaela-ravanal-elgueta-del-iiio-a-medio-nuevamente-es-parte-de-la-seleccion-chilena-de-balonmano-playa\/\"},\"wordCount\":181,\"publisher\":{\"@id\":\"https:\/\/ismsancarlos.cl\/site2\/#organization\"},\"image\":{\"@id\":\"https:\/\/ismsancarlos.cl\/site2\/rafaela-ravanal-elgueta-del-iiio-a-medio-nuevamente-es-parte-de-la-seleccion-chilena-de-balonmano-playa\/#primaryimage\"},\"thumbnailUrl\":\"https:\/\/ismsancarlos.cl\/site2\/wp-content\/uploads\/2025\/07\/WhatsApp-Image-2025-07-09-at-5.42.21-PM-scaled.jpeg\",\"articleSection\":[\"Noticias\"],\"inLanguage\":\"es\"},{\"@type\":\"WebPage\",\"@id\":\"https:\/\/ismsancarlos.cl\/site2\/rafaela-ravanal-elgueta-del-iiio-a-medio-nuevamente-es-parte-de-la-seleccion-chilena-de-balonmano-playa\/\",\"url\":\"https:\/\/ismsancarlos.cl\/site2\/rafaela-ravanal-elgueta-del-iiio-a-medio-nuevamente-es-parte-de-la-seleccion-chilena-de-balonmano-playa\/\",\"name\":\"\u00a0RAFAELA RAVANAL ELGUETA del III\u00ba A medio, nuevamente es parte de la\u00a0Selecci\u00f3n Chilena de Balonmano Playa | Instituto Santa Mar\u00eda - San Carlos\",\"isPartOf\":{\"@id\":\"https:\/\/ismsancarlos.cl\/site2\/#website\"},\"primaryImageOfPage\":{\"@id\":\"https:\/\/ismsancarlos.cl\/site2\/rafaela-ravanal-elgueta-del-iiio-a-medio-nuevamente-es-parte-de-la-seleccion-chilena-de-balonmano-playa\/#primaryimage\"},\"image\":{\"@id\":\"https:\/\/ismsancarlos.cl\/site2\/rafaela-ravanal-elgueta-del-iiio-a-medio-nuevamente-es-parte-de-la-seleccion-chilena-de-balonmano-playa\/#primaryimage\"},\"thumbnailUrl\":\"https:\/\/ismsancarlos.cl\/site2\/wp-content\/uploads\/2025\/07\/WhatsApp-Image-2025-07-09-at-5.42.21-PM-scaled.jpeg\",\"datePublished\":\"2025-07-10T20:07:29+00:00\",\"dateModified\":\"2025-07-10T20:10:21+00:00\",\"breadcrumb\":{\"@id\":\"https:\/\/ismsancarlos.cl\/site2\/rafaela-ravanal-elgueta-del-iiio-a-medio-nuevamente-es-parte-de-la-seleccion-chilena-de-balonmano-playa\/#breadcrumb\"},\"inLanguage\":\"es\",\"potentialAction\":[{\"@type\":\"ReadAction\",\"target\":[\"https:\/\/ismsancarlos.cl\/site2\/rafaela-ravanal-elgueta-del-iiio-a-medio-nuevamente-es-parte-de-la-seleccion-chilena-de-balonmano-playa\/\"]}]},{\"@type\":\"ImageObject\",\"inLanguage\":\"es\",\"@id\":\"https:\/\/ismsancarlos.cl\/site2\/rafaela-ravanal-elgueta-del-iiio-a-medio-nuevamente-es-parte-de-la-seleccion-chilena-de-balonmano-playa\/#primaryimage\",\"url\":\"https:\/\/ismsancarlos.cl\/site2\/wp-content\/uploads\/2025\/07\/WhatsApp-Image-2025-07-09-at-5.42.21-PM-scaled.jpeg\",\"contentUrl\":\"https:\/\/ismsancarlos.cl\/site2\/wp-content\/uploads\/2025\/07\/WhatsApp-Image-2025-07-09-at-5.42.21-PM-scaled.jpeg\",\"width\":1920,\"height\":2560},{\"@type\":\"BreadcrumbList\",\"@id\":\"https:\/\/ismsancarlos.cl\/site2\/rafaela-ravanal-elgueta-del-iiio-a-medio-nuevamente-es-parte-de-la-seleccion-chilena-de-balonmano-playa\/#breadcrumb\",\"itemListElement\":[{\"@type\":\"ListItem\",\"position\":1,\"name\":\"Portada\",\"item\":\"https:\/\/ismsancarlos.cl\/site2\/\"},{\"@type\":\"ListItem\",\"position\":2,\"name\":\"\u00a0RAFAELA RAVANAL ELGUETA del III\u00ba A medio, nuevamente es parte de la\u00a0Selecci\u00f3n Chilena de Balonmano Playa\"}]},{\"@type\":\"WebSite\",\"@id\":\"https:\/\/ismsancarlos.cl\/site2\/#website\",\"url\":\"https:\/\/ismsancarlos.cl\/site2\/\",\"name\":\"Instituto Santa Mar\u00eda - San Carlos\",\"description\":\"&quot;Aprender m\u00e1s para servir mejor&quot;\",\"publisher\":{\"@id\":\"https:\/\/ismsancarlos.cl\/site2\/#organization\"},\"potentialAction\":[{\"@type\":\"SearchAction\",\"target\":{\"@type\":\"EntryPoint\",\"urlTemplate\":\"https:\/\/ismsancarlos.cl\/site2\/?s={search_term_string}\"},\"query-input\":{\"@type\":\"PropertyValueSpecification\",\"valueRequired\":true,\"valueName\":\"search_term_string\"}}],\"inLanguage\":\"es\"},{\"@type\":\"Organization\",\"@id\":\"https:\/\/ismsancarlos.cl\/site2\/#organization\",\"name\":\"Instituto Santa Mar\u00eda Chill\u00e1n\",\"url\":\"https:\/\/ismsancarlos.cl\/site2\/\",\"logo\":{\"@type\":\"ImageObject\",\"inLanguage\":\"es\",\"@id\":\"https:\/\/ismsancarlos.cl\/site2\/#\/schema\/logo\/image\/\",\"url\":\"https:\/\/ismchillan.cl\/site\/wp-content\/uploads\/2021\/02\/logo-ISM-Chillan.png\",\"contentUrl\":\"https:\/\/ismchillan.cl\/site\/wp-content\/uploads\/2021\/02\/logo-ISM-Chillan.png\",\"width\":746,\"height\":228,\"caption\":\"Instituto Santa Mar\u00eda Chill\u00e1n\"},\"image\":{\"@id\":\"https:\/\/ismsancarlos.cl\/site2\/#\/schema\/logo\/image\/\"},\"sameAs\":[\"https:\/\/www.facebook.com\/insamach\",\"https:\/\/www.instagram.com\/ism_chillan\/?hl=es-la\",\"https:\/\/www.youtube.com\/channel\/UCU8IW1d8akOJJTePPCCMjjA\"]},{\"@type\":\"Person\",\"@id\":\"https:\/\/ismsancarlos.cl\/site2\/#\/schema\/person\/6a23bdafb47e2c2a488fc70a8235ea7e\",\"name\":\"admin\",\"image\":{\"@type\":\"ImageObject\",\"inLanguage\":\"es\",\"@id\":\"https:\/\/ismsancarlos.cl\/site2\/#\/schema\/person\/image\/\",\"url\":\"https:\/\/secure.gravatar.com\/avatar\/8ac7f29e194fb7442e8e75b6f1c9477abd0dacb32722a8cb6ad498b642eb5d0b?s=96&d=mm&r=g\",\"contentUrl\":\"https:\/\/secure.gravatar.com\/avatar\/8ac7f29e194fb7442e8e75b6f1c9477abd0dacb32722a8cb6ad498b642eb5d0b?s=96&d=mm&r=g\",\"caption\":\"admin\"},\"sameAs\":[\"https:\/\/ismchillan.cl\/site\"]}]}<\/script>\n<!-- \/ Yoast SEO plugin. -->","yoast_head_json":{"title":"\u00a0RAFAELA RAVANAL ELGUETA del III\u00ba A medio, nuevamente es parte de la\u00a0Selecci\u00f3n Chilena de Balonmano Playa | Instituto Santa Mar\u00eda - San Carlos","robots":{"index":"index","follow":"follow","max-snippet":"max-snippet:-1","max-image-preview":"max-image-preview:large","max-video-preview":"max-video-preview:-1"},"canonical":"https:\/\/ismsancarlos.cl\/site2\/rafaela-ravanal-elgueta-del-iiio-a-medio-nuevamente-es-parte-de-la-seleccion-chilena-de-balonmano-playa\/","og_locale":"es_ES","og_type":"article","og_title":"\u00a0RAFAELA RAVANAL ELGUETA del III\u00ba A medio, nuevamente es parte de la\u00a0Selecci\u00f3n Chilena de Balonmano Playa | Instituto Santa Mar\u00eda - San Carlos","og_description":"Este 2025 nuestra estudiante\u00a0RAFAELA RAVANAL ELGUETA del III\u00ba A medio, nuevamente es parte de la\u00a0Selecci\u00f3n Chilena de Balonmano Playa categor\u00eda juvenil\u00a0 y adulta\u00a0que representar\u00e1 a nuestro pa\u00eds en un torneo internacional en Brasil en el mes de agosto . Otro gran logro de Rafaela es que\u00a0 est\u00e1\u00a0invitada a unirse al equipo oficial del\u00a0Club de Balonmano [&hellip;]","og_url":"https:\/\/ismsancarlos.cl\/site2\/rafaela-ravanal-elgueta-del-iiio-a-medio-nuevamente-es-parte-de-la-seleccion-chilena-de-balonmano-playa\/","og_site_name":"Instituto Santa Mar\u00eda - San Carlos","article_publisher":"https:\/\/www.facebook.com\/insamach","article_published_time":"2025-07-10T20:07:29+00:00","article_modified_time":"2025-07-10T20:10:21+00:00","og_image":[{"width":1920,"height":2560,"url":"https:\/\/ismsancarlos.cl\/site2\/wp-content\/uploads\/2025\/07\/WhatsApp-Image-2025-07-09-at-5.42.21-PM-scaled.jpeg","type":"image\/jpeg"}],"author":"admin","twitter_card":"summary_large_image","twitter_misc":{"Escrito por":"admin","Tiempo de lectura":"1 minuto"},"schema":{"@context":"https:\/\/schema.org","@graph":[{"@type":"Article","@id":"https:\/\/ismsancarlos.cl\/site2\/rafaela-ravanal-elgueta-del-iiio-a-medio-nuevamente-es-parte-de-la-seleccion-chilena-de-balonmano-playa\/#article","isPartOf":{"@id":"https:\/\/ismsancarlos.cl\/site2\/rafaela-ravanal-elgueta-del-iiio-a-medio-nuevamente-es-parte-de-la-seleccion-chilena-de-balonmano-playa\/"},"author":{"name":"admin","@id":"https:\/\/ismsancarlos.cl\/site2\/#\/schema\/person\/6a23bdafb47e2c2a488fc70a8235ea7e"},"headline":"\u00a0RAFAELA RAVANAL ELGUETA del III\u00ba A medio, nuevamente es parte de la\u00a0Selecci\u00f3n Chilena de Balonmano Playa","datePublished":"2025-07-10T20:07:29+00:00","dateModified":"2025-07-10T20:10:21+00:00","mainEntityOfPage":{"@id":"https:\/\/ismsancarlos.cl\/site2\/rafaela-ravanal-elgueta-del-iiio-a-medio-nuevamente-es-parte-de-la-seleccion-chilena-de-balonmano-playa\/"},"wordCount":181,"publisher":{"@id":"https:\/\/ismsancarlos.cl\/site2\/#organization"},"image":{"@id":"https:\/\/ismsancarlos.cl\/site2\/rafaela-ravanal-elgueta-del-iiio-a-medio-nuevamente-es-parte-de-la-seleccion-chilena-de-balonmano-playa\/#primaryimage"},"thumbnailUrl":"https:\/\/ismsancarlos.cl\/site2\/wp-content\/uploads\/2025\/07\/WhatsApp-Image-2025-07-09-at-5.42.21-PM-scaled.jpeg","articleSection":["Noticias"],"inLanguage":"es"},{"@type":"WebPage","@id":"https:\/\/ismsancarlos.cl\/site2\/rafaela-ravanal-elgueta-del-iiio-a-medio-nuevamente-es-parte-de-la-seleccion-chilena-de-balonmano-playa\/","url":"https:\/\/ismsancarlos.cl\/site2\/rafaela-ravanal-elgueta-del-iiio-a-medio-nuevamente-es-parte-de-la-seleccion-chilena-de-balonmano-playa\/","name":"\u00a0RAFAELA RAVANAL ELGUETA del III\u00ba A medio, nuevamente es parte de la\u00a0Selecci\u00f3n Chilena de Balonmano Playa | Instituto Santa Mar\u00eda - San Carlos","isPartOf":{"@id":"https:\/\/ismsancarlos.cl\/site2\/#website"},"primaryImageOfPage":{"@id":"https:\/\/ismsancarlos.cl\/site2\/rafaela-ravanal-elgueta-del-iiio-a-medio-nuevamente-es-parte-de-la-seleccion-chilena-de-balonmano-playa\/#primaryimage"},"image":{"@id":"https:\/\/ismsancarlos.cl\/site2\/rafaela-ravanal-elgueta-del-iiio-a-medio-nuevamente-es-parte-de-la-seleccion-chilena-de-balonmano-playa\/#primaryimage"},"thumbnailUrl":"https:\/\/ismsancarlos.cl\/site2\/wp-content\/uploads\/2025\/07\/WhatsApp-Image-2025-07-09-at-5.42.21-PM-scaled.jpeg","datePublished":"2025-07-10T20:07:29+00:00","dateModified":"2025-07-10T20:10:21+00:00","breadcrumb":{"@id":"https:\/\/ismsancarlos.cl\/site2\/rafaela-ravanal-elgueta-del-iiio-a-medio-nuevamente-es-parte-de-la-seleccion-chilena-de-balonmano-playa\/#breadcrumb"},"inLanguage":"es","potentialAction":[{"@type":"ReadAction","target":["https:\/\/ismsancarlos.cl\/site2\/rafaela-ravanal-elgueta-del-iiio-a-medio-nuevamente-es-parte-de-la-seleccion-chilena-de-balonmano-playa\/"]}]},{"@type":"ImageObject","inLanguage":"es","@id":"https:\/\/ismsancarlos.cl\/site2\/rafaela-ravanal-elgueta-del-iiio-a-medio-nuevamente-es-parte-de-la-seleccion-chilena-de-balonmano-playa\/#primaryimage","url":"https:\/\/ismsancarlos.cl\/site2\/wp-content\/uploads\/2025\/07\/WhatsApp-Image-2025-07-09-at-5.42.21-PM-scaled.jpeg","contentUrl":"https:\/\/ismsancarlos.cl\/site2\/wp-content\/uploads\/2025\/07\/WhatsApp-Image-2025-07-09-at-5.42.21-PM-scaled.jpeg","width":1920,"height":2560},{"@type":"BreadcrumbList","@id":"https:\/\/ismsancarlos.cl\/site2\/rafaela-ravanal-elgueta-del-iiio-a-medio-nuevamente-es-parte-de-la-seleccion-chilena-de-balonmano-playa\/#breadcrumb","itemListElement":[{"@type":"ListItem","position":1,"name":"Portada","item":"https:\/\/ismsancarlos.cl\/site2\/"},{"@type":"ListItem","position":2,"name":"\u00a0RAFAELA RAVANAL ELGUETA del III\u00ba A medio, nuevamente es parte de la\u00a0Selecci\u00f3n Chilena de Balonmano Playa"}]},{"@type":"WebSite","@id":"https:\/\/ismsancarlos.cl\/site2\/#website","url":"https:\/\/ismsancarlos.cl\/site2\/","name":"Instituto Santa Mar\u00eda - San Carlos","description":"&quot;Aprender m\u00e1s para servir mejor&quot;","publisher":{"@id":"https:\/\/ismsancarlos.cl\/site2\/#organization"},"potentialAction":[{"@type":"SearchAction","target":{"@type":"EntryPoint","urlTemplate":"https:\/\/ismsancarlos.cl\/site2\/?s={search_term_string}"},"query-input":{"@type":"PropertyValueSpecification","valueRequired":true,"valueName":"search_term_string"}}],"inLanguage":"es"},{"@type":"Organization","@id":"https:\/\/ismsancarlos.cl\/site2\/#organization","name":"Instituto Santa Mar\u00eda Chill\u00e1n","url":"https:\/\/ismsancarlos.cl\/site2\/","logo":{"@type":"ImageObject","inLanguage":"es","@id":"https:\/\/ismsancarlos.cl\/site2\/#\/schema\/logo\/image\/","url":"https:\/\/ismchillan.cl\/site\/wp-content\/uploads\/2021\/02\/logo-ISM-Chillan.png","contentUrl":"https:\/\/ismchillan.cl\/site\/wp-content\/uploads\/2021\/02\/logo-ISM-Chillan.png","width":746,"height":228,"caption":"Instituto Santa Mar\u00eda Chill\u00e1n"},"image":{"@id":"https:\/\/ismsancarlos.cl\/site2\/#\/schema\/logo\/image\/"},"sameAs":["https:\/\/www.facebook.com\/insamach","https:\/\/www.instagram.com\/ism_chillan\/?hl=es-la","https:\/\/www.youtube.com\/channel\/UCU8IW1d8akOJJTePPCCMjjA"]},{"@type":"Person","@id":"https:\/\/ismsancarlos.cl\/site2\/#\/schema\/person\/6a23bdafb47e2c2a488fc70a8235ea7e","name":"admin","image":{"@type":"ImageObject","inLanguage":"es","@id":"https:\/\/ismsancarlos.cl\/site2\/#\/schema\/person\/image\/","url":"https:\/\/secure.gravatar.com\/avatar\/8ac7f29e194fb7442e8e75b6f1c9477abd0dacb32722a8cb6ad498b642eb5d0b?s=96&d=mm&r=g","contentUrl":"https:\/\/secure.gravatar.com\/avatar\/8ac7f29e194fb7442e8e75b6f1c9477abd0dacb32722a8cb6ad498b642eb5d0b?s=96&d=mm&r=g","caption":"admin"},"sameAs":["https:\/\/ismchillan.cl\/site"]}]}},"_links":{"self":[{"href":"https:\/\/ismsancarlos.cl\/site2\/wp-json\/wp\/v2\/posts\/15698","targetHints":{"allow":["GET"]}}],"collection":[{"href":"https:\/\/ismsancarlos.cl\/site2\/wp-json\/wp\/v2\/posts"}],"about":[{"href":"https:\/\/ismsancarlos.cl\/site2\/wp-json\/wp\/v2\/types\/post"}],"author":[{"embeddable":true,"href":"https:\/\/ismsancarlos.cl\/site2\/wp-json\/wp\/v2\/users\/1"}],"replies":[{"embeddable":true,"href":"https:\/\/ismsancarlos.cl\/site2\/wp-json\/wp\/v2\/comments?post=15698"}],"version-history":[{"count":1,"href":"https:\/\/ismsancarlos.cl\/site2\/wp-json\/wp\/v2\/posts\/15698\/revisions"}],"predecessor-version":[{"id":15703,"href":"https:\/\/ismsancarlos.cl\/site2\/wp-json\/wp\/v2\/posts\/15698\/revisions\/15703"}],"wp:featuredmedia":[{"embeddable":true,"href":"https:\/\/ismsancarlos.cl\/site2\/wp-json\/wp\/v2\/media\/15699"}],"wp:attachment":[{"href":"https:\/\/ismsancarlos.cl\/site2\/wp-json\/wp\/v2\/media?parent=15698"}],"wp:term":[{"taxonomy":"category","embeddable":true,"href":"https:\/\/ismsancarlos.cl\/site2\/wp-json\/wp\/v2\/categories?post=15698"},{"taxonomy":"post_tag","embeddable":true,"href":"https:\/\/ismsancarlos.cl\/site2\/wp-json\/wp\/v2\/tags?post=15698"}],"curies":[{"name":"wp","href":"https:\/\/api.w.org\/{rel}","templated":true}]}}