{"id":15687,"date":"2025-06-23T21:26:24","date_gmt":"2025-06-24T00:26:24","guid":{"rendered":"https:\/\/ismsancarlos.cl\/site2\/?p=15687"},"modified":"2025-06-23T21:28:00","modified_gmt":"2025-06-24T00:28:00","slug":"visita-de-la-superiora-general-de-la-congregacion-de-jesus-al-instituto-santa-maria-de-chillan-un-encuentro-que-fortalece-la-mision-educativa","status":"publish","type":"post","link":"https:\/\/ismsancarlos.cl\/site2\/visita-de-la-superiora-general-de-la-congregacion-de-jesus-al-instituto-santa-maria-de-chillan-un-encuentro-que-fortalece-la-mision-educativa\/","title":{"rendered":"Visita de la Superiora General de la Congregaci\u00f3n de Jes\u00fas: Un encuentro que fortalece la misi\u00f3n educativa"},"content":{"rendered":"<p>Este lunes, el Instituto Santa Mar\u00eda de Chill\u00e1n vivi\u00f3 una jornada especial al recibir la visita de la\u00a0hermana Ver\u00f3nica Fuhrmann, Superiora General de la Congregaci\u00f3n de Jes\u00fas (CJ), junto a la\u00a0hermana Estela Clara Grignola, Vicaria General. Ambas religiosas se encuentran en nuestro pa\u00eds en el marco de un recorrido por los distintos colegios y comunidades vinculadas a la Congregaci\u00f3n.<\/p>\n<p>La visita al ISM de Chill\u00e1n comenz\u00f3 con una emotiva\u00a0Eucarist\u00eda presidida por el capell\u00e1n del establecimiento y administrador diocesano de la Di\u00f3cesis San Bartolom\u00e9, padre Patricio Fuentes, quien dio la bienvenida a la comitiva internacional. En la ocasi\u00f3n tambi\u00e9n estuvo presente la\u00a0hermana Paula Monta\u00f1o, referente en Chile de la Provincia Amerindia.<\/p>\n<p>En Chill\u00e1n, la comitiva fue recibida por la\u00a0sostenedora del Instituto Santa Mar\u00eda, Carola Villalobos, quien agradeci\u00f3 la posibilidad de generar este espacio de conversaci\u00f3n y compartir fraterno entre las hermanas y los equipos directivos de los distintos colegios.<\/p>\n<p>Posteriormente, los asistentes participaron de un desayuno donde se vivi\u00f3 un grato momento de di\u00e1logo y reflexi\u00f3n. La hermana Ver\u00f3nica expres\u00f3 su gratitud y alegr\u00eda por el compromiso de las comunidades educativas:<\/p>\n<blockquote><p>\u201cEstamos muy contentas con el recibimiento y con el momento que hemos tenido para compartir. Estamos creciendo juntas como Amerindia y como congregaci\u00f3n global. Esta mirada amplia nos fortalece, porque en muchos lugares los colegios contin\u00faan sin la presencia directa de hermanas, y son los laicos quienes asumen esa responsabilidad. Eso nos hace sentirnos un solo cuerpo. El carisma de Mary Ward nos une a diferentes niveles y por eso estamos muy agradecidas por la colaboraci\u00f3n de profesores y directivos; sin el trabajo de los laicos, no podr\u00edamos seguir adelante\u201d.<\/p><\/blockquote>\n<p>Durante la jornada, tambi\u00e9n se reunieron los equipos directivos del\u00a0Instituto Santa Mar\u00eda de San Carlos\u00a0y del\u00a0Colegio Bicentenario Mary Ward de San Ignacio, fortaleciendo los lazos entre las comunidades educativas que comparten el legado de\u00a0Mary Ward\u00a0y el compromiso con una educaci\u00f3n centrada en la fe, la justicia y la formaci\u00f3n integral de sus estudiantes.<\/p>\n<p>Esta significativa visita renueva el impulso y la esperanza en el camino conjunto que recorren laicos y religiosas, unidos por un mismo carisma y prop\u00f3sito:\u00a0educar en libertad, verdad y justicia.<\/p>\n<div id='gallery-1' class='gallery galleryid-15687 gallery-columns-3 gallery-size-thumbnail'><figure class='gallery-item'>\n\t\t\t<div class='gallery-icon landscape'>\n\t\t\t\t<a href='https:\/\/ismsancarlos.cl\/site2\/visita-de-la-superiora-general-de-la-congregacion-de-jesus-al-instituto-santa-maria-de-chillan-un-encuentro-que-fortalece-la-mision-educativa\/149a1757\/'><img loading=\"lazy\" decoding=\"async\" width=\"150\" height=\"150\" src=\"https:\/\/ismsancarlos.cl\/site2\/wp-content\/uploads\/2025\/06\/149A1757-150x150.jpg\" class=\"attachment-thumbnail size-thumbnail\" alt=\"\" aria-describedby=\"gallery-1-15692\" \/><\/a>\n\t\t\t<\/div>\n\t\t\t\t<figcaption class='wp-caption-text gallery-caption' id='gallery-1-15692'>\n\t\t\t\tVisita de la Superiora General de la Congregaci\u00f3n de Jes\u00fas\n\t\t\t\t<\/figcaption><\/figure><figure class='gallery-item'>\n\t\t\t<div class='gallery-icon landscape'>\n\t\t\t\t<a href='https:\/\/ismsancarlos.cl\/site2\/visita-de-la-superiora-general-de-la-congregacion-de-jesus-al-instituto-santa-maria-de-chillan-un-encuentro-que-fortalece-la-mision-educativa\/149a1753-2\/'><img loading=\"lazy\" decoding=\"async\" width=\"150\" height=\"150\" src=\"https:\/\/ismsancarlos.cl\/site2\/wp-content\/uploads\/2025\/06\/149A1753-1-150x150.jpg\" class=\"attachment-thumbnail size-thumbnail\" alt=\"\" aria-describedby=\"gallery-1-15690\" \/><\/a>\n\t\t\t<\/div>\n\t\t\t\t<figcaption class='wp-caption-text gallery-caption' id='gallery-1-15690'>\n\t\t\t\tVisita de la Superiora General de la Congregaci\u00f3n de Jes\u00fas\n\t\t\t\t<\/figcaption><\/figure><figure class='gallery-item'>\n\t\t\t<div class='gallery-icon landscape'>\n\t\t\t\t<a href='https:\/\/ismsancarlos.cl\/site2\/visita-de-la-superiora-general-de-la-congregacion-de-jesus-al-instituto-santa-maria-de-chillan-un-encuentro-que-fortalece-la-mision-educativa\/149a1733\/'><img loading=\"lazy\" decoding=\"async\" width=\"150\" height=\"150\" src=\"https:\/\/ismsancarlos.cl\/site2\/wp-content\/uploads\/2025\/06\/149A1733-150x150.jpg\" class=\"attachment-thumbnail size-thumbnail\" alt=\"\" aria-describedby=\"gallery-1-15689\" \/><\/a>\n\t\t\t<\/div>\n\t\t\t\t<figcaption class='wp-caption-text gallery-caption' id='gallery-1-15689'>\n\t\t\t\tVisita de la Superiora General de la Congregaci\u00f3n de Jes\u00fas\n\t\t\t\t<\/figcaption><\/figure>\n\t\t<\/div>\n\n","protected":false},"excerpt":{"rendered":"<p>Este lunes, el Instituto Santa Mar\u00eda de Chill\u00e1n vivi\u00f3 una jornada especial al recibir la visita de la\u00a0hermana Ver\u00f3nica Fuhrmann, Superiora General de la Congregaci\u00f3n de Jes\u00fas (CJ), junto a la\u00a0hermana Estela Clara Grignola, Vicaria General. Ambas religiosas se encuentran en nuestro pa\u00eds en el marco de un recorrido por los distintos colegios y comunidades [&hellip;]<\/p>\n","protected":false},"author":1,"featured_media":15688,"comment_status":"closed","ping_status":"closed","sticky":false,"template":"","format":"standard","meta":{"_price":"","_stock":"","_tribe_ticket_header":"","_tribe_default_ticket_provider":"","_tribe_ticket_capacity":"0","_ticket_start_date":"","_ticket_end_date":"","_tribe_ticket_show_description":"","_tribe_ticket_show_not_going":false,"_tribe_ticket_use_global_stock":"","_tribe_ticket_global_stock_level":"","_global_stock_mode":"","_global_stock_cap":"","_tribe_rsvp_for_event":"","_tribe_ticket_going_count":"","_tribe_ticket_not_going_count":"","_tribe_tickets_list":"[]","_tribe_ticket_has_attendee_info_fields":false,"footnotes":""},"categories":[144],"tags":[],"class_list":["post-15687","post","type-post","status-publish","format-standard","has-post-thumbnail","hentry","category-noticias"],"yoast_head":"<!-- This site is optimized with the Yoast SEO plugin v25.6 - https:\/\/yoast.com\/wordpress\/plugins\/seo\/ -->\n<title>Visita de la Superiora General de la Congregaci\u00f3n de Jes\u00fas: Un encuentro que fortalece la misi\u00f3n educativa | Instituto Santa Mar\u00eda - San Carlos<\/title>\n<meta name=\"robots\" content=\"index, follow, max-snippet:-1, max-image-preview:large, max-video-preview:-1\" \/>\n<link rel=\"canonical\" href=\"https:\/\/ismsancarlos.cl\/site2\/visita-de-la-superiora-general-de-la-congregacion-de-jesus-al-instituto-santa-maria-de-chillan-un-encuentro-que-fortalece-la-mision-educativa\/\" \/>\n<meta property=\"og:locale\" content=\"es_ES\" \/>\n<meta property=\"og:type\" content=\"article\" \/>\n<meta property=\"og:title\" content=\"Visita de la Superiora General de la Congregaci\u00f3n de Jes\u00fas: Un encuentro que fortalece la misi\u00f3n educativa | Instituto Santa Mar\u00eda - San Carlos\" \/>\n<meta property=\"og:description\" content=\"Este lunes, el Instituto Santa Mar\u00eda de Chill\u00e1n vivi\u00f3 una jornada especial al recibir la visita de la\u00a0hermana Ver\u00f3nica Fuhrmann, Superiora General de la Congregaci\u00f3n de Jes\u00fas (CJ), junto a la\u00a0hermana Estela Clara Grignola, Vicaria General. Ambas religiosas se encuentran en nuestro pa\u00eds en el marco de un recorrido por los distintos colegios y comunidades [&hellip;]\" \/>\n<meta property=\"og:url\" content=\"https:\/\/ismsancarlos.cl\/site2\/visita-de-la-superiora-general-de-la-congregacion-de-jesus-al-instituto-santa-maria-de-chillan-un-encuentro-que-fortalece-la-mision-educativa\/\" \/>\n<meta property=\"og:site_name\" content=\"Instituto Santa Mar\u00eda - San Carlos\" \/>\n<meta property=\"article:publisher\" content=\"https:\/\/www.facebook.com\/insamach\" \/>\n<meta property=\"article:published_time\" content=\"2025-06-24T00:26:24+00:00\" \/>\n<meta property=\"article:modified_time\" content=\"2025-06-24T00:28:00+00:00\" \/>\n<meta property=\"og:image\" content=\"https:\/\/ismsancarlos.cl\/site2\/wp-content\/uploads\/2025\/06\/149A1753.jpg\" \/>\n\t<meta property=\"og:image:width\" content=\"1000\" \/>\n\t<meta property=\"og:image:height\" content=\"666\" \/>\n\t<meta property=\"og:image:type\" content=\"image\/jpeg\" \/>\n<meta name=\"author\" content=\"admin\" \/>\n<meta name=\"twitter:card\" content=\"summary_large_image\" \/>\n<meta name=\"twitter:label1\" content=\"Escrito por\" \/>\n\t<meta name=\"twitter:data1\" content=\"admin\" \/>\n\t<meta name=\"twitter:label2\" content=\"Tiempo de lectura\" \/>\n\t<meta name=\"twitter:data2\" content=\"2 minutos\" \/>\n<script type=\"application\/ld+json\" class=\"yoast-schema-graph\">{\"@context\":\"https:\/\/schema.org\",\"@graph\":[{\"@type\":\"Article\",\"@id\":\"https:\/\/ismsancarlos.cl\/site2\/visita-de-la-superiora-general-de-la-congregacion-de-jesus-al-instituto-santa-maria-de-chillan-un-encuentro-que-fortalece-la-mision-educativa\/#article\",\"isPartOf\":{\"@id\":\"https:\/\/ismsancarlos.cl\/site2\/visita-de-la-superiora-general-de-la-congregacion-de-jesus-al-instituto-santa-maria-de-chillan-un-encuentro-que-fortalece-la-mision-educativa\/\"},\"author\":{\"name\":\"admin\",\"@id\":\"https:\/\/ismsancarlos.cl\/site2\/#\/schema\/person\/6a23bdafb47e2c2a488fc70a8235ea7e\"},\"headline\":\"Visita de la Superiora General de la Congregaci\u00f3n de Jes\u00fas: Un encuentro que fortalece la misi\u00f3n educativa\",\"datePublished\":\"2025-06-24T00:26:24+00:00\",\"dateModified\":\"2025-06-24T00:28:00+00:00\",\"mainEntityOfPage\":{\"@id\":\"https:\/\/ismsancarlos.cl\/site2\/visita-de-la-superiora-general-de-la-congregacion-de-jesus-al-instituto-santa-maria-de-chillan-un-encuentro-que-fortalece-la-mision-educativa\/\"},\"wordCount\":416,\"publisher\":{\"@id\":\"https:\/\/ismsancarlos.cl\/site2\/#organization\"},\"image\":{\"@id\":\"https:\/\/ismsancarlos.cl\/site2\/visita-de-la-superiora-general-de-la-congregacion-de-jesus-al-instituto-santa-maria-de-chillan-un-encuentro-que-fortalece-la-mision-educativa\/#primaryimage\"},\"thumbnailUrl\":\"https:\/\/ismsancarlos.cl\/site2\/wp-content\/uploads\/2025\/06\/149A1753.jpg\",\"articleSection\":[\"Noticias\"],\"inLanguage\":\"es\"},{\"@type\":\"WebPage\",\"@id\":\"https:\/\/ismsancarlos.cl\/site2\/visita-de-la-superiora-general-de-la-congregacion-de-jesus-al-instituto-santa-maria-de-chillan-un-encuentro-que-fortalece-la-mision-educativa\/\",\"url\":\"https:\/\/ismsancarlos.cl\/site2\/visita-de-la-superiora-general-de-la-congregacion-de-jesus-al-instituto-santa-maria-de-chillan-un-encuentro-que-fortalece-la-mision-educativa\/\",\"name\":\"Visita de la Superiora General de la Congregaci\u00f3n de Jes\u00fas: Un encuentro que fortalece la misi\u00f3n educativa | Instituto Santa Mar\u00eda - San Carlos\",\"isPartOf\":{\"@id\":\"https:\/\/ismsancarlos.cl\/site2\/#website\"},\"primaryImageOfPage\":{\"@id\":\"https:\/\/ismsancarlos.cl\/site2\/visita-de-la-superiora-general-de-la-congregacion-de-jesus-al-instituto-santa-maria-de-chillan-un-encuentro-que-fortalece-la-mision-educativa\/#primaryimage\"},\"image\":{\"@id\":\"https:\/\/ismsancarlos.cl\/site2\/visita-de-la-superiora-general-de-la-congregacion-de-jesus-al-instituto-santa-maria-de-chillan-un-encuentro-que-fortalece-la-mision-educativa\/#primaryimage\"},\"thumbnailUrl\":\"https:\/\/ismsancarlos.cl\/site2\/wp-content\/uploads\/2025\/06\/149A1753.jpg\",\"datePublished\":\"2025-06-24T00:26:24+00:00\",\"dateModified\":\"2025-06-24T00:28:00+00:00\",\"breadcrumb\":{\"@id\":\"https:\/\/ismsancarlos.cl\/site2\/visita-de-la-superiora-general-de-la-congregacion-de-jesus-al-instituto-santa-maria-de-chillan-un-encuentro-que-fortalece-la-mision-educativa\/#breadcrumb\"},\"inLanguage\":\"es\",\"potentialAction\":[{\"@type\":\"ReadAction\",\"target\":[\"https:\/\/ismsancarlos.cl\/site2\/visita-de-la-superiora-general-de-la-congregacion-de-jesus-al-instituto-santa-maria-de-chillan-un-encuentro-que-fortalece-la-mision-educativa\/\"]}]},{\"@type\":\"ImageObject\",\"inLanguage\":\"es\",\"@id\":\"https:\/\/ismsancarlos.cl\/site2\/visita-de-la-superiora-general-de-la-congregacion-de-jesus-al-instituto-santa-maria-de-chillan-un-encuentro-que-fortalece-la-mision-educativa\/#primaryimage\",\"url\":\"https:\/\/ismsancarlos.cl\/site2\/wp-content\/uploads\/2025\/06\/149A1753.jpg\",\"contentUrl\":\"https:\/\/ismsancarlos.cl\/site2\/wp-content\/uploads\/2025\/06\/149A1753.jpg\",\"width\":1000,\"height\":666},{\"@type\":\"BreadcrumbList\",\"@id\":\"https:\/\/ismsancarlos.cl\/site2\/visita-de-la-superiora-general-de-la-congregacion-de-jesus-al-instituto-santa-maria-de-chillan-un-encuentro-que-fortalece-la-mision-educativa\/#breadcrumb\",\"itemListElement\":[{\"@type\":\"ListItem\",\"position\":1,\"name\":\"Portada\",\"item\":\"https:\/\/ismsancarlos.cl\/site2\/\"},{\"@type\":\"ListItem\",\"position\":2,\"name\":\"Visita de la Superiora General de la Congregaci\u00f3n de Jes\u00fas: Un encuentro que fortalece la misi\u00f3n educativa\"}]},{\"@type\":\"WebSite\",\"@id\":\"https:\/\/ismsancarlos.cl\/site2\/#website\",\"url\":\"https:\/\/ismsancarlos.cl\/site2\/\",\"name\":\"Instituto Santa Mar\u00eda - San Carlos\",\"description\":\"&quot;Aprender m\u00e1s para servir mejor&quot;\",\"publisher\":{\"@id\":\"https:\/\/ismsancarlos.cl\/site2\/#organization\"},\"potentialAction\":[{\"@type\":\"SearchAction\",\"target\":{\"@type\":\"EntryPoint\",\"urlTemplate\":\"https:\/\/ismsancarlos.cl\/site2\/?s={search_term_string}\"},\"query-input\":{\"@type\":\"PropertyValueSpecification\",\"valueRequired\":true,\"valueName\":\"search_term_string\"}}],\"inLanguage\":\"es\"},{\"@type\":\"Organization\",\"@id\":\"https:\/\/ismsancarlos.cl\/site2\/#organization\",\"name\":\"Instituto Santa Mar\u00eda Chill\u00e1n\",\"url\":\"https:\/\/ismsancarlos.cl\/site2\/\",\"logo\":{\"@type\":\"ImageObject\",\"inLanguage\":\"es\",\"@id\":\"https:\/\/ismsancarlos.cl\/site2\/#\/schema\/logo\/image\/\",\"url\":\"https:\/\/ismchillan.cl\/site\/wp-content\/uploads\/2021\/02\/logo-ISM-Chillan.png\",\"contentUrl\":\"https:\/\/ismchillan.cl\/site\/wp-content\/uploads\/2021\/02\/logo-ISM-Chillan.png\",\"width\":746,\"height\":228,\"caption\":\"Instituto Santa Mar\u00eda Chill\u00e1n\"},\"image\":{\"@id\":\"https:\/\/ismsancarlos.cl\/site2\/#\/schema\/logo\/image\/\"},\"sameAs\":[\"https:\/\/www.facebook.com\/insamach\",\"https:\/\/www.instagram.com\/ism_chillan\/?hl=es-la\",\"https:\/\/www.youtube.com\/channel\/UCU8IW1d8akOJJTePPCCMjjA\"]},{\"@type\":\"Person\",\"@id\":\"https:\/\/ismsancarlos.cl\/site2\/#\/schema\/person\/6a23bdafb47e2c2a488fc70a8235ea7e\",\"name\":\"admin\",\"image\":{\"@type\":\"ImageObject\",\"inLanguage\":\"es\",\"@id\":\"https:\/\/ismsancarlos.cl\/site2\/#\/schema\/person\/image\/\",\"url\":\"https:\/\/secure.gravatar.com\/avatar\/8ac7f29e194fb7442e8e75b6f1c9477abd0dacb32722a8cb6ad498b642eb5d0b?s=96&d=mm&r=g\",\"contentUrl\":\"https:\/\/secure.gravatar.com\/avatar\/8ac7f29e194fb7442e8e75b6f1c9477abd0dacb32722a8cb6ad498b642eb5d0b?s=96&d=mm&r=g\",\"caption\":\"admin\"},\"sameAs\":[\"https:\/\/ismchillan.cl\/site\"]}]}<\/script>\n<!-- \/ Yoast SEO plugin. -->","yoast_head_json":{"title":"Visita de la Superiora General de la Congregaci\u00f3n de Jes\u00fas: Un encuentro que fortalece la misi\u00f3n educativa | Instituto Santa Mar\u00eda - San Carlos","robots":{"index":"index","follow":"follow","max-snippet":"max-snippet:-1","max-image-preview":"max-image-preview:large","max-video-preview":"max-video-preview:-1"},"canonical":"https:\/\/ismsancarlos.cl\/site2\/visita-de-la-superiora-general-de-la-congregacion-de-jesus-al-instituto-santa-maria-de-chillan-un-encuentro-que-fortalece-la-mision-educativa\/","og_locale":"es_ES","og_type":"article","og_title":"Visita de la Superiora General de la Congregaci\u00f3n de Jes\u00fas: Un encuentro que fortalece la misi\u00f3n educativa | Instituto Santa Mar\u00eda - San Carlos","og_description":"Este lunes, el Instituto Santa Mar\u00eda de Chill\u00e1n vivi\u00f3 una jornada especial al recibir la visita de la\u00a0hermana Ver\u00f3nica Fuhrmann, Superiora General de la Congregaci\u00f3n de Jes\u00fas (CJ), junto a la\u00a0hermana Estela Clara Grignola, Vicaria General. Ambas religiosas se encuentran en nuestro pa\u00eds en el marco de un recorrido por los distintos colegios y comunidades [&hellip;]","og_url":"https:\/\/ismsancarlos.cl\/site2\/visita-de-la-superiora-general-de-la-congregacion-de-jesus-al-instituto-santa-maria-de-chillan-un-encuentro-que-fortalece-la-mision-educativa\/","og_site_name":"Instituto Santa Mar\u00eda - San Carlos","article_publisher":"https:\/\/www.facebook.com\/insamach","article_published_time":"2025-06-24T00:26:24+00:00","article_modified_time":"2025-06-24T00:28:00+00:00","og_image":[{"width":1000,"height":666,"url":"https:\/\/ismsancarlos.cl\/site2\/wp-content\/uploads\/2025\/06\/149A1753.jpg","type":"image\/jpeg"}],"author":"admin","twitter_card":"summary_large_image","twitter_misc":{"Escrito por":"admin","Tiempo de lectura":"2 minutos"},"schema":{"@context":"https:\/\/schema.org","@graph":[{"@type":"Article","@id":"https:\/\/ismsancarlos.cl\/site2\/visita-de-la-superiora-general-de-la-congregacion-de-jesus-al-instituto-santa-maria-de-chillan-un-encuentro-que-fortalece-la-mision-educativa\/#article","isPartOf":{"@id":"https:\/\/ismsancarlos.cl\/site2\/visita-de-la-superiora-general-de-la-congregacion-de-jesus-al-instituto-santa-maria-de-chillan-un-encuentro-que-fortalece-la-mision-educativa\/"},"author":{"name":"admin","@id":"https:\/\/ismsancarlos.cl\/site2\/#\/schema\/person\/6a23bdafb47e2c2a488fc70a8235ea7e"},"headline":"Visita de la Superiora General de la Congregaci\u00f3n de Jes\u00fas: Un encuentro que fortalece la misi\u00f3n educativa","datePublished":"2025-06-24T00:26:24+00:00","dateModified":"2025-06-24T00:28:00+00:00","mainEntityOfPage":{"@id":"https:\/\/ismsancarlos.cl\/site2\/visita-de-la-superiora-general-de-la-congregacion-de-jesus-al-instituto-santa-maria-de-chillan-un-encuentro-que-fortalece-la-mision-educativa\/"},"wordCount":416,"publisher":{"@id":"https:\/\/ismsancarlos.cl\/site2\/#organization"},"image":{"@id":"https:\/\/ismsancarlos.cl\/site2\/visita-de-la-superiora-general-de-la-congregacion-de-jesus-al-instituto-santa-maria-de-chillan-un-encuentro-que-fortalece-la-mision-educativa\/#primaryimage"},"thumbnailUrl":"https:\/\/ismsancarlos.cl\/site2\/wp-content\/uploads\/2025\/06\/149A1753.jpg","articleSection":["Noticias"],"inLanguage":"es"},{"@type":"WebPage","@id":"https:\/\/ismsancarlos.cl\/site2\/visita-de-la-superiora-general-de-la-congregacion-de-jesus-al-instituto-santa-maria-de-chillan-un-encuentro-que-fortalece-la-mision-educativa\/","url":"https:\/\/ismsancarlos.cl\/site2\/visita-de-la-superiora-general-de-la-congregacion-de-jesus-al-instituto-santa-maria-de-chillan-un-encuentro-que-fortalece-la-mision-educativa\/","name":"Visita de la Superiora General de la Congregaci\u00f3n de Jes\u00fas: Un encuentro que fortalece la misi\u00f3n educativa | Instituto Santa Mar\u00eda - San Carlos","isPartOf":{"@id":"https:\/\/ismsancarlos.cl\/site2\/#website"},"primaryImageOfPage":{"@id":"https:\/\/ismsancarlos.cl\/site2\/visita-de-la-superiora-general-de-la-congregacion-de-jesus-al-instituto-santa-maria-de-chillan-un-encuentro-que-fortalece-la-mision-educativa\/#primaryimage"},"image":{"@id":"https:\/\/ismsancarlos.cl\/site2\/visita-de-la-superiora-general-de-la-congregacion-de-jesus-al-instituto-santa-maria-de-chillan-un-encuentro-que-fortalece-la-mision-educativa\/#primaryimage"},"thumbnailUrl":"https:\/\/ismsancarlos.cl\/site2\/wp-content\/uploads\/2025\/06\/149A1753.jpg","datePublished":"2025-06-24T00:26:24+00:00","dateModified":"2025-06-24T00:28:00+00:00","breadcrumb":{"@id":"https:\/\/ismsancarlos.cl\/site2\/visita-de-la-superiora-general-de-la-congregacion-de-jesus-al-instituto-santa-maria-de-chillan-un-encuentro-que-fortalece-la-mision-educativa\/#breadcrumb"},"inLanguage":"es","potentialAction":[{"@type":"ReadAction","target":["https:\/\/ismsancarlos.cl\/site2\/visita-de-la-superiora-general-de-la-congregacion-de-jesus-al-instituto-santa-maria-de-chillan-un-encuentro-que-fortalece-la-mision-educativa\/"]}]},{"@type":"ImageObject","inLanguage":"es","@id":"https:\/\/ismsancarlos.cl\/site2\/visita-de-la-superiora-general-de-la-congregacion-de-jesus-al-instituto-santa-maria-de-chillan-un-encuentro-que-fortalece-la-mision-educativa\/#primaryimage","url":"https:\/\/ismsancarlos.cl\/site2\/wp-content\/uploads\/2025\/06\/149A1753.jpg","contentUrl":"https:\/\/ismsancarlos.cl\/site2\/wp-content\/uploads\/2025\/06\/149A1753.jpg","width":1000,"height":666},{"@type":"BreadcrumbList","@id":"https:\/\/ismsancarlos.cl\/site2\/visita-de-la-superiora-general-de-la-congregacion-de-jesus-al-instituto-santa-maria-de-chillan-un-encuentro-que-fortalece-la-mision-educativa\/#breadcrumb","itemListElement":[{"@type":"ListItem","position":1,"name":"Portada","item":"https:\/\/ismsancarlos.cl\/site2\/"},{"@type":"ListItem","position":2,"name":"Visita de la Superiora General de la Congregaci\u00f3n de Jes\u00fas: Un encuentro que fortalece la misi\u00f3n educativa"}]},{"@type":"WebSite","@id":"https:\/\/ismsancarlos.cl\/site2\/#website","url":"https:\/\/ismsancarlos.cl\/site2\/","name":"Instituto Santa Mar\u00eda - San Carlos","description":"&quot;Aprender m\u00e1s para servir mejor&quot;","publisher":{"@id":"https:\/\/ismsancarlos.cl\/site2\/#organization"},"potentialAction":[{"@type":"SearchAction","target":{"@type":"EntryPoint","urlTemplate":"https:\/\/ismsancarlos.cl\/site2\/?s={search_term_string}"},"query-input":{"@type":"PropertyValueSpecification","valueRequired":true,"valueName":"search_term_string"}}],"inLanguage":"es"},{"@type":"Organization","@id":"https:\/\/ismsancarlos.cl\/site2\/#organization","name":"Instituto Santa Mar\u00eda Chill\u00e1n","url":"https:\/\/ismsancarlos.cl\/site2\/","logo":{"@type":"ImageObject","inLanguage":"es","@id":"https:\/\/ismsancarlos.cl\/site2\/#\/schema\/logo\/image\/","url":"https:\/\/ismchillan.cl\/site\/wp-content\/uploads\/2021\/02\/logo-ISM-Chillan.png","contentUrl":"https:\/\/ismchillan.cl\/site\/wp-content\/uploads\/2021\/02\/logo-ISM-Chillan.png","width":746,"height":228,"caption":"Instituto Santa Mar\u00eda Chill\u00e1n"},"image":{"@id":"https:\/\/ismsancarlos.cl\/site2\/#\/schema\/logo\/image\/"},"sameAs":["https:\/\/www.facebook.com\/insamach","https:\/\/www.instagram.com\/ism_chillan\/?hl=es-la","https:\/\/www.youtube.com\/channel\/UCU8IW1d8akOJJTePPCCMjjA"]},{"@type":"Person","@id":"https:\/\/ismsancarlos.cl\/site2\/#\/schema\/person\/6a23bdafb47e2c2a488fc70a8235ea7e","name":"admin","image":{"@type":"ImageObject","inLanguage":"es","@id":"https:\/\/ismsancarlos.cl\/site2\/#\/schema\/person\/image\/","url":"https:\/\/secure.gravatar.com\/avatar\/8ac7f29e194fb7442e8e75b6f1c9477abd0dacb32722a8cb6ad498b642eb5d0b?s=96&d=mm&r=g","contentUrl":"https:\/\/secure.gravatar.com\/avatar\/8ac7f29e194fb7442e8e75b6f1c9477abd0dacb32722a8cb6ad498b642eb5d0b?s=96&d=mm&r=g","caption":"admin"},"sameAs":["https:\/\/ismchillan.cl\/site"]}]}},"_links":{"self":[{"href":"https:\/\/ismsancarlos.cl\/site2\/wp-json\/wp\/v2\/posts\/15687","targetHints":{"allow":["GET"]}}],"collection":[{"href":"https:\/\/ismsancarlos.cl\/site2\/wp-json\/wp\/v2\/posts"}],"about":[{"href":"https:\/\/ismsancarlos.cl\/site2\/wp-json\/wp\/v2\/types\/post"}],"author":[{"embeddable":true,"href":"https:\/\/ismsancarlos.cl\/site2\/wp-json\/wp\/v2\/users\/1"}],"replies":[{"embeddable":true,"href":"https:\/\/ismsancarlos.cl\/site2\/wp-json\/wp\/v2\/comments?post=15687"}],"version-history":[{"count":2,"href":"https:\/\/ismsancarlos.cl\/site2\/wp-json\/wp\/v2\/posts\/15687\/revisions"}],"predecessor-version":[{"id":15694,"href":"https:\/\/ismsancarlos.cl\/site2\/wp-json\/wp\/v2\/posts\/15687\/revisions\/15694"}],"wp:featuredmedia":[{"embeddable":true,"href":"https:\/\/ismsancarlos.cl\/site2\/wp-json\/wp\/v2\/media\/15688"}],"wp:attachment":[{"href":"https:\/\/ismsancarlos.cl\/site2\/wp-json\/wp\/v2\/media?parent=15687"}],"wp:term":[{"taxonomy":"category","embeddable":true,"href":"https:\/\/ismsancarlos.cl\/site2\/wp-json\/wp\/v2\/categories?post=15687"},{"taxonomy":"post_tag","embeddable":true,"href":"https:\/\/ismsancarlos.cl\/site2\/wp-json\/wp\/v2\/tags?post=15687"}],"curies":[{"name":"wp","href":"https:\/\/api.w.org\/{rel}","templated":true}]}}