{"id":15670,"date":"2025-06-12T15:41:45","date_gmt":"2025-06-12T18:41:45","guid":{"rendered":"https:\/\/ismsancarlos.cl\/site2\/?p=15670"},"modified":"2025-06-12T15:43:40","modified_gmt":"2025-06-12T18:43:40","slug":"instituto-santa-maria-de-san-carlos-celebra-el-dia-de-los-patrimonios-con-acto-civico","status":"publish","type":"post","link":"https:\/\/ismsancarlos.cl\/site2\/instituto-santa-maria-de-san-carlos-celebra-el-dia-de-los-patrimonios-con-acto-civico\/","title":{"rendered":"Instituto Santa Mar\u00eda de San Carlos celebra el D\u00eda de los Patrimonios con acto c\u00edvico."},"content":{"rendered":"<p data-start=\"292\" data-end=\"638\">En un ambiente de alegr\u00eda, reflexi\u00f3n y valoraci\u00f3n de nuestras ra\u00edces culturales, el Instituto Santa Mar\u00eda de San Carlos celebr\u00f3 esta ma\u00f1ana un emotivo acto c\u00edvico con motivo del <strong data-start=\"504\" data-end=\"530\">D\u00eda de los Patrimonios<\/strong>, con la participaci\u00f3n de estudiantes, docentes, apoderados y miembros de la comunidad educativa en general.<\/p>\n<p data-start=\"640\" data-end=\"937\">La jornada\u00a0 cont\u00f3 con la destacada participaci\u00f3n de elencos art\u00edsticos del establecimiento, quienes ofrecieron presentaciones que pusieron en valor diversas expresiones del patrimonio cultural chileno, como la danza, la m\u00fasica y la poes\u00eda.<\/p>\n<p data-start=\"939\" data-end=\"1290\">Durante el acto se resalt\u00f3 la importancia de reconocer y cuidar el legado cultural y social que nos identifica como naci\u00f3n, fomentando el respeto y la admiraci\u00f3n por nuestras tradiciones. La comunidad educativa valor\u00f3 especialmente el entusiasmo de los estudiantes y el compromiso de los docentes que hicieron posible esta significativa conmemoraci\u00f3n.<\/p>\n<p data-start=\"1292\" data-end=\"1486\">La actividad concluy\u00f3 con un llamado a continuar promoviendo, desde cada espacio educativo, el respeto por nuestra identidad y la participaci\u00f3n activa en la preservaci\u00f3n del patrimonio cultural.<\/p>\n<p data-start=\"1292\" data-end=\"1486\"><img loading=\"lazy\" decoding=\"async\" class=\"wp-image-15671 alignleft\" src=\"https:\/\/ismsancarlos.cl\/site2\/wp-content\/uploads\/2025\/06\/PHOTO-2025-06-12-12-53-01-8.jpg\" alt=\"\" width=\"352\" height=\"264\" srcset=\"https:\/\/ismsancarlos.cl\/site2\/wp-content\/uploads\/2025\/06\/PHOTO-2025-06-12-12-53-01-8.jpg 1280w, https:\/\/ismsancarlos.cl\/site2\/wp-content\/uploads\/2025\/06\/PHOTO-2025-06-12-12-53-01-8-300x225.jpg 300w, https:\/\/ismsancarlos.cl\/site2\/wp-content\/uploads\/2025\/06\/PHOTO-2025-06-12-12-53-01-8-1024x768.jpg 1024w, https:\/\/ismsancarlos.cl\/site2\/wp-content\/uploads\/2025\/06\/PHOTO-2025-06-12-12-53-01-8-768x576.jpg 768w\" sizes=\"auto, (max-width: 352px) 100vw, 352px\" \/><img loading=\"lazy\" decoding=\"async\" class=\"wp-image-15672 alignleft\" src=\"https:\/\/ismsancarlos.cl\/site2\/wp-content\/uploads\/2025\/06\/PHOTO-2025-06-12-12-53-18-2.jpg\" alt=\"\" width=\"355\" height=\"266\" srcset=\"https:\/\/ismsancarlos.cl\/site2\/wp-content\/uploads\/2025\/06\/PHOTO-2025-06-12-12-53-18-2.jpg 1280w, https:\/\/ismsancarlos.cl\/site2\/wp-content\/uploads\/2025\/06\/PHOTO-2025-06-12-12-53-18-2-300x225.jpg 300w, https:\/\/ismsancarlos.cl\/site2\/wp-content\/uploads\/2025\/06\/PHOTO-2025-06-12-12-53-18-2-1024x768.jpg 1024w, https:\/\/ismsancarlos.cl\/site2\/wp-content\/uploads\/2025\/06\/PHOTO-2025-06-12-12-53-18-2-768x576.jpg 768w\" sizes=\"auto, (max-width: 355px) 100vw, 355px\" \/><img loading=\"lazy\" decoding=\"async\" class=\"wp-image-15674 alignleft\" src=\"https:\/\/ismsancarlos.cl\/site2\/wp-content\/uploads\/2025\/06\/PHOTO-2025-06-12-12-53-01-4.jpg\" alt=\"\" width=\"467\" height=\"263\" srcset=\"https:\/\/ismsancarlos.cl\/site2\/wp-content\/uploads\/2025\/06\/PHOTO-2025-06-12-12-53-01-4.jpg 1600w, https:\/\/ismsancarlos.cl\/site2\/wp-content\/uploads\/2025\/06\/PHOTO-2025-06-12-12-53-01-4-300x169.jpg 300w, https:\/\/ismsancarlos.cl\/site2\/wp-content\/uploads\/2025\/06\/PHOTO-2025-06-12-12-53-01-4-1024x576.jpg 1024w, https:\/\/ismsancarlos.cl\/site2\/wp-content\/uploads\/2025\/06\/PHOTO-2025-06-12-12-53-01-4-768x432.jpg 768w, https:\/\/ismsancarlos.cl\/site2\/wp-content\/uploads\/2025\/06\/PHOTO-2025-06-12-12-53-01-4-1536x864.jpg 1536w\" sizes=\"auto, (max-width: 467px) 100vw, 467px\" \/><\/p>\n","protected":false},"excerpt":{"rendered":"<p>En un ambiente de alegr\u00eda, reflexi\u00f3n y valoraci\u00f3n de nuestras ra\u00edces culturales, el Instituto Santa Mar\u00eda de San Carlos celebr\u00f3 esta ma\u00f1ana un emotivo acto c\u00edvico con motivo del D\u00eda de los Patrimonios, con la participaci\u00f3n de estudiantes, docentes, apoderados y miembros de la comunidad educativa en general. La jornada\u00a0 cont\u00f3 con la destacada participaci\u00f3n [&hellip;]<\/p>\n","protected":false},"author":1,"featured_media":15673,"comment_status":"closed","ping_status":"closed","sticky":false,"template":"","format":"standard","meta":{"_price":"","_stock":"","_tribe_ticket_header":"","_tribe_default_ticket_provider":"","_tribe_ticket_capacity":"0","_ticket_start_date":"","_ticket_end_date":"","_tribe_ticket_show_description":"","_tribe_ticket_show_not_going":false,"_tribe_ticket_use_global_stock":"","_tribe_ticket_global_stock_level":"","_global_stock_mode":"","_global_stock_cap":"","_tribe_rsvp_for_event":"","_tribe_ticket_going_count":"","_tribe_ticket_not_going_count":"","_tribe_tickets_list":"[]","_tribe_ticket_has_attendee_info_fields":false,"footnotes":""},"categories":[144],"tags":[],"class_list":["post-15670","post","type-post","status-publish","format-standard","has-post-thumbnail","hentry","category-noticias"],"yoast_head":"<!-- This site is optimized with the Yoast SEO plugin v25.6 - https:\/\/yoast.com\/wordpress\/plugins\/seo\/ -->\n<title>Instituto Santa Mar\u00eda de San Carlos celebra el D\u00eda de los Patrimonios con acto c\u00edvico. | Instituto Santa Mar\u00eda - San Carlos<\/title>\n<meta name=\"robots\" content=\"index, follow, max-snippet:-1, max-image-preview:large, max-video-preview:-1\" \/>\n<link rel=\"canonical\" href=\"https:\/\/ismsancarlos.cl\/site2\/instituto-santa-maria-de-san-carlos-celebra-el-dia-de-los-patrimonios-con-acto-civico\/\" \/>\n<meta property=\"og:locale\" content=\"es_ES\" \/>\n<meta property=\"og:type\" content=\"article\" \/>\n<meta property=\"og:title\" content=\"Instituto Santa Mar\u00eda de San Carlos celebra el D\u00eda de los Patrimonios con acto c\u00edvico. | Instituto Santa Mar\u00eda - San Carlos\" \/>\n<meta property=\"og:description\" content=\"En un ambiente de alegr\u00eda, reflexi\u00f3n y valoraci\u00f3n de nuestras ra\u00edces culturales, el Instituto Santa Mar\u00eda de San Carlos celebr\u00f3 esta ma\u00f1ana un emotivo acto c\u00edvico con motivo del D\u00eda de los Patrimonios, con la participaci\u00f3n de estudiantes, docentes, apoderados y miembros de la comunidad educativa en general. La jornada\u00a0 cont\u00f3 con la destacada participaci\u00f3n [&hellip;]\" \/>\n<meta property=\"og:url\" content=\"https:\/\/ismsancarlos.cl\/site2\/instituto-santa-maria-de-san-carlos-celebra-el-dia-de-los-patrimonios-con-acto-civico\/\" \/>\n<meta property=\"og:site_name\" content=\"Instituto Santa Mar\u00eda - San Carlos\" \/>\n<meta property=\"article:publisher\" content=\"https:\/\/www.facebook.com\/insamach\" \/>\n<meta property=\"article:published_time\" content=\"2025-06-12T18:41:45+00:00\" \/>\n<meta property=\"article:modified_time\" content=\"2025-06-12T18:43:40+00:00\" \/>\n<meta property=\"og:image\" content=\"https:\/\/ismsancarlos.cl\/site2\/wp-content\/uploads\/2025\/06\/PHOTO-2025-06-12-12-53-18.jpg\" \/>\n\t<meta property=\"og:image:width\" content=\"1200\" \/>\n\t<meta property=\"og:image:height\" content=\"1600\" \/>\n\t<meta property=\"og:image:type\" content=\"image\/jpeg\" \/>\n<meta name=\"author\" content=\"admin\" \/>\n<meta name=\"twitter:card\" content=\"summary_large_image\" \/>\n<meta name=\"twitter:label1\" content=\"Escrito por\" \/>\n\t<meta name=\"twitter:data1\" content=\"admin\" \/>\n\t<meta name=\"twitter:label2\" content=\"Tiempo de lectura\" \/>\n\t<meta name=\"twitter:data2\" content=\"2 minutos\" \/>\n<script type=\"application\/ld+json\" class=\"yoast-schema-graph\">{\"@context\":\"https:\/\/schema.org\",\"@graph\":[{\"@type\":\"Article\",\"@id\":\"https:\/\/ismsancarlos.cl\/site2\/instituto-santa-maria-de-san-carlos-celebra-el-dia-de-los-patrimonios-con-acto-civico\/#article\",\"isPartOf\":{\"@id\":\"https:\/\/ismsancarlos.cl\/site2\/instituto-santa-maria-de-san-carlos-celebra-el-dia-de-los-patrimonios-con-acto-civico\/\"},\"author\":{\"name\":\"admin\",\"@id\":\"https:\/\/ismsancarlos.cl\/site2\/#\/schema\/person\/6a23bdafb47e2c2a488fc70a8235ea7e\"},\"headline\":\"Instituto Santa Mar\u00eda de San Carlos celebra el D\u00eda de los Patrimonios con acto c\u00edvico.\",\"datePublished\":\"2025-06-12T18:41:45+00:00\",\"dateModified\":\"2025-06-12T18:43:40+00:00\",\"mainEntityOfPage\":{\"@id\":\"https:\/\/ismsancarlos.cl\/site2\/instituto-santa-maria-de-san-carlos-celebra-el-dia-de-los-patrimonios-con-acto-civico\/\"},\"wordCount\":197,\"publisher\":{\"@id\":\"https:\/\/ismsancarlos.cl\/site2\/#organization\"},\"image\":{\"@id\":\"https:\/\/ismsancarlos.cl\/site2\/instituto-santa-maria-de-san-carlos-celebra-el-dia-de-los-patrimonios-con-acto-civico\/#primaryimage\"},\"thumbnailUrl\":\"https:\/\/ismsancarlos.cl\/site2\/wp-content\/uploads\/2025\/06\/PHOTO-2025-06-12-12-53-18.jpg\",\"articleSection\":[\"Noticias\"],\"inLanguage\":\"es\"},{\"@type\":\"WebPage\",\"@id\":\"https:\/\/ismsancarlos.cl\/site2\/instituto-santa-maria-de-san-carlos-celebra-el-dia-de-los-patrimonios-con-acto-civico\/\",\"url\":\"https:\/\/ismsancarlos.cl\/site2\/instituto-santa-maria-de-san-carlos-celebra-el-dia-de-los-patrimonios-con-acto-civico\/\",\"name\":\"Instituto Santa Mar\u00eda de San Carlos celebra el D\u00eda de los Patrimonios con acto c\u00edvico. | Instituto Santa Mar\u00eda - San Carlos\",\"isPartOf\":{\"@id\":\"https:\/\/ismsancarlos.cl\/site2\/#website\"},\"primaryImageOfPage\":{\"@id\":\"https:\/\/ismsancarlos.cl\/site2\/instituto-santa-maria-de-san-carlos-celebra-el-dia-de-los-patrimonios-con-acto-civico\/#primaryimage\"},\"image\":{\"@id\":\"https:\/\/ismsancarlos.cl\/site2\/instituto-santa-maria-de-san-carlos-celebra-el-dia-de-los-patrimonios-con-acto-civico\/#primaryimage\"},\"thumbnailUrl\":\"https:\/\/ismsancarlos.cl\/site2\/wp-content\/uploads\/2025\/06\/PHOTO-2025-06-12-12-53-18.jpg\",\"datePublished\":\"2025-06-12T18:41:45+00:00\",\"dateModified\":\"2025-06-12T18:43:40+00:00\",\"breadcrumb\":{\"@id\":\"https:\/\/ismsancarlos.cl\/site2\/instituto-santa-maria-de-san-carlos-celebra-el-dia-de-los-patrimonios-con-acto-civico\/#breadcrumb\"},\"inLanguage\":\"es\",\"potentialAction\":[{\"@type\":\"ReadAction\",\"target\":[\"https:\/\/ismsancarlos.cl\/site2\/instituto-santa-maria-de-san-carlos-celebra-el-dia-de-los-patrimonios-con-acto-civico\/\"]}]},{\"@type\":\"ImageObject\",\"inLanguage\":\"es\",\"@id\":\"https:\/\/ismsancarlos.cl\/site2\/instituto-santa-maria-de-san-carlos-celebra-el-dia-de-los-patrimonios-con-acto-civico\/#primaryimage\",\"url\":\"https:\/\/ismsancarlos.cl\/site2\/wp-content\/uploads\/2025\/06\/PHOTO-2025-06-12-12-53-18.jpg\",\"contentUrl\":\"https:\/\/ismsancarlos.cl\/site2\/wp-content\/uploads\/2025\/06\/PHOTO-2025-06-12-12-53-18.jpg\",\"width\":1200,\"height\":1600},{\"@type\":\"BreadcrumbList\",\"@id\":\"https:\/\/ismsancarlos.cl\/site2\/instituto-santa-maria-de-san-carlos-celebra-el-dia-de-los-patrimonios-con-acto-civico\/#breadcrumb\",\"itemListElement\":[{\"@type\":\"ListItem\",\"position\":1,\"name\":\"Portada\",\"item\":\"https:\/\/ismsancarlos.cl\/site2\/\"},{\"@type\":\"ListItem\",\"position\":2,\"name\":\"Instituto Santa Mar\u00eda de San Carlos celebra el D\u00eda de los Patrimonios con acto c\u00edvico.\"}]},{\"@type\":\"WebSite\",\"@id\":\"https:\/\/ismsancarlos.cl\/site2\/#website\",\"url\":\"https:\/\/ismsancarlos.cl\/site2\/\",\"name\":\"Instituto Santa Mar\u00eda - San Carlos\",\"description\":\"&quot;Aprender m\u00e1s para servir mejor&quot;\",\"publisher\":{\"@id\":\"https:\/\/ismsancarlos.cl\/site2\/#organization\"},\"potentialAction\":[{\"@type\":\"SearchAction\",\"target\":{\"@type\":\"EntryPoint\",\"urlTemplate\":\"https:\/\/ismsancarlos.cl\/site2\/?s={search_term_string}\"},\"query-input\":{\"@type\":\"PropertyValueSpecification\",\"valueRequired\":true,\"valueName\":\"search_term_string\"}}],\"inLanguage\":\"es\"},{\"@type\":\"Organization\",\"@id\":\"https:\/\/ismsancarlos.cl\/site2\/#organization\",\"name\":\"Instituto Santa Mar\u00eda Chill\u00e1n\",\"url\":\"https:\/\/ismsancarlos.cl\/site2\/\",\"logo\":{\"@type\":\"ImageObject\",\"inLanguage\":\"es\",\"@id\":\"https:\/\/ismsancarlos.cl\/site2\/#\/schema\/logo\/image\/\",\"url\":\"https:\/\/ismchillan.cl\/site\/wp-content\/uploads\/2021\/02\/logo-ISM-Chillan.png\",\"contentUrl\":\"https:\/\/ismchillan.cl\/site\/wp-content\/uploads\/2021\/02\/logo-ISM-Chillan.png\",\"width\":746,\"height\":228,\"caption\":\"Instituto Santa Mar\u00eda Chill\u00e1n\"},\"image\":{\"@id\":\"https:\/\/ismsancarlos.cl\/site2\/#\/schema\/logo\/image\/\"},\"sameAs\":[\"https:\/\/www.facebook.com\/insamach\",\"https:\/\/www.instagram.com\/ism_chillan\/?hl=es-la\",\"https:\/\/www.youtube.com\/channel\/UCU8IW1d8akOJJTePPCCMjjA\"]},{\"@type\":\"Person\",\"@id\":\"https:\/\/ismsancarlos.cl\/site2\/#\/schema\/person\/6a23bdafb47e2c2a488fc70a8235ea7e\",\"name\":\"admin\",\"image\":{\"@type\":\"ImageObject\",\"inLanguage\":\"es\",\"@id\":\"https:\/\/ismsancarlos.cl\/site2\/#\/schema\/person\/image\/\",\"url\":\"https:\/\/secure.gravatar.com\/avatar\/8ac7f29e194fb7442e8e75b6f1c9477abd0dacb32722a8cb6ad498b642eb5d0b?s=96&d=mm&r=g\",\"contentUrl\":\"https:\/\/secure.gravatar.com\/avatar\/8ac7f29e194fb7442e8e75b6f1c9477abd0dacb32722a8cb6ad498b642eb5d0b?s=96&d=mm&r=g\",\"caption\":\"admin\"},\"sameAs\":[\"https:\/\/ismchillan.cl\/site\"]}]}<\/script>\n<!-- \/ Yoast SEO plugin. -->","yoast_head_json":{"title":"Instituto Santa Mar\u00eda de San Carlos celebra el D\u00eda de los Patrimonios con acto c\u00edvico. | Instituto Santa Mar\u00eda - San Carlos","robots":{"index":"index","follow":"follow","max-snippet":"max-snippet:-1","max-image-preview":"max-image-preview:large","max-video-preview":"max-video-preview:-1"},"canonical":"https:\/\/ismsancarlos.cl\/site2\/instituto-santa-maria-de-san-carlos-celebra-el-dia-de-los-patrimonios-con-acto-civico\/","og_locale":"es_ES","og_type":"article","og_title":"Instituto Santa Mar\u00eda de San Carlos celebra el D\u00eda de los Patrimonios con acto c\u00edvico. | Instituto Santa Mar\u00eda - San Carlos","og_description":"En un ambiente de alegr\u00eda, reflexi\u00f3n y valoraci\u00f3n de nuestras ra\u00edces culturales, el Instituto Santa Mar\u00eda de San Carlos celebr\u00f3 esta ma\u00f1ana un emotivo acto c\u00edvico con motivo del D\u00eda de los Patrimonios, con la participaci\u00f3n de estudiantes, docentes, apoderados y miembros de la comunidad educativa en general. La jornada\u00a0 cont\u00f3 con la destacada participaci\u00f3n [&hellip;]","og_url":"https:\/\/ismsancarlos.cl\/site2\/instituto-santa-maria-de-san-carlos-celebra-el-dia-de-los-patrimonios-con-acto-civico\/","og_site_name":"Instituto Santa Mar\u00eda - San Carlos","article_publisher":"https:\/\/www.facebook.com\/insamach","article_published_time":"2025-06-12T18:41:45+00:00","article_modified_time":"2025-06-12T18:43:40+00:00","og_image":[{"width":1200,"height":1600,"url":"https:\/\/ismsancarlos.cl\/site2\/wp-content\/uploads\/2025\/06\/PHOTO-2025-06-12-12-53-18.jpg","type":"image\/jpeg"}],"author":"admin","twitter_card":"summary_large_image","twitter_misc":{"Escrito por":"admin","Tiempo de lectura":"2 minutos"},"schema":{"@context":"https:\/\/schema.org","@graph":[{"@type":"Article","@id":"https:\/\/ismsancarlos.cl\/site2\/instituto-santa-maria-de-san-carlos-celebra-el-dia-de-los-patrimonios-con-acto-civico\/#article","isPartOf":{"@id":"https:\/\/ismsancarlos.cl\/site2\/instituto-santa-maria-de-san-carlos-celebra-el-dia-de-los-patrimonios-con-acto-civico\/"},"author":{"name":"admin","@id":"https:\/\/ismsancarlos.cl\/site2\/#\/schema\/person\/6a23bdafb47e2c2a488fc70a8235ea7e"},"headline":"Instituto Santa Mar\u00eda de San Carlos celebra el D\u00eda de los Patrimonios con acto c\u00edvico.","datePublished":"2025-06-12T18:41:45+00:00","dateModified":"2025-06-12T18:43:40+00:00","mainEntityOfPage":{"@id":"https:\/\/ismsancarlos.cl\/site2\/instituto-santa-maria-de-san-carlos-celebra-el-dia-de-los-patrimonios-con-acto-civico\/"},"wordCount":197,"publisher":{"@id":"https:\/\/ismsancarlos.cl\/site2\/#organization"},"image":{"@id":"https:\/\/ismsancarlos.cl\/site2\/instituto-santa-maria-de-san-carlos-celebra-el-dia-de-los-patrimonios-con-acto-civico\/#primaryimage"},"thumbnailUrl":"https:\/\/ismsancarlos.cl\/site2\/wp-content\/uploads\/2025\/06\/PHOTO-2025-06-12-12-53-18.jpg","articleSection":["Noticias"],"inLanguage":"es"},{"@type":"WebPage","@id":"https:\/\/ismsancarlos.cl\/site2\/instituto-santa-maria-de-san-carlos-celebra-el-dia-de-los-patrimonios-con-acto-civico\/","url":"https:\/\/ismsancarlos.cl\/site2\/instituto-santa-maria-de-san-carlos-celebra-el-dia-de-los-patrimonios-con-acto-civico\/","name":"Instituto Santa Mar\u00eda de San Carlos celebra el D\u00eda de los Patrimonios con acto c\u00edvico. | Instituto Santa Mar\u00eda - San Carlos","isPartOf":{"@id":"https:\/\/ismsancarlos.cl\/site2\/#website"},"primaryImageOfPage":{"@id":"https:\/\/ismsancarlos.cl\/site2\/instituto-santa-maria-de-san-carlos-celebra-el-dia-de-los-patrimonios-con-acto-civico\/#primaryimage"},"image":{"@id":"https:\/\/ismsancarlos.cl\/site2\/instituto-santa-maria-de-san-carlos-celebra-el-dia-de-los-patrimonios-con-acto-civico\/#primaryimage"},"thumbnailUrl":"https:\/\/ismsancarlos.cl\/site2\/wp-content\/uploads\/2025\/06\/PHOTO-2025-06-12-12-53-18.jpg","datePublished":"2025-06-12T18:41:45+00:00","dateModified":"2025-06-12T18:43:40+00:00","breadcrumb":{"@id":"https:\/\/ismsancarlos.cl\/site2\/instituto-santa-maria-de-san-carlos-celebra-el-dia-de-los-patrimonios-con-acto-civico\/#breadcrumb"},"inLanguage":"es","potentialAction":[{"@type":"ReadAction","target":["https:\/\/ismsancarlos.cl\/site2\/instituto-santa-maria-de-san-carlos-celebra-el-dia-de-los-patrimonios-con-acto-civico\/"]}]},{"@type":"ImageObject","inLanguage":"es","@id":"https:\/\/ismsancarlos.cl\/site2\/instituto-santa-maria-de-san-carlos-celebra-el-dia-de-los-patrimonios-con-acto-civico\/#primaryimage","url":"https:\/\/ismsancarlos.cl\/site2\/wp-content\/uploads\/2025\/06\/PHOTO-2025-06-12-12-53-18.jpg","contentUrl":"https:\/\/ismsancarlos.cl\/site2\/wp-content\/uploads\/2025\/06\/PHOTO-2025-06-12-12-53-18.jpg","width":1200,"height":1600},{"@type":"BreadcrumbList","@id":"https:\/\/ismsancarlos.cl\/site2\/instituto-santa-maria-de-san-carlos-celebra-el-dia-de-los-patrimonios-con-acto-civico\/#breadcrumb","itemListElement":[{"@type":"ListItem","position":1,"name":"Portada","item":"https:\/\/ismsancarlos.cl\/site2\/"},{"@type":"ListItem","position":2,"name":"Instituto Santa Mar\u00eda de San Carlos celebra el D\u00eda de los Patrimonios con acto c\u00edvico."}]},{"@type":"WebSite","@id":"https:\/\/ismsancarlos.cl\/site2\/#website","url":"https:\/\/ismsancarlos.cl\/site2\/","name":"Instituto Santa Mar\u00eda - San Carlos","description":"&quot;Aprender m\u00e1s para servir mejor&quot;","publisher":{"@id":"https:\/\/ismsancarlos.cl\/site2\/#organization"},"potentialAction":[{"@type":"SearchAction","target":{"@type":"EntryPoint","urlTemplate":"https:\/\/ismsancarlos.cl\/site2\/?s={search_term_string}"},"query-input":{"@type":"PropertyValueSpecification","valueRequired":true,"valueName":"search_term_string"}}],"inLanguage":"es"},{"@type":"Organization","@id":"https:\/\/ismsancarlos.cl\/site2\/#organization","name":"Instituto Santa Mar\u00eda Chill\u00e1n","url":"https:\/\/ismsancarlos.cl\/site2\/","logo":{"@type":"ImageObject","inLanguage":"es","@id":"https:\/\/ismsancarlos.cl\/site2\/#\/schema\/logo\/image\/","url":"https:\/\/ismchillan.cl\/site\/wp-content\/uploads\/2021\/02\/logo-ISM-Chillan.png","contentUrl":"https:\/\/ismchillan.cl\/site\/wp-content\/uploads\/2021\/02\/logo-ISM-Chillan.png","width":746,"height":228,"caption":"Instituto Santa Mar\u00eda Chill\u00e1n"},"image":{"@id":"https:\/\/ismsancarlos.cl\/site2\/#\/schema\/logo\/image\/"},"sameAs":["https:\/\/www.facebook.com\/insamach","https:\/\/www.instagram.com\/ism_chillan\/?hl=es-la","https:\/\/www.youtube.com\/channel\/UCU8IW1d8akOJJTePPCCMjjA"]},{"@type":"Person","@id":"https:\/\/ismsancarlos.cl\/site2\/#\/schema\/person\/6a23bdafb47e2c2a488fc70a8235ea7e","name":"admin","image":{"@type":"ImageObject","inLanguage":"es","@id":"https:\/\/ismsancarlos.cl\/site2\/#\/schema\/person\/image\/","url":"https:\/\/secure.gravatar.com\/avatar\/8ac7f29e194fb7442e8e75b6f1c9477abd0dacb32722a8cb6ad498b642eb5d0b?s=96&d=mm&r=g","contentUrl":"https:\/\/secure.gravatar.com\/avatar\/8ac7f29e194fb7442e8e75b6f1c9477abd0dacb32722a8cb6ad498b642eb5d0b?s=96&d=mm&r=g","caption":"admin"},"sameAs":["https:\/\/ismchillan.cl\/site"]}]}},"_links":{"self":[{"href":"https:\/\/ismsancarlos.cl\/site2\/wp-json\/wp\/v2\/posts\/15670","targetHints":{"allow":["GET"]}}],"collection":[{"href":"https:\/\/ismsancarlos.cl\/site2\/wp-json\/wp\/v2\/posts"}],"about":[{"href":"https:\/\/ismsancarlos.cl\/site2\/wp-json\/wp\/v2\/types\/post"}],"author":[{"embeddable":true,"href":"https:\/\/ismsancarlos.cl\/site2\/wp-json\/wp\/v2\/users\/1"}],"replies":[{"embeddable":true,"href":"https:\/\/ismsancarlos.cl\/site2\/wp-json\/wp\/v2\/comments?post=15670"}],"version-history":[{"count":2,"href":"https:\/\/ismsancarlos.cl\/site2\/wp-json\/wp\/v2\/posts\/15670\/revisions"}],"predecessor-version":[{"id":15677,"href":"https:\/\/ismsancarlos.cl\/site2\/wp-json\/wp\/v2\/posts\/15670\/revisions\/15677"}],"wp:featuredmedia":[{"embeddable":true,"href":"https:\/\/ismsancarlos.cl\/site2\/wp-json\/wp\/v2\/media\/15673"}],"wp:attachment":[{"href":"https:\/\/ismsancarlos.cl\/site2\/wp-json\/wp\/v2\/media?parent=15670"}],"wp:term":[{"taxonomy":"category","embeddable":true,"href":"https:\/\/ismsancarlos.cl\/site2\/wp-json\/wp\/v2\/categories?post=15670"},{"taxonomy":"post_tag","embeddable":true,"href":"https:\/\/ismsancarlos.cl\/site2\/wp-json\/wp\/v2\/tags?post=15670"}],"curies":[{"name":"wp","href":"https:\/\/api.w.org\/{rel}","templated":true}]}}