{"id":15665,"date":"2025-06-12T08:39:08","date_gmt":"2025-06-12T11:39:08","guid":{"rendered":"https:\/\/ismsancarlos.cl\/site2\/?p=15665"},"modified":"2025-06-12T08:39:51","modified_gmt":"2025-06-12T11:39:51","slug":"instituto-santa-maria-de-san-carlos-en-la-copa-mary-ward-2025","status":"publish","type":"post","link":"https:\/\/ismsancarlos.cl\/site2\/instituto-santa-maria-de-san-carlos-en-la-copa-mary-ward-2025\/","title":{"rendered":"Instituto Santa Mar\u00eda de San Carlos en la Copa Mary Ward 2025"},"content":{"rendered":"<p data-start=\"209\" data-end=\"640\">Con entusiasmo, compromiso deportivo y esp\u00edritu de comunidad, la delegaci\u00f3n del Instituto Santa Mar\u00eda de San Carlos inicia su participaci\u00f3n en una nueva versi\u00f3n de la Copa Mary Ward, encuentro deportivo organizado por el Colegio Instituto Santa Mar\u00eda de Santiago. La actividad se desarrolla durante esta semana en la capital y re\u00fane a estudiantes de todos los establecimientos que integran la red C.J. Chile.<\/p>\n<p data-start=\"642\" data-end=\"941\">Durante el primer d\u00eda de la competencia, los representantes de nuestro colegio, destacaron por su entrega en las distintas disciplinas deportivas, demostrando no solo un alto nivel t\u00e9cnico, sino tambi\u00e9n un fuerte sentido de respeto, colaboraci\u00f3n y fraternidad, valores centrales del legado de Mary Ward.<\/p>\n<p data-start=\"943\" data-end=\"1305\">La Copa Mary Ward no solo representa una instancia deportiva, sino tambi\u00e9n un espacio de encuentro entre comunidades educativas que comparten un mismo carisma. En ese sentido, la participaci\u00f3n del Instituto Santa Mar\u00eda de San Carlos reafirma su compromiso con una formaci\u00f3n integral, donde el desarrollo f\u00edsico y la convivencia escolar tienen un rol fundamental.<\/p>\n<p data-start=\"1307\" data-end=\"1594\">El equipo directivo, profesores y apoderados que acompa\u00f1aron en la despedida desde nuestro colegio a la delegaci\u00f3n , expresaron su orgullo por la participaci\u00f3n de sus estudiantes, destacando la importancia de seguir promoviendo este tipo de actividades que fortalecen la identidad institucional y los lazos entre colegios hermanos.<\/p>\n<p data-start=\"1307\" data-end=\"1594\"><img loading=\"lazy\" decoding=\"async\" class=\"wp-image-15666 alignleft\" src=\"https:\/\/ismsancarlos.cl\/site2\/wp-content\/uploads\/2025\/06\/8f4ed1ed-b3a0-4d24-ba19-4a9953544e7a-3.jpg\" alt=\"\" width=\"416\" height=\"277\" srcset=\"https:\/\/ismsancarlos.cl\/site2\/wp-content\/uploads\/2025\/06\/8f4ed1ed-b3a0-4d24-ba19-4a9953544e7a-3.jpg 1599w, https:\/\/ismsancarlos.cl\/site2\/wp-content\/uploads\/2025\/06\/8f4ed1ed-b3a0-4d24-ba19-4a9953544e7a-3-300x200.jpg 300w, https:\/\/ismsancarlos.cl\/site2\/wp-content\/uploads\/2025\/06\/8f4ed1ed-b3a0-4d24-ba19-4a9953544e7a-3-1024x683.jpg 1024w, https:\/\/ismsancarlos.cl\/site2\/wp-content\/uploads\/2025\/06\/8f4ed1ed-b3a0-4d24-ba19-4a9953544e7a-3-768x512.jpg 768w, https:\/\/ismsancarlos.cl\/site2\/wp-content\/uploads\/2025\/06\/8f4ed1ed-b3a0-4d24-ba19-4a9953544e7a-3-1536x1024.jpg 1536w\" sizes=\"auto, (max-width: 416px) 100vw, 416px\" \/><img loading=\"lazy\" decoding=\"async\" class=\"wp-image-15667 alignleft\" src=\"https:\/\/ismsancarlos.cl\/site2\/wp-content\/uploads\/2025\/06\/b817b7d9-fee2-4b74-b0dd-01e8b607a9df-3.jpg\" alt=\"\" width=\"412\" height=\"274\" srcset=\"https:\/\/ismsancarlos.cl\/site2\/wp-content\/uploads\/2025\/06\/b817b7d9-fee2-4b74-b0dd-01e8b607a9df-3.jpg 1599w, https:\/\/ismsancarlos.cl\/site2\/wp-content\/uploads\/2025\/06\/b817b7d9-fee2-4b74-b0dd-01e8b607a9df-3-300x200.jpg 300w, https:\/\/ismsancarlos.cl\/site2\/wp-content\/uploads\/2025\/06\/b817b7d9-fee2-4b74-b0dd-01e8b607a9df-3-1024x683.jpg 1024w, https:\/\/ismsancarlos.cl\/site2\/wp-content\/uploads\/2025\/06\/b817b7d9-fee2-4b74-b0dd-01e8b607a9df-3-768x512.jpg 768w, https:\/\/ismsancarlos.cl\/site2\/wp-content\/uploads\/2025\/06\/b817b7d9-fee2-4b74-b0dd-01e8b607a9df-3-1536x1024.jpg 1536w\" sizes=\"auto, (max-width: 412px) 100vw, 412px\" \/><img loading=\"lazy\" decoding=\"async\" class=\"wp-image-15668 alignleft\" src=\"https:\/\/ismsancarlos.cl\/site2\/wp-content\/uploads\/2025\/06\/e8b85e02-cc55-487f-b1e8-7e7303c0b3f7-3.jpg\" alt=\"\" width=\"401\" height=\"267\" srcset=\"https:\/\/ismsancarlos.cl\/site2\/wp-content\/uploads\/2025\/06\/e8b85e02-cc55-487f-b1e8-7e7303c0b3f7-3.jpg 1599w, https:\/\/ismsancarlos.cl\/site2\/wp-content\/uploads\/2025\/06\/e8b85e02-cc55-487f-b1e8-7e7303c0b3f7-3-300x200.jpg 300w, https:\/\/ismsancarlos.cl\/site2\/wp-content\/uploads\/2025\/06\/e8b85e02-cc55-487f-b1e8-7e7303c0b3f7-3-1024x683.jpg 1024w, https:\/\/ismsancarlos.cl\/site2\/wp-content\/uploads\/2025\/06\/e8b85e02-cc55-487f-b1e8-7e7303c0b3f7-3-768x512.jpg 768w, https:\/\/ismsancarlos.cl\/site2\/wp-content\/uploads\/2025\/06\/e8b85e02-cc55-487f-b1e8-7e7303c0b3f7-3-1536x1024.jpg 1536w\" sizes=\"auto, (max-width: 401px) 100vw, 401px\" \/><\/p>\n","protected":false},"excerpt":{"rendered":"<p>Con entusiasmo, compromiso deportivo y esp\u00edritu de comunidad, la delegaci\u00f3n del Instituto Santa Mar\u00eda de San Carlos inicia su participaci\u00f3n en una nueva versi\u00f3n de la Copa Mary Ward, encuentro deportivo organizado por el Colegio Instituto Santa Mar\u00eda de Santiago. La actividad se desarrolla durante esta semana en la capital y re\u00fane a estudiantes de [&hellip;]<\/p>\n","protected":false},"author":1,"featured_media":15668,"comment_status":"closed","ping_status":"closed","sticky":false,"template":"","format":"standard","meta":{"_price":"","_stock":"","_tribe_ticket_header":"","_tribe_default_ticket_provider":"","_tribe_ticket_capacity":"0","_ticket_start_date":"","_ticket_end_date":"","_tribe_ticket_show_description":"","_tribe_ticket_show_not_going":false,"_tribe_ticket_use_global_stock":"","_tribe_ticket_global_stock_level":"","_global_stock_mode":"","_global_stock_cap":"","_tribe_rsvp_for_event":"","_tribe_ticket_going_count":"","_tribe_ticket_not_going_count":"","_tribe_tickets_list":"[]","_tribe_ticket_has_attendee_info_fields":false,"footnotes":""},"categories":[144],"tags":[],"class_list":["post-15665","post","type-post","status-publish","format-standard","has-post-thumbnail","hentry","category-noticias"],"yoast_head":"<!-- This site is optimized with the Yoast SEO plugin v25.6 - https:\/\/yoast.com\/wordpress\/plugins\/seo\/ -->\n<title>Instituto Santa Mar\u00eda de San Carlos en la Copa Mary Ward 2025 | Instituto Santa Mar\u00eda - San Carlos<\/title>\n<meta name=\"robots\" content=\"index, follow, max-snippet:-1, max-image-preview:large, max-video-preview:-1\" \/>\n<link rel=\"canonical\" href=\"https:\/\/ismsancarlos.cl\/site2\/instituto-santa-maria-de-san-carlos-en-la-copa-mary-ward-2025\/\" \/>\n<meta property=\"og:locale\" content=\"es_ES\" \/>\n<meta property=\"og:type\" content=\"article\" \/>\n<meta property=\"og:title\" content=\"Instituto Santa Mar\u00eda de San Carlos en la Copa Mary Ward 2025 | Instituto Santa Mar\u00eda - San Carlos\" \/>\n<meta property=\"og:description\" content=\"Con entusiasmo, compromiso deportivo y esp\u00edritu de comunidad, la delegaci\u00f3n del Instituto Santa Mar\u00eda de San Carlos inicia su participaci\u00f3n en una nueva versi\u00f3n de la Copa Mary Ward, encuentro deportivo organizado por el Colegio Instituto Santa Mar\u00eda de Santiago. La actividad se desarrolla durante esta semana en la capital y re\u00fane a estudiantes de [&hellip;]\" \/>\n<meta property=\"og:url\" content=\"https:\/\/ismsancarlos.cl\/site2\/instituto-santa-maria-de-san-carlos-en-la-copa-mary-ward-2025\/\" \/>\n<meta property=\"og:site_name\" content=\"Instituto Santa Mar\u00eda - San Carlos\" \/>\n<meta property=\"article:publisher\" content=\"https:\/\/www.facebook.com\/insamach\" \/>\n<meta property=\"article:published_time\" content=\"2025-06-12T11:39:08+00:00\" \/>\n<meta property=\"article:modified_time\" content=\"2025-06-12T11:39:51+00:00\" \/>\n<meta property=\"og:image\" content=\"https:\/\/ismsancarlos.cl\/site2\/wp-content\/uploads\/2025\/06\/e8b85e02-cc55-487f-b1e8-7e7303c0b3f7-3.jpg\" \/>\n\t<meta property=\"og:image:width\" content=\"1599\" \/>\n\t<meta property=\"og:image:height\" content=\"1066\" \/>\n\t<meta property=\"og:image:type\" content=\"image\/jpeg\" \/>\n<meta name=\"author\" content=\"admin\" \/>\n<meta name=\"twitter:card\" content=\"summary_large_image\" \/>\n<meta name=\"twitter:label1\" content=\"Escrito por\" \/>\n\t<meta name=\"twitter:data1\" content=\"admin\" \/>\n\t<meta name=\"twitter:label2\" content=\"Tiempo de lectura\" \/>\n\t<meta name=\"twitter:data2\" content=\"2 minutos\" \/>\n<script type=\"application\/ld+json\" class=\"yoast-schema-graph\">{\"@context\":\"https:\/\/schema.org\",\"@graph\":[{\"@type\":\"Article\",\"@id\":\"https:\/\/ismsancarlos.cl\/site2\/instituto-santa-maria-de-san-carlos-en-la-copa-mary-ward-2025\/#article\",\"isPartOf\":{\"@id\":\"https:\/\/ismsancarlos.cl\/site2\/instituto-santa-maria-de-san-carlos-en-la-copa-mary-ward-2025\/\"},\"author\":{\"name\":\"admin\",\"@id\":\"https:\/\/ismsancarlos.cl\/site2\/#\/schema\/person\/6a23bdafb47e2c2a488fc70a8235ea7e\"},\"headline\":\"Instituto Santa Mar\u00eda de San Carlos en la Copa Mary Ward 2025\",\"datePublished\":\"2025-06-12T11:39:08+00:00\",\"dateModified\":\"2025-06-12T11:39:51+00:00\",\"mainEntityOfPage\":{\"@id\":\"https:\/\/ismsancarlos.cl\/site2\/instituto-santa-maria-de-san-carlos-en-la-copa-mary-ward-2025\/\"},\"wordCount\":243,\"publisher\":{\"@id\":\"https:\/\/ismsancarlos.cl\/site2\/#organization\"},\"image\":{\"@id\":\"https:\/\/ismsancarlos.cl\/site2\/instituto-santa-maria-de-san-carlos-en-la-copa-mary-ward-2025\/#primaryimage\"},\"thumbnailUrl\":\"https:\/\/ismsancarlos.cl\/site2\/wp-content\/uploads\/2025\/06\/e8b85e02-cc55-487f-b1e8-7e7303c0b3f7-3.jpg\",\"articleSection\":[\"Noticias\"],\"inLanguage\":\"es\"},{\"@type\":\"WebPage\",\"@id\":\"https:\/\/ismsancarlos.cl\/site2\/instituto-santa-maria-de-san-carlos-en-la-copa-mary-ward-2025\/\",\"url\":\"https:\/\/ismsancarlos.cl\/site2\/instituto-santa-maria-de-san-carlos-en-la-copa-mary-ward-2025\/\",\"name\":\"Instituto Santa Mar\u00eda de San Carlos en la Copa Mary Ward 2025 | Instituto Santa Mar\u00eda - San Carlos\",\"isPartOf\":{\"@id\":\"https:\/\/ismsancarlos.cl\/site2\/#website\"},\"primaryImageOfPage\":{\"@id\":\"https:\/\/ismsancarlos.cl\/site2\/instituto-santa-maria-de-san-carlos-en-la-copa-mary-ward-2025\/#primaryimage\"},\"image\":{\"@id\":\"https:\/\/ismsancarlos.cl\/site2\/instituto-santa-maria-de-san-carlos-en-la-copa-mary-ward-2025\/#primaryimage\"},\"thumbnailUrl\":\"https:\/\/ismsancarlos.cl\/site2\/wp-content\/uploads\/2025\/06\/e8b85e02-cc55-487f-b1e8-7e7303c0b3f7-3.jpg\",\"datePublished\":\"2025-06-12T11:39:08+00:00\",\"dateModified\":\"2025-06-12T11:39:51+00:00\",\"breadcrumb\":{\"@id\":\"https:\/\/ismsancarlos.cl\/site2\/instituto-santa-maria-de-san-carlos-en-la-copa-mary-ward-2025\/#breadcrumb\"},\"inLanguage\":\"es\",\"potentialAction\":[{\"@type\":\"ReadAction\",\"target\":[\"https:\/\/ismsancarlos.cl\/site2\/instituto-santa-maria-de-san-carlos-en-la-copa-mary-ward-2025\/\"]}]},{\"@type\":\"ImageObject\",\"inLanguage\":\"es\",\"@id\":\"https:\/\/ismsancarlos.cl\/site2\/instituto-santa-maria-de-san-carlos-en-la-copa-mary-ward-2025\/#primaryimage\",\"url\":\"https:\/\/ismsancarlos.cl\/site2\/wp-content\/uploads\/2025\/06\/e8b85e02-cc55-487f-b1e8-7e7303c0b3f7-3.jpg\",\"contentUrl\":\"https:\/\/ismsancarlos.cl\/site2\/wp-content\/uploads\/2025\/06\/e8b85e02-cc55-487f-b1e8-7e7303c0b3f7-3.jpg\",\"width\":1599,\"height\":1066},{\"@type\":\"BreadcrumbList\",\"@id\":\"https:\/\/ismsancarlos.cl\/site2\/instituto-santa-maria-de-san-carlos-en-la-copa-mary-ward-2025\/#breadcrumb\",\"itemListElement\":[{\"@type\":\"ListItem\",\"position\":1,\"name\":\"Portada\",\"item\":\"https:\/\/ismsancarlos.cl\/site2\/\"},{\"@type\":\"ListItem\",\"position\":2,\"name\":\"Instituto Santa Mar\u00eda de San Carlos en la Copa Mary Ward 2025\"}]},{\"@type\":\"WebSite\",\"@id\":\"https:\/\/ismsancarlos.cl\/site2\/#website\",\"url\":\"https:\/\/ismsancarlos.cl\/site2\/\",\"name\":\"Instituto Santa Mar\u00eda - San Carlos\",\"description\":\"&quot;Aprender m\u00e1s para servir mejor&quot;\",\"publisher\":{\"@id\":\"https:\/\/ismsancarlos.cl\/site2\/#organization\"},\"potentialAction\":[{\"@type\":\"SearchAction\",\"target\":{\"@type\":\"EntryPoint\",\"urlTemplate\":\"https:\/\/ismsancarlos.cl\/site2\/?s={search_term_string}\"},\"query-input\":{\"@type\":\"PropertyValueSpecification\",\"valueRequired\":true,\"valueName\":\"search_term_string\"}}],\"inLanguage\":\"es\"},{\"@type\":\"Organization\",\"@id\":\"https:\/\/ismsancarlos.cl\/site2\/#organization\",\"name\":\"Instituto Santa Mar\u00eda Chill\u00e1n\",\"url\":\"https:\/\/ismsancarlos.cl\/site2\/\",\"logo\":{\"@type\":\"ImageObject\",\"inLanguage\":\"es\",\"@id\":\"https:\/\/ismsancarlos.cl\/site2\/#\/schema\/logo\/image\/\",\"url\":\"https:\/\/ismchillan.cl\/site\/wp-content\/uploads\/2021\/02\/logo-ISM-Chillan.png\",\"contentUrl\":\"https:\/\/ismchillan.cl\/site\/wp-content\/uploads\/2021\/02\/logo-ISM-Chillan.png\",\"width\":746,\"height\":228,\"caption\":\"Instituto Santa Mar\u00eda Chill\u00e1n\"},\"image\":{\"@id\":\"https:\/\/ismsancarlos.cl\/site2\/#\/schema\/logo\/image\/\"},\"sameAs\":[\"https:\/\/www.facebook.com\/insamach\",\"https:\/\/www.instagram.com\/ism_chillan\/?hl=es-la\",\"https:\/\/www.youtube.com\/channel\/UCU8IW1d8akOJJTePPCCMjjA\"]},{\"@type\":\"Person\",\"@id\":\"https:\/\/ismsancarlos.cl\/site2\/#\/schema\/person\/6a23bdafb47e2c2a488fc70a8235ea7e\",\"name\":\"admin\",\"image\":{\"@type\":\"ImageObject\",\"inLanguage\":\"es\",\"@id\":\"https:\/\/ismsancarlos.cl\/site2\/#\/schema\/person\/image\/\",\"url\":\"https:\/\/secure.gravatar.com\/avatar\/8ac7f29e194fb7442e8e75b6f1c9477abd0dacb32722a8cb6ad498b642eb5d0b?s=96&d=mm&r=g\",\"contentUrl\":\"https:\/\/secure.gravatar.com\/avatar\/8ac7f29e194fb7442e8e75b6f1c9477abd0dacb32722a8cb6ad498b642eb5d0b?s=96&d=mm&r=g\",\"caption\":\"admin\"},\"sameAs\":[\"https:\/\/ismchillan.cl\/site\"]}]}<\/script>\n<!-- \/ Yoast SEO plugin. -->","yoast_head_json":{"title":"Instituto Santa Mar\u00eda de San Carlos en la Copa Mary Ward 2025 | Instituto Santa Mar\u00eda - San Carlos","robots":{"index":"index","follow":"follow","max-snippet":"max-snippet:-1","max-image-preview":"max-image-preview:large","max-video-preview":"max-video-preview:-1"},"canonical":"https:\/\/ismsancarlos.cl\/site2\/instituto-santa-maria-de-san-carlos-en-la-copa-mary-ward-2025\/","og_locale":"es_ES","og_type":"article","og_title":"Instituto Santa Mar\u00eda de San Carlos en la Copa Mary Ward 2025 | Instituto Santa Mar\u00eda - San Carlos","og_description":"Con entusiasmo, compromiso deportivo y esp\u00edritu de comunidad, la delegaci\u00f3n del Instituto Santa Mar\u00eda de San Carlos inicia su participaci\u00f3n en una nueva versi\u00f3n de la Copa Mary Ward, encuentro deportivo organizado por el Colegio Instituto Santa Mar\u00eda de Santiago. La actividad se desarrolla durante esta semana en la capital y re\u00fane a estudiantes de [&hellip;]","og_url":"https:\/\/ismsancarlos.cl\/site2\/instituto-santa-maria-de-san-carlos-en-la-copa-mary-ward-2025\/","og_site_name":"Instituto Santa Mar\u00eda - San Carlos","article_publisher":"https:\/\/www.facebook.com\/insamach","article_published_time":"2025-06-12T11:39:08+00:00","article_modified_time":"2025-06-12T11:39:51+00:00","og_image":[{"width":1599,"height":1066,"url":"https:\/\/ismsancarlos.cl\/site2\/wp-content\/uploads\/2025\/06\/e8b85e02-cc55-487f-b1e8-7e7303c0b3f7-3.jpg","type":"image\/jpeg"}],"author":"admin","twitter_card":"summary_large_image","twitter_misc":{"Escrito por":"admin","Tiempo de lectura":"2 minutos"},"schema":{"@context":"https:\/\/schema.org","@graph":[{"@type":"Article","@id":"https:\/\/ismsancarlos.cl\/site2\/instituto-santa-maria-de-san-carlos-en-la-copa-mary-ward-2025\/#article","isPartOf":{"@id":"https:\/\/ismsancarlos.cl\/site2\/instituto-santa-maria-de-san-carlos-en-la-copa-mary-ward-2025\/"},"author":{"name":"admin","@id":"https:\/\/ismsancarlos.cl\/site2\/#\/schema\/person\/6a23bdafb47e2c2a488fc70a8235ea7e"},"headline":"Instituto Santa Mar\u00eda de San Carlos en la Copa Mary Ward 2025","datePublished":"2025-06-12T11:39:08+00:00","dateModified":"2025-06-12T11:39:51+00:00","mainEntityOfPage":{"@id":"https:\/\/ismsancarlos.cl\/site2\/instituto-santa-maria-de-san-carlos-en-la-copa-mary-ward-2025\/"},"wordCount":243,"publisher":{"@id":"https:\/\/ismsancarlos.cl\/site2\/#organization"},"image":{"@id":"https:\/\/ismsancarlos.cl\/site2\/instituto-santa-maria-de-san-carlos-en-la-copa-mary-ward-2025\/#primaryimage"},"thumbnailUrl":"https:\/\/ismsancarlos.cl\/site2\/wp-content\/uploads\/2025\/06\/e8b85e02-cc55-487f-b1e8-7e7303c0b3f7-3.jpg","articleSection":["Noticias"],"inLanguage":"es"},{"@type":"WebPage","@id":"https:\/\/ismsancarlos.cl\/site2\/instituto-santa-maria-de-san-carlos-en-la-copa-mary-ward-2025\/","url":"https:\/\/ismsancarlos.cl\/site2\/instituto-santa-maria-de-san-carlos-en-la-copa-mary-ward-2025\/","name":"Instituto Santa Mar\u00eda de San Carlos en la Copa Mary Ward 2025 | Instituto Santa Mar\u00eda - San Carlos","isPartOf":{"@id":"https:\/\/ismsancarlos.cl\/site2\/#website"},"primaryImageOfPage":{"@id":"https:\/\/ismsancarlos.cl\/site2\/instituto-santa-maria-de-san-carlos-en-la-copa-mary-ward-2025\/#primaryimage"},"image":{"@id":"https:\/\/ismsancarlos.cl\/site2\/instituto-santa-maria-de-san-carlos-en-la-copa-mary-ward-2025\/#primaryimage"},"thumbnailUrl":"https:\/\/ismsancarlos.cl\/site2\/wp-content\/uploads\/2025\/06\/e8b85e02-cc55-487f-b1e8-7e7303c0b3f7-3.jpg","datePublished":"2025-06-12T11:39:08+00:00","dateModified":"2025-06-12T11:39:51+00:00","breadcrumb":{"@id":"https:\/\/ismsancarlos.cl\/site2\/instituto-santa-maria-de-san-carlos-en-la-copa-mary-ward-2025\/#breadcrumb"},"inLanguage":"es","potentialAction":[{"@type":"ReadAction","target":["https:\/\/ismsancarlos.cl\/site2\/instituto-santa-maria-de-san-carlos-en-la-copa-mary-ward-2025\/"]}]},{"@type":"ImageObject","inLanguage":"es","@id":"https:\/\/ismsancarlos.cl\/site2\/instituto-santa-maria-de-san-carlos-en-la-copa-mary-ward-2025\/#primaryimage","url":"https:\/\/ismsancarlos.cl\/site2\/wp-content\/uploads\/2025\/06\/e8b85e02-cc55-487f-b1e8-7e7303c0b3f7-3.jpg","contentUrl":"https:\/\/ismsancarlos.cl\/site2\/wp-content\/uploads\/2025\/06\/e8b85e02-cc55-487f-b1e8-7e7303c0b3f7-3.jpg","width":1599,"height":1066},{"@type":"BreadcrumbList","@id":"https:\/\/ismsancarlos.cl\/site2\/instituto-santa-maria-de-san-carlos-en-la-copa-mary-ward-2025\/#breadcrumb","itemListElement":[{"@type":"ListItem","position":1,"name":"Portada","item":"https:\/\/ismsancarlos.cl\/site2\/"},{"@type":"ListItem","position":2,"name":"Instituto Santa Mar\u00eda de San Carlos en la Copa Mary Ward 2025"}]},{"@type":"WebSite","@id":"https:\/\/ismsancarlos.cl\/site2\/#website","url":"https:\/\/ismsancarlos.cl\/site2\/","name":"Instituto Santa Mar\u00eda - San Carlos","description":"&quot;Aprender m\u00e1s para servir mejor&quot;","publisher":{"@id":"https:\/\/ismsancarlos.cl\/site2\/#organization"},"potentialAction":[{"@type":"SearchAction","target":{"@type":"EntryPoint","urlTemplate":"https:\/\/ismsancarlos.cl\/site2\/?s={search_term_string}"},"query-input":{"@type":"PropertyValueSpecification","valueRequired":true,"valueName":"search_term_string"}}],"inLanguage":"es"},{"@type":"Organization","@id":"https:\/\/ismsancarlos.cl\/site2\/#organization","name":"Instituto Santa Mar\u00eda Chill\u00e1n","url":"https:\/\/ismsancarlos.cl\/site2\/","logo":{"@type":"ImageObject","inLanguage":"es","@id":"https:\/\/ismsancarlos.cl\/site2\/#\/schema\/logo\/image\/","url":"https:\/\/ismchillan.cl\/site\/wp-content\/uploads\/2021\/02\/logo-ISM-Chillan.png","contentUrl":"https:\/\/ismchillan.cl\/site\/wp-content\/uploads\/2021\/02\/logo-ISM-Chillan.png","width":746,"height":228,"caption":"Instituto Santa Mar\u00eda Chill\u00e1n"},"image":{"@id":"https:\/\/ismsancarlos.cl\/site2\/#\/schema\/logo\/image\/"},"sameAs":["https:\/\/www.facebook.com\/insamach","https:\/\/www.instagram.com\/ism_chillan\/?hl=es-la","https:\/\/www.youtube.com\/channel\/UCU8IW1d8akOJJTePPCCMjjA"]},{"@type":"Person","@id":"https:\/\/ismsancarlos.cl\/site2\/#\/schema\/person\/6a23bdafb47e2c2a488fc70a8235ea7e","name":"admin","image":{"@type":"ImageObject","inLanguage":"es","@id":"https:\/\/ismsancarlos.cl\/site2\/#\/schema\/person\/image\/","url":"https:\/\/secure.gravatar.com\/avatar\/8ac7f29e194fb7442e8e75b6f1c9477abd0dacb32722a8cb6ad498b642eb5d0b?s=96&d=mm&r=g","contentUrl":"https:\/\/secure.gravatar.com\/avatar\/8ac7f29e194fb7442e8e75b6f1c9477abd0dacb32722a8cb6ad498b642eb5d0b?s=96&d=mm&r=g","caption":"admin"},"sameAs":["https:\/\/ismchillan.cl\/site"]}]}},"_links":{"self":[{"href":"https:\/\/ismsancarlos.cl\/site2\/wp-json\/wp\/v2\/posts\/15665","targetHints":{"allow":["GET"]}}],"collection":[{"href":"https:\/\/ismsancarlos.cl\/site2\/wp-json\/wp\/v2\/posts"}],"about":[{"href":"https:\/\/ismsancarlos.cl\/site2\/wp-json\/wp\/v2\/types\/post"}],"author":[{"embeddable":true,"href":"https:\/\/ismsancarlos.cl\/site2\/wp-json\/wp\/v2\/users\/1"}],"replies":[{"embeddable":true,"href":"https:\/\/ismsancarlos.cl\/site2\/wp-json\/wp\/v2\/comments?post=15665"}],"version-history":[{"count":1,"href":"https:\/\/ismsancarlos.cl\/site2\/wp-json\/wp\/v2\/posts\/15665\/revisions"}],"predecessor-version":[{"id":15669,"href":"https:\/\/ismsancarlos.cl\/site2\/wp-json\/wp\/v2\/posts\/15665\/revisions\/15669"}],"wp:featuredmedia":[{"embeddable":true,"href":"https:\/\/ismsancarlos.cl\/site2\/wp-json\/wp\/v2\/media\/15668"}],"wp:attachment":[{"href":"https:\/\/ismsancarlos.cl\/site2\/wp-json\/wp\/v2\/media?parent=15665"}],"wp:term":[{"taxonomy":"category","embeddable":true,"href":"https:\/\/ismsancarlos.cl\/site2\/wp-json\/wp\/v2\/categories?post=15665"},{"taxonomy":"post_tag","embeddable":true,"href":"https:\/\/ismsancarlos.cl\/site2\/wp-json\/wp\/v2\/tags?post=15665"}],"curies":[{"name":"wp","href":"https:\/\/api.w.org\/{rel}","templated":true}]}}