{"id":13808,"date":"2023-11-30T17:45:00","date_gmt":"2023-11-30T20:45:00","guid":{"rendered":"https:\/\/ismsancarlos.cl\/site2\/?p=13808"},"modified":"2023-11-30T17:45:02","modified_gmt":"2023-11-30T20:45:02","slug":"celebracion-de-la-eucaristia-de-cierre-de-ano-escolar","status":"publish","type":"post","link":"https:\/\/ismsancarlos.cl\/site2\/celebracion-de-la-eucaristia-de-cierre-de-ano-escolar\/","title":{"rendered":"Celebraci\u00f3n de la Eucarist\u00eda de Cierre de a\u00f1o escolar"},"content":{"rendered":"\n<p>Querida Comunidad:<\/p>\n\n\n\n<p>Junto con saludarles, invitamos a ustedes y a sus familias a poder participar de la celebraci\u00f3n de la Eucarist\u00eda de Cierre de a\u00f1o escolar, organizado por la Educaci\u00f3n Parvularia, el d\u00eda domingo 03 de diciembre a las 10.30 hrs en el Convento Trinitario.<\/p>\n\n\n\n<p>En esta instancia queremos agradecer a Dios por este a\u00f1o lleno de bendiciones, crecimientos y de experiencias que nos ayudan a ser \u201cM\u00e1s y Mejor para Dios\u201d.<\/p>\n\n\n\n<p>Adem\u00e1s, en esta oportunidad invitamos a nuestros estudiantes que recientemente recibieron el Sacramento de la Eucarist\u00eda a poder recibir su Segunda Comuni\u00f3n c\u00f3mo integrantes participativos de nuestra Iglesia que nos acoge y nos une en la misi\u00f3n.<\/p>\n\n\n\n<p>\u00a1Les esperamos!<\/p>\n\n\n\n<figure class=\"wp-block-image size-full\"><img loading=\"lazy\" decoding=\"async\" width=\"984\" height=\"985\" src=\"https:\/\/ismsancarlos.cl\/site2\/wp-content\/uploads\/2023\/11\/unnamed.jpg\" alt=\"\" class=\"wp-image-13809\" srcset=\"https:\/\/ismsancarlos.cl\/site2\/wp-content\/uploads\/2023\/11\/unnamed.jpg 984w, https:\/\/ismsancarlos.cl\/site2\/wp-content\/uploads\/2023\/11\/unnamed-300x300.jpg 300w, https:\/\/ismsancarlos.cl\/site2\/wp-content\/uploads\/2023\/11\/unnamed-150x150.jpg 150w, https:\/\/ismsancarlos.cl\/site2\/wp-content\/uploads\/2023\/11\/unnamed-768x769.jpg 768w\" sizes=\"auto, (max-width: 984px) 100vw, 984px\" \/><\/figure>\n\n\n\n<p><\/p>\n","protected":false},"excerpt":{"rendered":"<p>Querida Comunidad: Junto con saludarles, invitamos a ustedes y a sus familias a poder participar de la celebraci\u00f3n de la Eucarist\u00eda de Cierre de a\u00f1o escolar, organizado por la Educaci\u00f3n Parvularia, el d\u00eda domingo 03 de diciembre a las 10.30 hrs en el Convento Trinitario. En esta instancia queremos agradecer a Dios por este a\u00f1o [&hellip;]<\/p>\n","protected":false},"author":1,"featured_media":13809,"comment_status":"closed","ping_status":"closed","sticky":false,"template":"","format":"standard","meta":{"_price":"","_stock":"","_tribe_ticket_header":"","_tribe_default_ticket_provider":"","_tribe_ticket_capacity":"0","_ticket_start_date":"","_ticket_end_date":"","_tribe_ticket_show_description":"","_tribe_ticket_show_not_going":false,"_tribe_ticket_use_global_stock":"","_tribe_ticket_global_stock_level":"","_global_stock_mode":"","_global_stock_cap":"","_tribe_rsvp_for_event":"","_tribe_ticket_going_count":"","_tribe_ticket_not_going_count":"","_tribe_tickets_list":"[]","_tribe_ticket_has_attendee_info_fields":false,"footnotes":""},"categories":[144],"tags":[],"class_list":["post-13808","post","type-post","status-publish","format-standard","has-post-thumbnail","hentry","category-noticias"],"yoast_head":"<!-- This site is optimized with the Yoast SEO plugin v25.6 - https:\/\/yoast.com\/wordpress\/plugins\/seo\/ -->\n<title>Celebraci\u00f3n de la Eucarist\u00eda de Cierre de a\u00f1o escolar | Instituto Santa Mar\u00eda - San Carlos<\/title>\n<meta name=\"robots\" content=\"index, follow, max-snippet:-1, max-image-preview:large, max-video-preview:-1\" \/>\n<link rel=\"canonical\" href=\"https:\/\/ismsancarlos.cl\/site2\/celebracion-de-la-eucaristia-de-cierre-de-ano-escolar\/\" \/>\n<meta property=\"og:locale\" content=\"es_ES\" \/>\n<meta property=\"og:type\" content=\"article\" \/>\n<meta property=\"og:title\" content=\"Celebraci\u00f3n de la Eucarist\u00eda de Cierre de a\u00f1o escolar | Instituto Santa Mar\u00eda - San Carlos\" \/>\n<meta property=\"og:description\" content=\"Querida Comunidad: Junto con saludarles, invitamos a ustedes y a sus familias a poder participar de la celebraci\u00f3n de la Eucarist\u00eda de Cierre de a\u00f1o escolar, organizado por la Educaci\u00f3n Parvularia, el d\u00eda domingo 03 de diciembre a las 10.30 hrs en el Convento Trinitario. En esta instancia queremos agradecer a Dios por este a\u00f1o [&hellip;]\" \/>\n<meta property=\"og:url\" content=\"https:\/\/ismsancarlos.cl\/site2\/celebracion-de-la-eucaristia-de-cierre-de-ano-escolar\/\" \/>\n<meta property=\"og:site_name\" content=\"Instituto Santa Mar\u00eda - San Carlos\" \/>\n<meta property=\"article:publisher\" content=\"https:\/\/www.facebook.com\/insamach\" \/>\n<meta property=\"article:published_time\" content=\"2023-11-30T20:45:00+00:00\" \/>\n<meta property=\"article:modified_time\" content=\"2023-11-30T20:45:02+00:00\" \/>\n<meta property=\"og:image\" content=\"https:\/\/ismsancarlos.cl\/site2\/wp-content\/uploads\/2023\/11\/unnamed.jpg\" \/>\n\t<meta property=\"og:image:width\" content=\"984\" \/>\n\t<meta property=\"og:image:height\" content=\"985\" \/>\n\t<meta property=\"og:image:type\" content=\"image\/jpeg\" \/>\n<meta name=\"author\" content=\"admin\" \/>\n<meta name=\"twitter:card\" content=\"summary_large_image\" \/>\n<meta name=\"twitter:label1\" content=\"Escrito por\" \/>\n\t<meta name=\"twitter:data1\" content=\"admin\" \/>\n\t<meta name=\"twitter:label2\" content=\"Tiempo de lectura\" \/>\n\t<meta name=\"twitter:data2\" content=\"1 minuto\" \/>\n<script type=\"application\/ld+json\" class=\"yoast-schema-graph\">{\"@context\":\"https:\/\/schema.org\",\"@graph\":[{\"@type\":\"Article\",\"@id\":\"https:\/\/ismsancarlos.cl\/site2\/celebracion-de-la-eucaristia-de-cierre-de-ano-escolar\/#article\",\"isPartOf\":{\"@id\":\"https:\/\/ismsancarlos.cl\/site2\/celebracion-de-la-eucaristia-de-cierre-de-ano-escolar\/\"},\"author\":{\"name\":\"admin\",\"@id\":\"https:\/\/ismsancarlos.cl\/site2\/#\/schema\/person\/6a23bdafb47e2c2a488fc70a8235ea7e\"},\"headline\":\"Celebraci\u00f3n de la Eucarist\u00eda de Cierre de a\u00f1o escolar\",\"datePublished\":\"2023-11-30T20:45:00+00:00\",\"dateModified\":\"2023-11-30T20:45:02+00:00\",\"mainEntityOfPage\":{\"@id\":\"https:\/\/ismsancarlos.cl\/site2\/celebracion-de-la-eucaristia-de-cierre-de-ano-escolar\/\"},\"wordCount\":133,\"publisher\":{\"@id\":\"https:\/\/ismsancarlos.cl\/site2\/#organization\"},\"image\":{\"@id\":\"https:\/\/ismsancarlos.cl\/site2\/celebracion-de-la-eucaristia-de-cierre-de-ano-escolar\/#primaryimage\"},\"thumbnailUrl\":\"https:\/\/ismsancarlos.cl\/site2\/wp-content\/uploads\/2023\/11\/unnamed.jpg\",\"articleSection\":[\"Noticias\"],\"inLanguage\":\"es\"},{\"@type\":\"WebPage\",\"@id\":\"https:\/\/ismsancarlos.cl\/site2\/celebracion-de-la-eucaristia-de-cierre-de-ano-escolar\/\",\"url\":\"https:\/\/ismsancarlos.cl\/site2\/celebracion-de-la-eucaristia-de-cierre-de-ano-escolar\/\",\"name\":\"Celebraci\u00f3n de la Eucarist\u00eda de Cierre de a\u00f1o escolar | Instituto Santa Mar\u00eda - San Carlos\",\"isPartOf\":{\"@id\":\"https:\/\/ismsancarlos.cl\/site2\/#website\"},\"primaryImageOfPage\":{\"@id\":\"https:\/\/ismsancarlos.cl\/site2\/celebracion-de-la-eucaristia-de-cierre-de-ano-escolar\/#primaryimage\"},\"image\":{\"@id\":\"https:\/\/ismsancarlos.cl\/site2\/celebracion-de-la-eucaristia-de-cierre-de-ano-escolar\/#primaryimage\"},\"thumbnailUrl\":\"https:\/\/ismsancarlos.cl\/site2\/wp-content\/uploads\/2023\/11\/unnamed.jpg\",\"datePublished\":\"2023-11-30T20:45:00+00:00\",\"dateModified\":\"2023-11-30T20:45:02+00:00\",\"breadcrumb\":{\"@id\":\"https:\/\/ismsancarlos.cl\/site2\/celebracion-de-la-eucaristia-de-cierre-de-ano-escolar\/#breadcrumb\"},\"inLanguage\":\"es\",\"potentialAction\":[{\"@type\":\"ReadAction\",\"target\":[\"https:\/\/ismsancarlos.cl\/site2\/celebracion-de-la-eucaristia-de-cierre-de-ano-escolar\/\"]}]},{\"@type\":\"ImageObject\",\"inLanguage\":\"es\",\"@id\":\"https:\/\/ismsancarlos.cl\/site2\/celebracion-de-la-eucaristia-de-cierre-de-ano-escolar\/#primaryimage\",\"url\":\"https:\/\/ismsancarlos.cl\/site2\/wp-content\/uploads\/2023\/11\/unnamed.jpg\",\"contentUrl\":\"https:\/\/ismsancarlos.cl\/site2\/wp-content\/uploads\/2023\/11\/unnamed.jpg\",\"width\":984,\"height\":985},{\"@type\":\"BreadcrumbList\",\"@id\":\"https:\/\/ismsancarlos.cl\/site2\/celebracion-de-la-eucaristia-de-cierre-de-ano-escolar\/#breadcrumb\",\"itemListElement\":[{\"@type\":\"ListItem\",\"position\":1,\"name\":\"Portada\",\"item\":\"https:\/\/ismsancarlos.cl\/site2\/\"},{\"@type\":\"ListItem\",\"position\":2,\"name\":\"Celebraci\u00f3n de la Eucarist\u00eda de Cierre de a\u00f1o escolar\"}]},{\"@type\":\"WebSite\",\"@id\":\"https:\/\/ismsancarlos.cl\/site2\/#website\",\"url\":\"https:\/\/ismsancarlos.cl\/site2\/\",\"name\":\"Instituto Santa Mar\u00eda - San Carlos\",\"description\":\"&quot;Aprender m\u00e1s para servir mejor&quot;\",\"publisher\":{\"@id\":\"https:\/\/ismsancarlos.cl\/site2\/#organization\"},\"potentialAction\":[{\"@type\":\"SearchAction\",\"target\":{\"@type\":\"EntryPoint\",\"urlTemplate\":\"https:\/\/ismsancarlos.cl\/site2\/?s={search_term_string}\"},\"query-input\":{\"@type\":\"PropertyValueSpecification\",\"valueRequired\":true,\"valueName\":\"search_term_string\"}}],\"inLanguage\":\"es\"},{\"@type\":\"Organization\",\"@id\":\"https:\/\/ismsancarlos.cl\/site2\/#organization\",\"name\":\"Instituto Santa Mar\u00eda Chill\u00e1n\",\"url\":\"https:\/\/ismsancarlos.cl\/site2\/\",\"logo\":{\"@type\":\"ImageObject\",\"inLanguage\":\"es\",\"@id\":\"https:\/\/ismsancarlos.cl\/site2\/#\/schema\/logo\/image\/\",\"url\":\"https:\/\/ismchillan.cl\/site\/wp-content\/uploads\/2021\/02\/logo-ISM-Chillan.png\",\"contentUrl\":\"https:\/\/ismchillan.cl\/site\/wp-content\/uploads\/2021\/02\/logo-ISM-Chillan.png\",\"width\":746,\"height\":228,\"caption\":\"Instituto Santa Mar\u00eda Chill\u00e1n\"},\"image\":{\"@id\":\"https:\/\/ismsancarlos.cl\/site2\/#\/schema\/logo\/image\/\"},\"sameAs\":[\"https:\/\/www.facebook.com\/insamach\",\"https:\/\/www.instagram.com\/ism_chillan\/?hl=es-la\",\"https:\/\/www.youtube.com\/channel\/UCU8IW1d8akOJJTePPCCMjjA\"]},{\"@type\":\"Person\",\"@id\":\"https:\/\/ismsancarlos.cl\/site2\/#\/schema\/person\/6a23bdafb47e2c2a488fc70a8235ea7e\",\"name\":\"admin\",\"image\":{\"@type\":\"ImageObject\",\"inLanguage\":\"es\",\"@id\":\"https:\/\/ismsancarlos.cl\/site2\/#\/schema\/person\/image\/\",\"url\":\"https:\/\/secure.gravatar.com\/avatar\/8ac7f29e194fb7442e8e75b6f1c9477abd0dacb32722a8cb6ad498b642eb5d0b?s=96&d=mm&r=g\",\"contentUrl\":\"https:\/\/secure.gravatar.com\/avatar\/8ac7f29e194fb7442e8e75b6f1c9477abd0dacb32722a8cb6ad498b642eb5d0b?s=96&d=mm&r=g\",\"caption\":\"admin\"},\"sameAs\":[\"https:\/\/ismchillan.cl\/site\"]}]}<\/script>\n<!-- \/ Yoast SEO plugin. -->","yoast_head_json":{"title":"Celebraci\u00f3n de la Eucarist\u00eda de Cierre de a\u00f1o escolar | Instituto Santa Mar\u00eda - San Carlos","robots":{"index":"index","follow":"follow","max-snippet":"max-snippet:-1","max-image-preview":"max-image-preview:large","max-video-preview":"max-video-preview:-1"},"canonical":"https:\/\/ismsancarlos.cl\/site2\/celebracion-de-la-eucaristia-de-cierre-de-ano-escolar\/","og_locale":"es_ES","og_type":"article","og_title":"Celebraci\u00f3n de la Eucarist\u00eda de Cierre de a\u00f1o escolar | Instituto Santa Mar\u00eda - San Carlos","og_description":"Querida Comunidad: Junto con saludarles, invitamos a ustedes y a sus familias a poder participar de la celebraci\u00f3n de la Eucarist\u00eda de Cierre de a\u00f1o escolar, organizado por la Educaci\u00f3n Parvularia, el d\u00eda domingo 03 de diciembre a las 10.30 hrs en el Convento Trinitario. En esta instancia queremos agradecer a Dios por este a\u00f1o [&hellip;]","og_url":"https:\/\/ismsancarlos.cl\/site2\/celebracion-de-la-eucaristia-de-cierre-de-ano-escolar\/","og_site_name":"Instituto Santa Mar\u00eda - San Carlos","article_publisher":"https:\/\/www.facebook.com\/insamach","article_published_time":"2023-11-30T20:45:00+00:00","article_modified_time":"2023-11-30T20:45:02+00:00","og_image":[{"width":984,"height":985,"url":"https:\/\/ismsancarlos.cl\/site2\/wp-content\/uploads\/2023\/11\/unnamed.jpg","type":"image\/jpeg"}],"author":"admin","twitter_card":"summary_large_image","twitter_misc":{"Escrito por":"admin","Tiempo de lectura":"1 minuto"},"schema":{"@context":"https:\/\/schema.org","@graph":[{"@type":"Article","@id":"https:\/\/ismsancarlos.cl\/site2\/celebracion-de-la-eucaristia-de-cierre-de-ano-escolar\/#article","isPartOf":{"@id":"https:\/\/ismsancarlos.cl\/site2\/celebracion-de-la-eucaristia-de-cierre-de-ano-escolar\/"},"author":{"name":"admin","@id":"https:\/\/ismsancarlos.cl\/site2\/#\/schema\/person\/6a23bdafb47e2c2a488fc70a8235ea7e"},"headline":"Celebraci\u00f3n de la Eucarist\u00eda de Cierre de a\u00f1o escolar","datePublished":"2023-11-30T20:45:00+00:00","dateModified":"2023-11-30T20:45:02+00:00","mainEntityOfPage":{"@id":"https:\/\/ismsancarlos.cl\/site2\/celebracion-de-la-eucaristia-de-cierre-de-ano-escolar\/"},"wordCount":133,"publisher":{"@id":"https:\/\/ismsancarlos.cl\/site2\/#organization"},"image":{"@id":"https:\/\/ismsancarlos.cl\/site2\/celebracion-de-la-eucaristia-de-cierre-de-ano-escolar\/#primaryimage"},"thumbnailUrl":"https:\/\/ismsancarlos.cl\/site2\/wp-content\/uploads\/2023\/11\/unnamed.jpg","articleSection":["Noticias"],"inLanguage":"es"},{"@type":"WebPage","@id":"https:\/\/ismsancarlos.cl\/site2\/celebracion-de-la-eucaristia-de-cierre-de-ano-escolar\/","url":"https:\/\/ismsancarlos.cl\/site2\/celebracion-de-la-eucaristia-de-cierre-de-ano-escolar\/","name":"Celebraci\u00f3n de la Eucarist\u00eda de Cierre de a\u00f1o escolar | Instituto Santa Mar\u00eda - San Carlos","isPartOf":{"@id":"https:\/\/ismsancarlos.cl\/site2\/#website"},"primaryImageOfPage":{"@id":"https:\/\/ismsancarlos.cl\/site2\/celebracion-de-la-eucaristia-de-cierre-de-ano-escolar\/#primaryimage"},"image":{"@id":"https:\/\/ismsancarlos.cl\/site2\/celebracion-de-la-eucaristia-de-cierre-de-ano-escolar\/#primaryimage"},"thumbnailUrl":"https:\/\/ismsancarlos.cl\/site2\/wp-content\/uploads\/2023\/11\/unnamed.jpg","datePublished":"2023-11-30T20:45:00+00:00","dateModified":"2023-11-30T20:45:02+00:00","breadcrumb":{"@id":"https:\/\/ismsancarlos.cl\/site2\/celebracion-de-la-eucaristia-de-cierre-de-ano-escolar\/#breadcrumb"},"inLanguage":"es","potentialAction":[{"@type":"ReadAction","target":["https:\/\/ismsancarlos.cl\/site2\/celebracion-de-la-eucaristia-de-cierre-de-ano-escolar\/"]}]},{"@type":"ImageObject","inLanguage":"es","@id":"https:\/\/ismsancarlos.cl\/site2\/celebracion-de-la-eucaristia-de-cierre-de-ano-escolar\/#primaryimage","url":"https:\/\/ismsancarlos.cl\/site2\/wp-content\/uploads\/2023\/11\/unnamed.jpg","contentUrl":"https:\/\/ismsancarlos.cl\/site2\/wp-content\/uploads\/2023\/11\/unnamed.jpg","width":984,"height":985},{"@type":"BreadcrumbList","@id":"https:\/\/ismsancarlos.cl\/site2\/celebracion-de-la-eucaristia-de-cierre-de-ano-escolar\/#breadcrumb","itemListElement":[{"@type":"ListItem","position":1,"name":"Portada","item":"https:\/\/ismsancarlos.cl\/site2\/"},{"@type":"ListItem","position":2,"name":"Celebraci\u00f3n de la Eucarist\u00eda de Cierre de a\u00f1o escolar"}]},{"@type":"WebSite","@id":"https:\/\/ismsancarlos.cl\/site2\/#website","url":"https:\/\/ismsancarlos.cl\/site2\/","name":"Instituto Santa Mar\u00eda - San Carlos","description":"&quot;Aprender m\u00e1s para servir mejor&quot;","publisher":{"@id":"https:\/\/ismsancarlos.cl\/site2\/#organization"},"potentialAction":[{"@type":"SearchAction","target":{"@type":"EntryPoint","urlTemplate":"https:\/\/ismsancarlos.cl\/site2\/?s={search_term_string}"},"query-input":{"@type":"PropertyValueSpecification","valueRequired":true,"valueName":"search_term_string"}}],"inLanguage":"es"},{"@type":"Organization","@id":"https:\/\/ismsancarlos.cl\/site2\/#organization","name":"Instituto Santa Mar\u00eda Chill\u00e1n","url":"https:\/\/ismsancarlos.cl\/site2\/","logo":{"@type":"ImageObject","inLanguage":"es","@id":"https:\/\/ismsancarlos.cl\/site2\/#\/schema\/logo\/image\/","url":"https:\/\/ismchillan.cl\/site\/wp-content\/uploads\/2021\/02\/logo-ISM-Chillan.png","contentUrl":"https:\/\/ismchillan.cl\/site\/wp-content\/uploads\/2021\/02\/logo-ISM-Chillan.png","width":746,"height":228,"caption":"Instituto Santa Mar\u00eda Chill\u00e1n"},"image":{"@id":"https:\/\/ismsancarlos.cl\/site2\/#\/schema\/logo\/image\/"},"sameAs":["https:\/\/www.facebook.com\/insamach","https:\/\/www.instagram.com\/ism_chillan\/?hl=es-la","https:\/\/www.youtube.com\/channel\/UCU8IW1d8akOJJTePPCCMjjA"]},{"@type":"Person","@id":"https:\/\/ismsancarlos.cl\/site2\/#\/schema\/person\/6a23bdafb47e2c2a488fc70a8235ea7e","name":"admin","image":{"@type":"ImageObject","inLanguage":"es","@id":"https:\/\/ismsancarlos.cl\/site2\/#\/schema\/person\/image\/","url":"https:\/\/secure.gravatar.com\/avatar\/8ac7f29e194fb7442e8e75b6f1c9477abd0dacb32722a8cb6ad498b642eb5d0b?s=96&d=mm&r=g","contentUrl":"https:\/\/secure.gravatar.com\/avatar\/8ac7f29e194fb7442e8e75b6f1c9477abd0dacb32722a8cb6ad498b642eb5d0b?s=96&d=mm&r=g","caption":"admin"},"sameAs":["https:\/\/ismchillan.cl\/site"]}]}},"_links":{"self":[{"href":"https:\/\/ismsancarlos.cl\/site2\/wp-json\/wp\/v2\/posts\/13808","targetHints":{"allow":["GET"]}}],"collection":[{"href":"https:\/\/ismsancarlos.cl\/site2\/wp-json\/wp\/v2\/posts"}],"about":[{"href":"https:\/\/ismsancarlos.cl\/site2\/wp-json\/wp\/v2\/types\/post"}],"author":[{"embeddable":true,"href":"https:\/\/ismsancarlos.cl\/site2\/wp-json\/wp\/v2\/users\/1"}],"replies":[{"embeddable":true,"href":"https:\/\/ismsancarlos.cl\/site2\/wp-json\/wp\/v2\/comments?post=13808"}],"version-history":[{"count":1,"href":"https:\/\/ismsancarlos.cl\/site2\/wp-json\/wp\/v2\/posts\/13808\/revisions"}],"predecessor-version":[{"id":13810,"href":"https:\/\/ismsancarlos.cl\/site2\/wp-json\/wp\/v2\/posts\/13808\/revisions\/13810"}],"wp:featuredmedia":[{"embeddable":true,"href":"https:\/\/ismsancarlos.cl\/site2\/wp-json\/wp\/v2\/media\/13809"}],"wp:attachment":[{"href":"https:\/\/ismsancarlos.cl\/site2\/wp-json\/wp\/v2\/media?parent=13808"}],"wp:term":[{"taxonomy":"category","embeddable":true,"href":"https:\/\/ismsancarlos.cl\/site2\/wp-json\/wp\/v2\/categories?post=13808"},{"taxonomy":"post_tag","embeddable":true,"href":"https:\/\/ismsancarlos.cl\/site2\/wp-json\/wp\/v2\/tags?post=13808"}],"curies":[{"name":"wp","href":"https:\/\/api.w.org\/{rel}","templated":true}]}}