{"id":13777,"date":"2023-11-17T11:49:33","date_gmt":"2023-11-17T14:49:33","guid":{"rendered":"https:\/\/ismsancarlos.cl\/site2\/?p=13777"},"modified":"2023-11-17T11:54:50","modified_gmt":"2023-11-17T14:54:50","slug":"insama-english-week","status":"publish","type":"post","link":"https:\/\/ismsancarlos.cl\/site2\/insama-english-week\/","title":{"rendered":"INSAMA ENGLISH WEEK"},"content":{"rendered":"\n<p>El Departamento de ingl\u00e9s de nuestro Colegio dio inicio a la primera versi\u00f3n de la INSAMA ENGLISH WEEK (Semana del ingl\u00e9s) que comenz\u00f3 el d\u00eda lunes 13 de noviembre para culminar el d\u00eda martes 21 del mismo mes.<\/p>\n\n\n\n<p>El objetivo de esta celebraci\u00f3n es visibilizar las actividades que nuestros estudiantes realizan normalmente dentro de las aulas, adem\u00e1s potenciar la importancia de aprender ingl\u00e9s como lengua extranjera dando \u00e9nfasis en el desarrollo de la producci\u00f3n oral, por medio de una variedad de actividades.<\/p>\n\n\n\n<p>INSAMA ENGLISH WEEK comenz\u00f3 con un saludo de bienvenida a nuestros padres y apoderados el d\u00eda lunes 13.<\/p>\n\n\n\n<p>El d\u00eda Martes 14 se realiz\u00f3 una actividad art\u00edstica para los estudiantes de media llamada \u201cSing it if you know\u201d (si lo sabe cante, mientras los m\u00e1s peque\u00f1os disfrutaron de una jornada de \u201cStory Telling\u201d (cuentos) donde nuestros estudiantes de media se lucieron con la interpretaci\u00f3n de \u201cLittle Red Riding Hood\u201d (Caperucita Roja).<\/p>\n\n\n\n<p>El d\u00eda mi\u00e9rcoles 15, en el Sal\u00f3n de Actos de nuestro colegio, se realiz\u00f3 el \u201cInsama Talent Show\u201d (show de talentos) dirigida a toda la comunidad educativa, especialmente a los padres y apoderados de los ni\u00f1os y ni\u00f1as que fueron parte del evento. Un total de 146 estudiantes fueron parte de este show, desde 1 a\u00f1o b\u00e1sico hasta III medio quienes mostraron una variedad de talentos. Mientras los m\u00e1s peque\u00f1itos de 1 a 4 a\u00f1o b\u00e1sico nos deleitaron con canciones, rimas, actuaciones, los m\u00e1s grandes exhibieron todos sus dotes art\u00edsticos por medio de cantos, bailes y dramatizaciones.<br>La locuci\u00f3n de este show estuvo a cargo de los estudiantes: Constanza Arias de II medio B y Sebasti\u00e1n Santander de III medio B quienes dieron cuenta de sus habilidades comunicativas en el idioma ingl\u00e9s.<br>El Jueves 16 de noviembre se present\u00f3 el Insama English Show nuevamente, esta vez para todos los estudiantes de 1\u00aa 6 a\u00f1o b\u00e1sico.<\/p>\n\n\n\n<p>Para finalizar INSAMA ENGLISH WEEK, el martes 21 de noviembre se llevar\u00e1 a cabo la primera versi\u00f3n de \u201cSpelling Bee Competence\u201d en las categor\u00edas de segundo y terceros a\u00f1os b\u00e1sicos. Esta actividad tiene como objetivo promover el aprendizaje del idioma ingl\u00e9s de los estudiantes a trav\u00e9s de un concurso din\u00e1mico y educativo, orientado hacia la excelencia ortogr\u00e1fica y la ampliaci\u00f3n y asimilaci\u00f3n de su vocabulario en diferentes contextos tem\u00e1ticos.<br>El Departamento de ingl\u00e9s agradece enormemente el apoyo y colaboraci\u00f3n de los padres y apoderados de cada uno de nuestros estudiantes que participaron de estas&nbsp;actividades.<\/p>\n\n\n\n<figure class=\"wp-block-gallery has-nested-images columns-default is-cropped wp-block-gallery-1 is-layout-flex wp-block-gallery-is-layout-flex\">\n<figure class=\"wp-block-image size-large\"><img loading=\"lazy\" decoding=\"async\" width=\"1024\" height=\"577\" data-id=\"13786\" src=\"https:\/\/ismsancarlos.cl\/site2\/wp-content\/uploads\/2023\/11\/mary-ward-first-sister-of-feminism-1-1024x577.jpg\" alt=\"\" class=\"wp-image-13786\" srcset=\"https:\/\/ismsancarlos.cl\/site2\/wp-content\/uploads\/2023\/11\/mary-ward-first-sister-of-feminism-1-1024x577.jpg 1024w, https:\/\/ismsancarlos.cl\/site2\/wp-content\/uploads\/2023\/11\/mary-ward-first-sister-of-feminism-1-300x169.jpg 300w, https:\/\/ismsancarlos.cl\/site2\/wp-content\/uploads\/2023\/11\/mary-ward-first-sister-of-feminism-1-768x433.jpg 768w, https:\/\/ismsancarlos.cl\/site2\/wp-content\/uploads\/2023\/11\/mary-ward-first-sister-of-feminism-1.jpg 1065w\" sizes=\"auto, (max-width: 1024px) 100vw, 1024px\" \/><\/figure>\n\n\n\n<figure class=\"wp-block-image size-large\"><img loading=\"lazy\" decoding=\"async\" width=\"1024\" height=\"577\" data-id=\"13781\" src=\"https:\/\/ismsancarlos.cl\/site2\/wp-content\/uploads\/2023\/11\/mary-ward-first-sister-of-feminism-2-1024x577.jpg\" alt=\"\" class=\"wp-image-13781\" srcset=\"https:\/\/ismsancarlos.cl\/site2\/wp-content\/uploads\/2023\/11\/mary-ward-first-sister-of-feminism-2-1024x577.jpg 1024w, https:\/\/ismsancarlos.cl\/site2\/wp-content\/uploads\/2023\/11\/mary-ward-first-sister-of-feminism-2-300x169.jpg 300w, https:\/\/ismsancarlos.cl\/site2\/wp-content\/uploads\/2023\/11\/mary-ward-first-sister-of-feminism-2-768x433.jpg 768w, https:\/\/ismsancarlos.cl\/site2\/wp-content\/uploads\/2023\/11\/mary-ward-first-sister-of-feminism-2.jpg 1065w\" sizes=\"auto, (max-width: 1024px) 100vw, 1024px\" \/><\/figure>\n\n\n\n<figure class=\"wp-block-image size-large\"><img loading=\"lazy\" decoding=\"async\" width=\"1024\" height=\"577\" data-id=\"13785\" src=\"https:\/\/ismsancarlos.cl\/site2\/wp-content\/uploads\/2023\/11\/mary-ward-first-sister-of-feminism-3-1024x577.jpg\" alt=\"\" class=\"wp-image-13785\" srcset=\"https:\/\/ismsancarlos.cl\/site2\/wp-content\/uploads\/2023\/11\/mary-ward-first-sister-of-feminism-3-1024x577.jpg 1024w, https:\/\/ismsancarlos.cl\/site2\/wp-content\/uploads\/2023\/11\/mary-ward-first-sister-of-feminism-3-300x169.jpg 300w, https:\/\/ismsancarlos.cl\/site2\/wp-content\/uploads\/2023\/11\/mary-ward-first-sister-of-feminism-3-768x433.jpg 768w, https:\/\/ismsancarlos.cl\/site2\/wp-content\/uploads\/2023\/11\/mary-ward-first-sister-of-feminism-3.jpg 1065w\" sizes=\"auto, (max-width: 1024px) 100vw, 1024px\" \/><\/figure>\n\n\n\n<figure class=\"wp-block-image size-large\"><img loading=\"lazy\" decoding=\"async\" width=\"1024\" height=\"577\" data-id=\"13787\" src=\"https:\/\/ismsancarlos.cl\/site2\/wp-content\/uploads\/2023\/11\/mary-ward-first-sister-of-feminism-4-1024x577.jpg\" alt=\"\" class=\"wp-image-13787\" srcset=\"https:\/\/ismsancarlos.cl\/site2\/wp-content\/uploads\/2023\/11\/mary-ward-first-sister-of-feminism-4-1024x577.jpg 1024w, https:\/\/ismsancarlos.cl\/site2\/wp-content\/uploads\/2023\/11\/mary-ward-first-sister-of-feminism-4-300x169.jpg 300w, https:\/\/ismsancarlos.cl\/site2\/wp-content\/uploads\/2023\/11\/mary-ward-first-sister-of-feminism-4-768x433.jpg 768w, https:\/\/ismsancarlos.cl\/site2\/wp-content\/uploads\/2023\/11\/mary-ward-first-sister-of-feminism-4.jpg 1065w\" sizes=\"auto, (max-width: 1024px) 100vw, 1024px\" \/><\/figure>\n\n\n\n<figure class=\"wp-block-image size-large\"><img loading=\"lazy\" decoding=\"async\" width=\"1024\" height=\"577\" data-id=\"13782\" src=\"https:\/\/ismsancarlos.cl\/site2\/wp-content\/uploads\/2023\/11\/mary-ward-first-sister-of-feminism-5-1024x577.jpg\" alt=\"\" class=\"wp-image-13782\" srcset=\"https:\/\/ismsancarlos.cl\/site2\/wp-content\/uploads\/2023\/11\/mary-ward-first-sister-of-feminism-5-1024x577.jpg 1024w, https:\/\/ismsancarlos.cl\/site2\/wp-content\/uploads\/2023\/11\/mary-ward-first-sister-of-feminism-5-300x169.jpg 300w, https:\/\/ismsancarlos.cl\/site2\/wp-content\/uploads\/2023\/11\/mary-ward-first-sister-of-feminism-5-768x433.jpg 768w, https:\/\/ismsancarlos.cl\/site2\/wp-content\/uploads\/2023\/11\/mary-ward-first-sister-of-feminism-5.jpg 1065w\" sizes=\"auto, (max-width: 1024px) 100vw, 1024px\" \/><\/figure>\n\n\n\n<figure class=\"wp-block-image size-large\"><img loading=\"lazy\" decoding=\"async\" width=\"1024\" height=\"577\" data-id=\"13780\" src=\"https:\/\/ismsancarlos.cl\/site2\/wp-content\/uploads\/2023\/11\/mary-ward-first-sister-of-feminism-7-1024x577.jpg\" alt=\"\" class=\"wp-image-13780\" srcset=\"https:\/\/ismsancarlos.cl\/site2\/wp-content\/uploads\/2023\/11\/mary-ward-first-sister-of-feminism-7-1024x577.jpg 1024w, https:\/\/ismsancarlos.cl\/site2\/wp-content\/uploads\/2023\/11\/mary-ward-first-sister-of-feminism-7-300x169.jpg 300w, https:\/\/ismsancarlos.cl\/site2\/wp-content\/uploads\/2023\/11\/mary-ward-first-sister-of-feminism-7-768x433.jpg 768w, https:\/\/ismsancarlos.cl\/site2\/wp-content\/uploads\/2023\/11\/mary-ward-first-sister-of-feminism-7.jpg 1065w\" sizes=\"auto, (max-width: 1024px) 100vw, 1024px\" \/><\/figure>\n\n\n\n<figure class=\"wp-block-image size-large\"><img loading=\"lazy\" decoding=\"async\" width=\"1024\" height=\"577\" data-id=\"13783\" src=\"https:\/\/ismsancarlos.cl\/site2\/wp-content\/uploads\/2023\/11\/mary-ward-first-sister-of-feminism-8-1024x577.jpg\" alt=\"\" class=\"wp-image-13783\" srcset=\"https:\/\/ismsancarlos.cl\/site2\/wp-content\/uploads\/2023\/11\/mary-ward-first-sister-of-feminism-8-1024x577.jpg 1024w, https:\/\/ismsancarlos.cl\/site2\/wp-content\/uploads\/2023\/11\/mary-ward-first-sister-of-feminism-8-300x169.jpg 300w, https:\/\/ismsancarlos.cl\/site2\/wp-content\/uploads\/2023\/11\/mary-ward-first-sister-of-feminism-8-768x433.jpg 768w, https:\/\/ismsancarlos.cl\/site2\/wp-content\/uploads\/2023\/11\/mary-ward-first-sister-of-feminism-8.jpg 1065w\" sizes=\"auto, (max-width: 1024px) 100vw, 1024px\" \/><\/figure>\n\n\n\n<figure class=\"wp-block-image size-large\"><img loading=\"lazy\" decoding=\"async\" width=\"1024\" height=\"577\" data-id=\"13779\" src=\"https:\/\/ismsancarlos.cl\/site2\/wp-content\/uploads\/2023\/11\/mary-ward-first-sister-of-feminism-9-1024x577.jpg\" alt=\"\" class=\"wp-image-13779\" srcset=\"https:\/\/ismsancarlos.cl\/site2\/wp-content\/uploads\/2023\/11\/mary-ward-first-sister-of-feminism-9-1024x577.jpg 1024w, https:\/\/ismsancarlos.cl\/site2\/wp-content\/uploads\/2023\/11\/mary-ward-first-sister-of-feminism-9-300x169.jpg 300w, https:\/\/ismsancarlos.cl\/site2\/wp-content\/uploads\/2023\/11\/mary-ward-first-sister-of-feminism-9-768x433.jpg 768w, https:\/\/ismsancarlos.cl\/site2\/wp-content\/uploads\/2023\/11\/mary-ward-first-sister-of-feminism-9.jpg 1065w\" sizes=\"auto, (max-width: 1024px) 100vw, 1024px\" \/><\/figure>\n\n\n\n<figure class=\"wp-block-image size-large\"><img loading=\"lazy\" decoding=\"async\" width=\"1024\" height=\"577\" data-id=\"13784\" src=\"https:\/\/ismsancarlos.cl\/site2\/wp-content\/uploads\/2023\/11\/mary-ward-first-sister-of-feminism-10-1024x577.jpg\" alt=\"\" class=\"wp-image-13784\" srcset=\"https:\/\/ismsancarlos.cl\/site2\/wp-content\/uploads\/2023\/11\/mary-ward-first-sister-of-feminism-10-1024x577.jpg 1024w, https:\/\/ismsancarlos.cl\/site2\/wp-content\/uploads\/2023\/11\/mary-ward-first-sister-of-feminism-10-300x169.jpg 300w, https:\/\/ismsancarlos.cl\/site2\/wp-content\/uploads\/2023\/11\/mary-ward-first-sister-of-feminism-10-768x433.jpg 768w, https:\/\/ismsancarlos.cl\/site2\/wp-content\/uploads\/2023\/11\/mary-ward-first-sister-of-feminism-10.jpg 1065w\" sizes=\"auto, (max-width: 1024px) 100vw, 1024px\" \/><\/figure>\n<\/figure>\n","protected":false},"excerpt":{"rendered":"<p>El Departamento de ingl\u00e9s de nuestro Colegio dio inicio a la primera versi\u00f3n de la INSAMA ENGLISH WEEK (Semana del ingl\u00e9s) que comenz\u00f3 el d\u00eda lunes 13 de noviembre para culminar el d\u00eda martes 21 del mismo mes. El objetivo de esta celebraci\u00f3n es visibilizar las actividades que nuestros estudiantes realizan normalmente dentro de las [&hellip;]<\/p>\n","protected":false},"author":1,"featured_media":13778,"comment_status":"closed","ping_status":"closed","sticky":false,"template":"","format":"standard","meta":{"_price":"","_stock":"","_tribe_ticket_header":"","_tribe_default_ticket_provider":"","_tribe_ticket_capacity":"0","_ticket_start_date":"","_ticket_end_date":"","_tribe_ticket_show_description":"","_tribe_ticket_show_not_going":false,"_tribe_ticket_use_global_stock":"","_tribe_ticket_global_stock_level":"","_global_stock_mode":"","_global_stock_cap":"","_tribe_rsvp_for_event":"","_tribe_ticket_going_count":"","_tribe_ticket_not_going_count":"","_tribe_tickets_list":"[]","_tribe_ticket_has_attendee_info_fields":false,"footnotes":""},"categories":[144],"tags":[],"class_list":["post-13777","post","type-post","status-publish","format-standard","has-post-thumbnail","hentry","category-noticias"],"yoast_head":"<!-- This site is optimized with the Yoast SEO plugin v25.6 - https:\/\/yoast.com\/wordpress\/plugins\/seo\/ -->\n<title>INSAMA ENGLISH WEEK | Instituto Santa Mar\u00eda - San Carlos<\/title>\n<meta name=\"robots\" content=\"index, follow, max-snippet:-1, max-image-preview:large, max-video-preview:-1\" \/>\n<link rel=\"canonical\" href=\"https:\/\/ismsancarlos.cl\/site2\/insama-english-week\/\" \/>\n<meta property=\"og:locale\" content=\"es_ES\" \/>\n<meta property=\"og:type\" content=\"article\" \/>\n<meta property=\"og:title\" content=\"INSAMA ENGLISH WEEK | Instituto Santa Mar\u00eda - San Carlos\" \/>\n<meta property=\"og:description\" content=\"El Departamento de ingl\u00e9s de nuestro Colegio dio inicio a la primera versi\u00f3n de la INSAMA ENGLISH WEEK (Semana del ingl\u00e9s) que comenz\u00f3 el d\u00eda lunes 13 de noviembre para culminar el d\u00eda martes 21 del mismo mes. El objetivo de esta celebraci\u00f3n es visibilizar las actividades que nuestros estudiantes realizan normalmente dentro de las [&hellip;]\" \/>\n<meta property=\"og:url\" content=\"https:\/\/ismsancarlos.cl\/site2\/insama-english-week\/\" \/>\n<meta property=\"og:site_name\" content=\"Instituto Santa Mar\u00eda - San Carlos\" \/>\n<meta property=\"article:publisher\" content=\"https:\/\/www.facebook.com\/insamach\" \/>\n<meta property=\"article:published_time\" content=\"2023-11-17T14:49:33+00:00\" \/>\n<meta property=\"article:modified_time\" content=\"2023-11-17T14:54:50+00:00\" \/>\n<meta property=\"og:image\" content=\"https:\/\/ismsancarlos.cl\/site2\/wp-content\/uploads\/2023\/11\/mary-ward-first-sister-of-feminism-6.jpg\" \/>\n\t<meta property=\"og:image:width\" content=\"1065\" \/>\n\t<meta property=\"og:image:height\" content=\"600\" \/>\n\t<meta property=\"og:image:type\" content=\"image\/jpeg\" \/>\n<meta name=\"author\" content=\"admin\" \/>\n<meta name=\"twitter:card\" content=\"summary_large_image\" \/>\n<meta name=\"twitter:label1\" content=\"Escrito por\" \/>\n\t<meta name=\"twitter:data1\" content=\"admin\" \/>\n\t<meta name=\"twitter:label2\" content=\"Tiempo de lectura\" \/>\n\t<meta name=\"twitter:data2\" content=\"2 minutos\" \/>\n<script type=\"application\/ld+json\" class=\"yoast-schema-graph\">{\"@context\":\"https:\/\/schema.org\",\"@graph\":[{\"@type\":\"Article\",\"@id\":\"https:\/\/ismsancarlos.cl\/site2\/insama-english-week\/#article\",\"isPartOf\":{\"@id\":\"https:\/\/ismsancarlos.cl\/site2\/insama-english-week\/\"},\"author\":{\"name\":\"admin\",\"@id\":\"https:\/\/ismsancarlos.cl\/site2\/#\/schema\/person\/6a23bdafb47e2c2a488fc70a8235ea7e\"},\"headline\":\"INSAMA ENGLISH WEEK\",\"datePublished\":\"2023-11-17T14:49:33+00:00\",\"dateModified\":\"2023-11-17T14:54:50+00:00\",\"mainEntityOfPage\":{\"@id\":\"https:\/\/ismsancarlos.cl\/site2\/insama-english-week\/\"},\"wordCount\":440,\"publisher\":{\"@id\":\"https:\/\/ismsancarlos.cl\/site2\/#organization\"},\"image\":{\"@id\":\"https:\/\/ismsancarlos.cl\/site2\/insama-english-week\/#primaryimage\"},\"thumbnailUrl\":\"https:\/\/ismsancarlos.cl\/site2\/wp-content\/uploads\/2023\/11\/mary-ward-first-sister-of-feminism-6.jpg\",\"articleSection\":[\"Noticias\"],\"inLanguage\":\"es\"},{\"@type\":\"WebPage\",\"@id\":\"https:\/\/ismsancarlos.cl\/site2\/insama-english-week\/\",\"url\":\"https:\/\/ismsancarlos.cl\/site2\/insama-english-week\/\",\"name\":\"INSAMA ENGLISH WEEK | Instituto Santa Mar\u00eda - San Carlos\",\"isPartOf\":{\"@id\":\"https:\/\/ismsancarlos.cl\/site2\/#website\"},\"primaryImageOfPage\":{\"@id\":\"https:\/\/ismsancarlos.cl\/site2\/insama-english-week\/#primaryimage\"},\"image\":{\"@id\":\"https:\/\/ismsancarlos.cl\/site2\/insama-english-week\/#primaryimage\"},\"thumbnailUrl\":\"https:\/\/ismsancarlos.cl\/site2\/wp-content\/uploads\/2023\/11\/mary-ward-first-sister-of-feminism-6.jpg\",\"datePublished\":\"2023-11-17T14:49:33+00:00\",\"dateModified\":\"2023-11-17T14:54:50+00:00\",\"breadcrumb\":{\"@id\":\"https:\/\/ismsancarlos.cl\/site2\/insama-english-week\/#breadcrumb\"},\"inLanguage\":\"es\",\"potentialAction\":[{\"@type\":\"ReadAction\",\"target\":[\"https:\/\/ismsancarlos.cl\/site2\/insama-english-week\/\"]}]},{\"@type\":\"ImageObject\",\"inLanguage\":\"es\",\"@id\":\"https:\/\/ismsancarlos.cl\/site2\/insama-english-week\/#primaryimage\",\"url\":\"https:\/\/ismsancarlos.cl\/site2\/wp-content\/uploads\/2023\/11\/mary-ward-first-sister-of-feminism-6.jpg\",\"contentUrl\":\"https:\/\/ismsancarlos.cl\/site2\/wp-content\/uploads\/2023\/11\/mary-ward-first-sister-of-feminism-6.jpg\",\"width\":1065,\"height\":600},{\"@type\":\"BreadcrumbList\",\"@id\":\"https:\/\/ismsancarlos.cl\/site2\/insama-english-week\/#breadcrumb\",\"itemListElement\":[{\"@type\":\"ListItem\",\"position\":1,\"name\":\"Portada\",\"item\":\"https:\/\/ismsancarlos.cl\/site2\/\"},{\"@type\":\"ListItem\",\"position\":2,\"name\":\"INSAMA ENGLISH WEEK\"}]},{\"@type\":\"WebSite\",\"@id\":\"https:\/\/ismsancarlos.cl\/site2\/#website\",\"url\":\"https:\/\/ismsancarlos.cl\/site2\/\",\"name\":\"Instituto Santa Mar\u00eda - San Carlos\",\"description\":\"&quot;Aprender m\u00e1s para servir mejor&quot;\",\"publisher\":{\"@id\":\"https:\/\/ismsancarlos.cl\/site2\/#organization\"},\"potentialAction\":[{\"@type\":\"SearchAction\",\"target\":{\"@type\":\"EntryPoint\",\"urlTemplate\":\"https:\/\/ismsancarlos.cl\/site2\/?s={search_term_string}\"},\"query-input\":{\"@type\":\"PropertyValueSpecification\",\"valueRequired\":true,\"valueName\":\"search_term_string\"}}],\"inLanguage\":\"es\"},{\"@type\":\"Organization\",\"@id\":\"https:\/\/ismsancarlos.cl\/site2\/#organization\",\"name\":\"Instituto Santa Mar\u00eda Chill\u00e1n\",\"url\":\"https:\/\/ismsancarlos.cl\/site2\/\",\"logo\":{\"@type\":\"ImageObject\",\"inLanguage\":\"es\",\"@id\":\"https:\/\/ismsancarlos.cl\/site2\/#\/schema\/logo\/image\/\",\"url\":\"https:\/\/ismchillan.cl\/site\/wp-content\/uploads\/2021\/02\/logo-ISM-Chillan.png\",\"contentUrl\":\"https:\/\/ismchillan.cl\/site\/wp-content\/uploads\/2021\/02\/logo-ISM-Chillan.png\",\"width\":746,\"height\":228,\"caption\":\"Instituto Santa Mar\u00eda Chill\u00e1n\"},\"image\":{\"@id\":\"https:\/\/ismsancarlos.cl\/site2\/#\/schema\/logo\/image\/\"},\"sameAs\":[\"https:\/\/www.facebook.com\/insamach\",\"https:\/\/www.instagram.com\/ism_chillan\/?hl=es-la\",\"https:\/\/www.youtube.com\/channel\/UCU8IW1d8akOJJTePPCCMjjA\"]},{\"@type\":\"Person\",\"@id\":\"https:\/\/ismsancarlos.cl\/site2\/#\/schema\/person\/6a23bdafb47e2c2a488fc70a8235ea7e\",\"name\":\"admin\",\"image\":{\"@type\":\"ImageObject\",\"inLanguage\":\"es\",\"@id\":\"https:\/\/ismsancarlos.cl\/site2\/#\/schema\/person\/image\/\",\"url\":\"https:\/\/secure.gravatar.com\/avatar\/8ac7f29e194fb7442e8e75b6f1c9477abd0dacb32722a8cb6ad498b642eb5d0b?s=96&d=mm&r=g\",\"contentUrl\":\"https:\/\/secure.gravatar.com\/avatar\/8ac7f29e194fb7442e8e75b6f1c9477abd0dacb32722a8cb6ad498b642eb5d0b?s=96&d=mm&r=g\",\"caption\":\"admin\"},\"sameAs\":[\"https:\/\/ismchillan.cl\/site\"]}]}<\/script>\n<!-- \/ Yoast SEO plugin. -->","yoast_head_json":{"title":"INSAMA ENGLISH WEEK | Instituto Santa Mar\u00eda - San Carlos","robots":{"index":"index","follow":"follow","max-snippet":"max-snippet:-1","max-image-preview":"max-image-preview:large","max-video-preview":"max-video-preview:-1"},"canonical":"https:\/\/ismsancarlos.cl\/site2\/insama-english-week\/","og_locale":"es_ES","og_type":"article","og_title":"INSAMA ENGLISH WEEK | Instituto Santa Mar\u00eda - San Carlos","og_description":"El Departamento de ingl\u00e9s de nuestro Colegio dio inicio a la primera versi\u00f3n de la INSAMA ENGLISH WEEK (Semana del ingl\u00e9s) que comenz\u00f3 el d\u00eda lunes 13 de noviembre para culminar el d\u00eda martes 21 del mismo mes. El objetivo de esta celebraci\u00f3n es visibilizar las actividades que nuestros estudiantes realizan normalmente dentro de las [&hellip;]","og_url":"https:\/\/ismsancarlos.cl\/site2\/insama-english-week\/","og_site_name":"Instituto Santa Mar\u00eda - San Carlos","article_publisher":"https:\/\/www.facebook.com\/insamach","article_published_time":"2023-11-17T14:49:33+00:00","article_modified_time":"2023-11-17T14:54:50+00:00","og_image":[{"width":1065,"height":600,"url":"https:\/\/ismsancarlos.cl\/site2\/wp-content\/uploads\/2023\/11\/mary-ward-first-sister-of-feminism-6.jpg","type":"image\/jpeg"}],"author":"admin","twitter_card":"summary_large_image","twitter_misc":{"Escrito por":"admin","Tiempo de lectura":"2 minutos"},"schema":{"@context":"https:\/\/schema.org","@graph":[{"@type":"Article","@id":"https:\/\/ismsancarlos.cl\/site2\/insama-english-week\/#article","isPartOf":{"@id":"https:\/\/ismsancarlos.cl\/site2\/insama-english-week\/"},"author":{"name":"admin","@id":"https:\/\/ismsancarlos.cl\/site2\/#\/schema\/person\/6a23bdafb47e2c2a488fc70a8235ea7e"},"headline":"INSAMA ENGLISH WEEK","datePublished":"2023-11-17T14:49:33+00:00","dateModified":"2023-11-17T14:54:50+00:00","mainEntityOfPage":{"@id":"https:\/\/ismsancarlos.cl\/site2\/insama-english-week\/"},"wordCount":440,"publisher":{"@id":"https:\/\/ismsancarlos.cl\/site2\/#organization"},"image":{"@id":"https:\/\/ismsancarlos.cl\/site2\/insama-english-week\/#primaryimage"},"thumbnailUrl":"https:\/\/ismsancarlos.cl\/site2\/wp-content\/uploads\/2023\/11\/mary-ward-first-sister-of-feminism-6.jpg","articleSection":["Noticias"],"inLanguage":"es"},{"@type":"WebPage","@id":"https:\/\/ismsancarlos.cl\/site2\/insama-english-week\/","url":"https:\/\/ismsancarlos.cl\/site2\/insama-english-week\/","name":"INSAMA ENGLISH WEEK | Instituto Santa Mar\u00eda - San Carlos","isPartOf":{"@id":"https:\/\/ismsancarlos.cl\/site2\/#website"},"primaryImageOfPage":{"@id":"https:\/\/ismsancarlos.cl\/site2\/insama-english-week\/#primaryimage"},"image":{"@id":"https:\/\/ismsancarlos.cl\/site2\/insama-english-week\/#primaryimage"},"thumbnailUrl":"https:\/\/ismsancarlos.cl\/site2\/wp-content\/uploads\/2023\/11\/mary-ward-first-sister-of-feminism-6.jpg","datePublished":"2023-11-17T14:49:33+00:00","dateModified":"2023-11-17T14:54:50+00:00","breadcrumb":{"@id":"https:\/\/ismsancarlos.cl\/site2\/insama-english-week\/#breadcrumb"},"inLanguage":"es","potentialAction":[{"@type":"ReadAction","target":["https:\/\/ismsancarlos.cl\/site2\/insama-english-week\/"]}]},{"@type":"ImageObject","inLanguage":"es","@id":"https:\/\/ismsancarlos.cl\/site2\/insama-english-week\/#primaryimage","url":"https:\/\/ismsancarlos.cl\/site2\/wp-content\/uploads\/2023\/11\/mary-ward-first-sister-of-feminism-6.jpg","contentUrl":"https:\/\/ismsancarlos.cl\/site2\/wp-content\/uploads\/2023\/11\/mary-ward-first-sister-of-feminism-6.jpg","width":1065,"height":600},{"@type":"BreadcrumbList","@id":"https:\/\/ismsancarlos.cl\/site2\/insama-english-week\/#breadcrumb","itemListElement":[{"@type":"ListItem","position":1,"name":"Portada","item":"https:\/\/ismsancarlos.cl\/site2\/"},{"@type":"ListItem","position":2,"name":"INSAMA ENGLISH WEEK"}]},{"@type":"WebSite","@id":"https:\/\/ismsancarlos.cl\/site2\/#website","url":"https:\/\/ismsancarlos.cl\/site2\/","name":"Instituto Santa Mar\u00eda - San Carlos","description":"&quot;Aprender m\u00e1s para servir mejor&quot;","publisher":{"@id":"https:\/\/ismsancarlos.cl\/site2\/#organization"},"potentialAction":[{"@type":"SearchAction","target":{"@type":"EntryPoint","urlTemplate":"https:\/\/ismsancarlos.cl\/site2\/?s={search_term_string}"},"query-input":{"@type":"PropertyValueSpecification","valueRequired":true,"valueName":"search_term_string"}}],"inLanguage":"es"},{"@type":"Organization","@id":"https:\/\/ismsancarlos.cl\/site2\/#organization","name":"Instituto Santa Mar\u00eda Chill\u00e1n","url":"https:\/\/ismsancarlos.cl\/site2\/","logo":{"@type":"ImageObject","inLanguage":"es","@id":"https:\/\/ismsancarlos.cl\/site2\/#\/schema\/logo\/image\/","url":"https:\/\/ismchillan.cl\/site\/wp-content\/uploads\/2021\/02\/logo-ISM-Chillan.png","contentUrl":"https:\/\/ismchillan.cl\/site\/wp-content\/uploads\/2021\/02\/logo-ISM-Chillan.png","width":746,"height":228,"caption":"Instituto Santa Mar\u00eda Chill\u00e1n"},"image":{"@id":"https:\/\/ismsancarlos.cl\/site2\/#\/schema\/logo\/image\/"},"sameAs":["https:\/\/www.facebook.com\/insamach","https:\/\/www.instagram.com\/ism_chillan\/?hl=es-la","https:\/\/www.youtube.com\/channel\/UCU8IW1d8akOJJTePPCCMjjA"]},{"@type":"Person","@id":"https:\/\/ismsancarlos.cl\/site2\/#\/schema\/person\/6a23bdafb47e2c2a488fc70a8235ea7e","name":"admin","image":{"@type":"ImageObject","inLanguage":"es","@id":"https:\/\/ismsancarlos.cl\/site2\/#\/schema\/person\/image\/","url":"https:\/\/secure.gravatar.com\/avatar\/8ac7f29e194fb7442e8e75b6f1c9477abd0dacb32722a8cb6ad498b642eb5d0b?s=96&d=mm&r=g","contentUrl":"https:\/\/secure.gravatar.com\/avatar\/8ac7f29e194fb7442e8e75b6f1c9477abd0dacb32722a8cb6ad498b642eb5d0b?s=96&d=mm&r=g","caption":"admin"},"sameAs":["https:\/\/ismchillan.cl\/site"]}]}},"_links":{"self":[{"href":"https:\/\/ismsancarlos.cl\/site2\/wp-json\/wp\/v2\/posts\/13777","targetHints":{"allow":["GET"]}}],"collection":[{"href":"https:\/\/ismsancarlos.cl\/site2\/wp-json\/wp\/v2\/posts"}],"about":[{"href":"https:\/\/ismsancarlos.cl\/site2\/wp-json\/wp\/v2\/types\/post"}],"author":[{"embeddable":true,"href":"https:\/\/ismsancarlos.cl\/site2\/wp-json\/wp\/v2\/users\/1"}],"replies":[{"embeddable":true,"href":"https:\/\/ismsancarlos.cl\/site2\/wp-json\/wp\/v2\/comments?post=13777"}],"version-history":[{"count":1,"href":"https:\/\/ismsancarlos.cl\/site2\/wp-json\/wp\/v2\/posts\/13777\/revisions"}],"predecessor-version":[{"id":13788,"href":"https:\/\/ismsancarlos.cl\/site2\/wp-json\/wp\/v2\/posts\/13777\/revisions\/13788"}],"wp:featuredmedia":[{"embeddable":true,"href":"https:\/\/ismsancarlos.cl\/site2\/wp-json\/wp\/v2\/media\/13778"}],"wp:attachment":[{"href":"https:\/\/ismsancarlos.cl\/site2\/wp-json\/wp\/v2\/media?parent=13777"}],"wp:term":[{"taxonomy":"category","embeddable":true,"href":"https:\/\/ismsancarlos.cl\/site2\/wp-json\/wp\/v2\/categories?post=13777"},{"taxonomy":"post_tag","embeddable":true,"href":"https:\/\/ismsancarlos.cl\/site2\/wp-json\/wp\/v2\/tags?post=13777"}],"curies":[{"name":"wp","href":"https:\/\/api.w.org\/{rel}","templated":true}]}}