{"id":13771,"date":"2023-11-08T17:47:54","date_gmt":"2023-11-08T20:47:54","guid":{"rendered":"https:\/\/ismsancarlos.cl\/site2\/?p=13771"},"modified":"2023-11-08T17:47:57","modified_gmt":"2023-11-08T20:47:57","slug":"hito-de-iv-medio-enviados-a-servir","status":"publish","type":"post","link":"https:\/\/ismsancarlos.cl\/site2\/hito-de-iv-medio-enviados-a-servir\/","title":{"rendered":"Hito de IV\u00b0 medio \u201cEnviados a servir\u201d."},"content":{"rendered":"\n<p>El d\u00eda Lunes 06 de noviembre, se desarroll\u00f3 el Hito de IV \u201cEnviados a servir\u201d<\/p>\n\n\n\n<p>Con el objetivo de poder reunirnos en un momento de oraci\u00f3n a trav\u00e9s de una memoria agradecida la cual evocaba momentos del paso de su vida estudiantil. Los j\u00f3venes valoraron sus a\u00f1os en el colegio, los valores entregados seg\u00fan el legado de nuestra fundadora Mary Ward, las relaciones de amistad que conformaron, los aprendizajes y ense\u00f1anzas de sus profesores, la importancia del v\u00ednculo familia\/colegio en cada uno de sus pasos.<\/p>\n\n\n\n<p>Agradecemos a todos quienes organizaron y participaron de esta hermosa actividad, a los padres y familiares que asistieron, a los estudiantes de cursos menores que se despidieron con Alegr\u00eda de ustedes y a todos los colaboradores del colegio por hacer tan especial este \u00faltimo d\u00eda de clases para nuestros queridos estudiantes de IV medio generaci\u00f3n 2023.<\/p>\n\n\n\n<p>\u00a1Felicidades!<\/p>\n\n\n\n<figure class=\"wp-block-image size-large\"><img loading=\"lazy\" decoding=\"async\" width=\"1024\" height=\"768\" src=\"https:\/\/ismsancarlos.cl\/site2\/wp-content\/uploads\/2023\/11\/foto-3-1024x768.jpg\" alt=\"\" class=\"wp-image-13772\" srcset=\"https:\/\/ismsancarlos.cl\/site2\/wp-content\/uploads\/2023\/11\/foto-3-1024x768.jpg 1024w, https:\/\/ismsancarlos.cl\/site2\/wp-content\/uploads\/2023\/11\/foto-3-300x225.jpg 300w, https:\/\/ismsancarlos.cl\/site2\/wp-content\/uploads\/2023\/11\/foto-3-768x576.jpg 768w, https:\/\/ismsancarlos.cl\/site2\/wp-content\/uploads\/2023\/11\/foto-3-1536x1152.jpg 1536w, https:\/\/ismsancarlos.cl\/site2\/wp-content\/uploads\/2023\/11\/foto-3.jpg 1600w\" sizes=\"auto, (max-width: 1024px) 100vw, 1024px\" \/><\/figure>\n\n\n\n<figure class=\"wp-block-image size-large\"><img loading=\"lazy\" decoding=\"async\" width=\"1024\" height=\"768\" src=\"https:\/\/ismsancarlos.cl\/site2\/wp-content\/uploads\/2023\/11\/foto-2-1024x768.jpg\" alt=\"\" class=\"wp-image-13774\" srcset=\"https:\/\/ismsancarlos.cl\/site2\/wp-content\/uploads\/2023\/11\/foto-2-1024x768.jpg 1024w, https:\/\/ismsancarlos.cl\/site2\/wp-content\/uploads\/2023\/11\/foto-2-300x225.jpg 300w, https:\/\/ismsancarlos.cl\/site2\/wp-content\/uploads\/2023\/11\/foto-2-768x576.jpg 768w, https:\/\/ismsancarlos.cl\/site2\/wp-content\/uploads\/2023\/11\/foto-2-1536x1152.jpg 1536w, https:\/\/ismsancarlos.cl\/site2\/wp-content\/uploads\/2023\/11\/foto-2.jpg 1600w\" sizes=\"auto, (max-width: 1024px) 100vw, 1024px\" \/><\/figure>\n","protected":false},"excerpt":{"rendered":"<p>El d\u00eda Lunes 06 de noviembre, se desarroll\u00f3 el Hito de IV \u201cEnviados a servir\u201d Con el objetivo de poder reunirnos en un momento de oraci\u00f3n a trav\u00e9s de una memoria agradecida la cual evocaba momentos del paso de su vida estudiantil. Los j\u00f3venes valoraron sus a\u00f1os en el colegio, los valores entregados seg\u00fan el [&hellip;]<\/p>\n","protected":false},"author":1,"featured_media":13773,"comment_status":"closed","ping_status":"closed","sticky":false,"template":"","format":"standard","meta":{"_price":"","_stock":"","_tribe_ticket_header":"","_tribe_default_ticket_provider":"","_tribe_ticket_capacity":"0","_ticket_start_date":"","_ticket_end_date":"","_tribe_ticket_show_description":"","_tribe_ticket_show_not_going":false,"_tribe_ticket_use_global_stock":"","_tribe_ticket_global_stock_level":"","_global_stock_mode":"","_global_stock_cap":"","_tribe_rsvp_for_event":"","_tribe_ticket_going_count":"","_tribe_ticket_not_going_count":"","_tribe_tickets_list":"[]","_tribe_ticket_has_attendee_info_fields":false,"footnotes":""},"categories":[144],"tags":[],"class_list":["post-13771","post","type-post","status-publish","format-standard","has-post-thumbnail","hentry","category-noticias"],"yoast_head":"<!-- This site is optimized with the Yoast SEO plugin v25.6 - https:\/\/yoast.com\/wordpress\/plugins\/seo\/ -->\n<title>Hito de IV\u00b0 medio \u201cEnviados a servir\u201d. | Instituto Santa Mar\u00eda - San Carlos<\/title>\n<meta name=\"robots\" content=\"index, follow, max-snippet:-1, max-image-preview:large, max-video-preview:-1\" \/>\n<link rel=\"canonical\" href=\"https:\/\/ismsancarlos.cl\/site2\/hito-de-iv-medio-enviados-a-servir\/\" \/>\n<meta property=\"og:locale\" content=\"es_ES\" \/>\n<meta property=\"og:type\" content=\"article\" \/>\n<meta property=\"og:title\" content=\"Hito de IV\u00b0 medio \u201cEnviados a servir\u201d. | Instituto Santa Mar\u00eda - San Carlos\" \/>\n<meta property=\"og:description\" content=\"El d\u00eda Lunes 06 de noviembre, se desarroll\u00f3 el Hito de IV \u201cEnviados a servir\u201d Con el objetivo de poder reunirnos en un momento de oraci\u00f3n a trav\u00e9s de una memoria agradecida la cual evocaba momentos del paso de su vida estudiantil. Los j\u00f3venes valoraron sus a\u00f1os en el colegio, los valores entregados seg\u00fan el [&hellip;]\" \/>\n<meta property=\"og:url\" content=\"https:\/\/ismsancarlos.cl\/site2\/hito-de-iv-medio-enviados-a-servir\/\" \/>\n<meta property=\"og:site_name\" content=\"Instituto Santa Mar\u00eda - San Carlos\" \/>\n<meta property=\"article:publisher\" content=\"https:\/\/www.facebook.com\/insamach\" \/>\n<meta property=\"article:published_time\" content=\"2023-11-08T20:47:54+00:00\" \/>\n<meta property=\"article:modified_time\" content=\"2023-11-08T20:47:57+00:00\" \/>\n<meta property=\"og:image\" content=\"https:\/\/ismsancarlos.cl\/site2\/wp-content\/uploads\/2023\/11\/foto-1.jpg\" \/>\n\t<meta property=\"og:image:width\" content=\"1600\" \/>\n\t<meta property=\"og:image:height\" content=\"1200\" \/>\n\t<meta property=\"og:image:type\" content=\"image\/jpeg\" \/>\n<meta name=\"author\" content=\"admin\" \/>\n<meta name=\"twitter:card\" content=\"summary_large_image\" \/>\n<meta name=\"twitter:label1\" content=\"Escrito por\" \/>\n\t<meta name=\"twitter:data1\" content=\"admin\" \/>\n\t<meta name=\"twitter:label2\" content=\"Tiempo de lectura\" \/>\n\t<meta name=\"twitter:data2\" content=\"1 minuto\" \/>\n<script type=\"application\/ld+json\" class=\"yoast-schema-graph\">{\"@context\":\"https:\/\/schema.org\",\"@graph\":[{\"@type\":\"Article\",\"@id\":\"https:\/\/ismsancarlos.cl\/site2\/hito-de-iv-medio-enviados-a-servir\/#article\",\"isPartOf\":{\"@id\":\"https:\/\/ismsancarlos.cl\/site2\/hito-de-iv-medio-enviados-a-servir\/\"},\"author\":{\"name\":\"admin\",\"@id\":\"https:\/\/ismsancarlos.cl\/site2\/#\/schema\/person\/6a23bdafb47e2c2a488fc70a8235ea7e\"},\"headline\":\"Hito de IV\u00b0 medio \u201cEnviados a servir\u201d.\",\"datePublished\":\"2023-11-08T20:47:54+00:00\",\"dateModified\":\"2023-11-08T20:47:57+00:00\",\"mainEntityOfPage\":{\"@id\":\"https:\/\/ismsancarlos.cl\/site2\/hito-de-iv-medio-enviados-a-servir\/\"},\"wordCount\":159,\"publisher\":{\"@id\":\"https:\/\/ismsancarlos.cl\/site2\/#organization\"},\"image\":{\"@id\":\"https:\/\/ismsancarlos.cl\/site2\/hito-de-iv-medio-enviados-a-servir\/#primaryimage\"},\"thumbnailUrl\":\"https:\/\/ismsancarlos.cl\/site2\/wp-content\/uploads\/2023\/11\/foto-1.jpg\",\"articleSection\":[\"Noticias\"],\"inLanguage\":\"es\"},{\"@type\":\"WebPage\",\"@id\":\"https:\/\/ismsancarlos.cl\/site2\/hito-de-iv-medio-enviados-a-servir\/\",\"url\":\"https:\/\/ismsancarlos.cl\/site2\/hito-de-iv-medio-enviados-a-servir\/\",\"name\":\"Hito de IV\u00b0 medio \u201cEnviados a servir\u201d. | Instituto Santa Mar\u00eda - San Carlos\",\"isPartOf\":{\"@id\":\"https:\/\/ismsancarlos.cl\/site2\/#website\"},\"primaryImageOfPage\":{\"@id\":\"https:\/\/ismsancarlos.cl\/site2\/hito-de-iv-medio-enviados-a-servir\/#primaryimage\"},\"image\":{\"@id\":\"https:\/\/ismsancarlos.cl\/site2\/hito-de-iv-medio-enviados-a-servir\/#primaryimage\"},\"thumbnailUrl\":\"https:\/\/ismsancarlos.cl\/site2\/wp-content\/uploads\/2023\/11\/foto-1.jpg\",\"datePublished\":\"2023-11-08T20:47:54+00:00\",\"dateModified\":\"2023-11-08T20:47:57+00:00\",\"breadcrumb\":{\"@id\":\"https:\/\/ismsancarlos.cl\/site2\/hito-de-iv-medio-enviados-a-servir\/#breadcrumb\"},\"inLanguage\":\"es\",\"potentialAction\":[{\"@type\":\"ReadAction\",\"target\":[\"https:\/\/ismsancarlos.cl\/site2\/hito-de-iv-medio-enviados-a-servir\/\"]}]},{\"@type\":\"ImageObject\",\"inLanguage\":\"es\",\"@id\":\"https:\/\/ismsancarlos.cl\/site2\/hito-de-iv-medio-enviados-a-servir\/#primaryimage\",\"url\":\"https:\/\/ismsancarlos.cl\/site2\/wp-content\/uploads\/2023\/11\/foto-1.jpg\",\"contentUrl\":\"https:\/\/ismsancarlos.cl\/site2\/wp-content\/uploads\/2023\/11\/foto-1.jpg\",\"width\":1600,\"height\":1200},{\"@type\":\"BreadcrumbList\",\"@id\":\"https:\/\/ismsancarlos.cl\/site2\/hito-de-iv-medio-enviados-a-servir\/#breadcrumb\",\"itemListElement\":[{\"@type\":\"ListItem\",\"position\":1,\"name\":\"Portada\",\"item\":\"https:\/\/ismsancarlos.cl\/site2\/\"},{\"@type\":\"ListItem\",\"position\":2,\"name\":\"Hito de IV\u00b0 medio \u201cEnviados a servir\u201d.\"}]},{\"@type\":\"WebSite\",\"@id\":\"https:\/\/ismsancarlos.cl\/site2\/#website\",\"url\":\"https:\/\/ismsancarlos.cl\/site2\/\",\"name\":\"Instituto Santa Mar\u00eda - San Carlos\",\"description\":\"&quot;Aprender m\u00e1s para servir mejor&quot;\",\"publisher\":{\"@id\":\"https:\/\/ismsancarlos.cl\/site2\/#organization\"},\"potentialAction\":[{\"@type\":\"SearchAction\",\"target\":{\"@type\":\"EntryPoint\",\"urlTemplate\":\"https:\/\/ismsancarlos.cl\/site2\/?s={search_term_string}\"},\"query-input\":{\"@type\":\"PropertyValueSpecification\",\"valueRequired\":true,\"valueName\":\"search_term_string\"}}],\"inLanguage\":\"es\"},{\"@type\":\"Organization\",\"@id\":\"https:\/\/ismsancarlos.cl\/site2\/#organization\",\"name\":\"Instituto Santa Mar\u00eda Chill\u00e1n\",\"url\":\"https:\/\/ismsancarlos.cl\/site2\/\",\"logo\":{\"@type\":\"ImageObject\",\"inLanguage\":\"es\",\"@id\":\"https:\/\/ismsancarlos.cl\/site2\/#\/schema\/logo\/image\/\",\"url\":\"https:\/\/ismchillan.cl\/site\/wp-content\/uploads\/2021\/02\/logo-ISM-Chillan.png\",\"contentUrl\":\"https:\/\/ismchillan.cl\/site\/wp-content\/uploads\/2021\/02\/logo-ISM-Chillan.png\",\"width\":746,\"height\":228,\"caption\":\"Instituto Santa Mar\u00eda Chill\u00e1n\"},\"image\":{\"@id\":\"https:\/\/ismsancarlos.cl\/site2\/#\/schema\/logo\/image\/\"},\"sameAs\":[\"https:\/\/www.facebook.com\/insamach\",\"https:\/\/www.instagram.com\/ism_chillan\/?hl=es-la\",\"https:\/\/www.youtube.com\/channel\/UCU8IW1d8akOJJTePPCCMjjA\"]},{\"@type\":\"Person\",\"@id\":\"https:\/\/ismsancarlos.cl\/site2\/#\/schema\/person\/6a23bdafb47e2c2a488fc70a8235ea7e\",\"name\":\"admin\",\"image\":{\"@type\":\"ImageObject\",\"inLanguage\":\"es\",\"@id\":\"https:\/\/ismsancarlos.cl\/site2\/#\/schema\/person\/image\/\",\"url\":\"https:\/\/secure.gravatar.com\/avatar\/8ac7f29e194fb7442e8e75b6f1c9477abd0dacb32722a8cb6ad498b642eb5d0b?s=96&d=mm&r=g\",\"contentUrl\":\"https:\/\/secure.gravatar.com\/avatar\/8ac7f29e194fb7442e8e75b6f1c9477abd0dacb32722a8cb6ad498b642eb5d0b?s=96&d=mm&r=g\",\"caption\":\"admin\"},\"sameAs\":[\"https:\/\/ismchillan.cl\/site\"]}]}<\/script>\n<!-- \/ Yoast SEO plugin. -->","yoast_head_json":{"title":"Hito de IV\u00b0 medio \u201cEnviados a servir\u201d. | Instituto Santa Mar\u00eda - San Carlos","robots":{"index":"index","follow":"follow","max-snippet":"max-snippet:-1","max-image-preview":"max-image-preview:large","max-video-preview":"max-video-preview:-1"},"canonical":"https:\/\/ismsancarlos.cl\/site2\/hito-de-iv-medio-enviados-a-servir\/","og_locale":"es_ES","og_type":"article","og_title":"Hito de IV\u00b0 medio \u201cEnviados a servir\u201d. | Instituto Santa Mar\u00eda - San Carlos","og_description":"El d\u00eda Lunes 06 de noviembre, se desarroll\u00f3 el Hito de IV \u201cEnviados a servir\u201d Con el objetivo de poder reunirnos en un momento de oraci\u00f3n a trav\u00e9s de una memoria agradecida la cual evocaba momentos del paso de su vida estudiantil. Los j\u00f3venes valoraron sus a\u00f1os en el colegio, los valores entregados seg\u00fan el [&hellip;]","og_url":"https:\/\/ismsancarlos.cl\/site2\/hito-de-iv-medio-enviados-a-servir\/","og_site_name":"Instituto Santa Mar\u00eda - San Carlos","article_publisher":"https:\/\/www.facebook.com\/insamach","article_published_time":"2023-11-08T20:47:54+00:00","article_modified_time":"2023-11-08T20:47:57+00:00","og_image":[{"width":1600,"height":1200,"url":"https:\/\/ismsancarlos.cl\/site2\/wp-content\/uploads\/2023\/11\/foto-1.jpg","type":"image\/jpeg"}],"author":"admin","twitter_card":"summary_large_image","twitter_misc":{"Escrito por":"admin","Tiempo de lectura":"1 minuto"},"schema":{"@context":"https:\/\/schema.org","@graph":[{"@type":"Article","@id":"https:\/\/ismsancarlos.cl\/site2\/hito-de-iv-medio-enviados-a-servir\/#article","isPartOf":{"@id":"https:\/\/ismsancarlos.cl\/site2\/hito-de-iv-medio-enviados-a-servir\/"},"author":{"name":"admin","@id":"https:\/\/ismsancarlos.cl\/site2\/#\/schema\/person\/6a23bdafb47e2c2a488fc70a8235ea7e"},"headline":"Hito de IV\u00b0 medio \u201cEnviados a servir\u201d.","datePublished":"2023-11-08T20:47:54+00:00","dateModified":"2023-11-08T20:47:57+00:00","mainEntityOfPage":{"@id":"https:\/\/ismsancarlos.cl\/site2\/hito-de-iv-medio-enviados-a-servir\/"},"wordCount":159,"publisher":{"@id":"https:\/\/ismsancarlos.cl\/site2\/#organization"},"image":{"@id":"https:\/\/ismsancarlos.cl\/site2\/hito-de-iv-medio-enviados-a-servir\/#primaryimage"},"thumbnailUrl":"https:\/\/ismsancarlos.cl\/site2\/wp-content\/uploads\/2023\/11\/foto-1.jpg","articleSection":["Noticias"],"inLanguage":"es"},{"@type":"WebPage","@id":"https:\/\/ismsancarlos.cl\/site2\/hito-de-iv-medio-enviados-a-servir\/","url":"https:\/\/ismsancarlos.cl\/site2\/hito-de-iv-medio-enviados-a-servir\/","name":"Hito de IV\u00b0 medio \u201cEnviados a servir\u201d. | Instituto Santa Mar\u00eda - San Carlos","isPartOf":{"@id":"https:\/\/ismsancarlos.cl\/site2\/#website"},"primaryImageOfPage":{"@id":"https:\/\/ismsancarlos.cl\/site2\/hito-de-iv-medio-enviados-a-servir\/#primaryimage"},"image":{"@id":"https:\/\/ismsancarlos.cl\/site2\/hito-de-iv-medio-enviados-a-servir\/#primaryimage"},"thumbnailUrl":"https:\/\/ismsancarlos.cl\/site2\/wp-content\/uploads\/2023\/11\/foto-1.jpg","datePublished":"2023-11-08T20:47:54+00:00","dateModified":"2023-11-08T20:47:57+00:00","breadcrumb":{"@id":"https:\/\/ismsancarlos.cl\/site2\/hito-de-iv-medio-enviados-a-servir\/#breadcrumb"},"inLanguage":"es","potentialAction":[{"@type":"ReadAction","target":["https:\/\/ismsancarlos.cl\/site2\/hito-de-iv-medio-enviados-a-servir\/"]}]},{"@type":"ImageObject","inLanguage":"es","@id":"https:\/\/ismsancarlos.cl\/site2\/hito-de-iv-medio-enviados-a-servir\/#primaryimage","url":"https:\/\/ismsancarlos.cl\/site2\/wp-content\/uploads\/2023\/11\/foto-1.jpg","contentUrl":"https:\/\/ismsancarlos.cl\/site2\/wp-content\/uploads\/2023\/11\/foto-1.jpg","width":1600,"height":1200},{"@type":"BreadcrumbList","@id":"https:\/\/ismsancarlos.cl\/site2\/hito-de-iv-medio-enviados-a-servir\/#breadcrumb","itemListElement":[{"@type":"ListItem","position":1,"name":"Portada","item":"https:\/\/ismsancarlos.cl\/site2\/"},{"@type":"ListItem","position":2,"name":"Hito de IV\u00b0 medio \u201cEnviados a servir\u201d."}]},{"@type":"WebSite","@id":"https:\/\/ismsancarlos.cl\/site2\/#website","url":"https:\/\/ismsancarlos.cl\/site2\/","name":"Instituto Santa Mar\u00eda - San Carlos","description":"&quot;Aprender m\u00e1s para servir mejor&quot;","publisher":{"@id":"https:\/\/ismsancarlos.cl\/site2\/#organization"},"potentialAction":[{"@type":"SearchAction","target":{"@type":"EntryPoint","urlTemplate":"https:\/\/ismsancarlos.cl\/site2\/?s={search_term_string}"},"query-input":{"@type":"PropertyValueSpecification","valueRequired":true,"valueName":"search_term_string"}}],"inLanguage":"es"},{"@type":"Organization","@id":"https:\/\/ismsancarlos.cl\/site2\/#organization","name":"Instituto Santa Mar\u00eda Chill\u00e1n","url":"https:\/\/ismsancarlos.cl\/site2\/","logo":{"@type":"ImageObject","inLanguage":"es","@id":"https:\/\/ismsancarlos.cl\/site2\/#\/schema\/logo\/image\/","url":"https:\/\/ismchillan.cl\/site\/wp-content\/uploads\/2021\/02\/logo-ISM-Chillan.png","contentUrl":"https:\/\/ismchillan.cl\/site\/wp-content\/uploads\/2021\/02\/logo-ISM-Chillan.png","width":746,"height":228,"caption":"Instituto Santa Mar\u00eda Chill\u00e1n"},"image":{"@id":"https:\/\/ismsancarlos.cl\/site2\/#\/schema\/logo\/image\/"},"sameAs":["https:\/\/www.facebook.com\/insamach","https:\/\/www.instagram.com\/ism_chillan\/?hl=es-la","https:\/\/www.youtube.com\/channel\/UCU8IW1d8akOJJTePPCCMjjA"]},{"@type":"Person","@id":"https:\/\/ismsancarlos.cl\/site2\/#\/schema\/person\/6a23bdafb47e2c2a488fc70a8235ea7e","name":"admin","image":{"@type":"ImageObject","inLanguage":"es","@id":"https:\/\/ismsancarlos.cl\/site2\/#\/schema\/person\/image\/","url":"https:\/\/secure.gravatar.com\/avatar\/8ac7f29e194fb7442e8e75b6f1c9477abd0dacb32722a8cb6ad498b642eb5d0b?s=96&d=mm&r=g","contentUrl":"https:\/\/secure.gravatar.com\/avatar\/8ac7f29e194fb7442e8e75b6f1c9477abd0dacb32722a8cb6ad498b642eb5d0b?s=96&d=mm&r=g","caption":"admin"},"sameAs":["https:\/\/ismchillan.cl\/site"]}]}},"_links":{"self":[{"href":"https:\/\/ismsancarlos.cl\/site2\/wp-json\/wp\/v2\/posts\/13771","targetHints":{"allow":["GET"]}}],"collection":[{"href":"https:\/\/ismsancarlos.cl\/site2\/wp-json\/wp\/v2\/posts"}],"about":[{"href":"https:\/\/ismsancarlos.cl\/site2\/wp-json\/wp\/v2\/types\/post"}],"author":[{"embeddable":true,"href":"https:\/\/ismsancarlos.cl\/site2\/wp-json\/wp\/v2\/users\/1"}],"replies":[{"embeddable":true,"href":"https:\/\/ismsancarlos.cl\/site2\/wp-json\/wp\/v2\/comments?post=13771"}],"version-history":[{"count":1,"href":"https:\/\/ismsancarlos.cl\/site2\/wp-json\/wp\/v2\/posts\/13771\/revisions"}],"predecessor-version":[{"id":13775,"href":"https:\/\/ismsancarlos.cl\/site2\/wp-json\/wp\/v2\/posts\/13771\/revisions\/13775"}],"wp:featuredmedia":[{"embeddable":true,"href":"https:\/\/ismsancarlos.cl\/site2\/wp-json\/wp\/v2\/media\/13773"}],"wp:attachment":[{"href":"https:\/\/ismsancarlos.cl\/site2\/wp-json\/wp\/v2\/media?parent=13771"}],"wp:term":[{"taxonomy":"category","embeddable":true,"href":"https:\/\/ismsancarlos.cl\/site2\/wp-json\/wp\/v2\/categories?post=13771"},{"taxonomy":"post_tag","embeddable":true,"href":"https:\/\/ismsancarlos.cl\/site2\/wp-json\/wp\/v2\/tags?post=13771"}],"curies":[{"name":"wp","href":"https:\/\/api.w.org\/{rel}","templated":true}]}}