{"id":13765,"date":"2023-10-03T10:53:00","date_gmt":"2023-10-03T13:53:00","guid":{"rendered":"https:\/\/ismsancarlos.cl\/site2\/?p=13765"},"modified":"2023-10-03T10:53:01","modified_gmt":"2023-10-03T13:53:01","slug":"formacion-de-lideres-catolicos-de-la-diocesis-de-chillan","status":"publish","type":"post","link":"https:\/\/ismsancarlos.cl\/site2\/formacion-de-lideres-catolicos-de-la-diocesis-de-chillan\/","title":{"rendered":"Formaci\u00f3n de L\u00edderes Cat\u00f3licos de la Di\u00f3cesis de Chill\u00e1n"},"content":{"rendered":"\n<p>La Vicar\u00eda Pastoral \ud83d\ude4f Para la Educaci\u00f3n, esta liderando un Proceso de Formaci\u00f3n de L\u00edderes Cat\u00f3licos de la Di\u00f3cesis de Chill\u00e1n 2023. La actividad se desarroll\u00f3 la ma\u00f1ana de este s\u00e1bado 30 de septiembre en las dependencias del Colegio Bicentenario Padre Alberto Hurtado.<\/p>\n\n\n\n<p>Agradecemos a quienes participaron de esta actividad:\ud83e\udd17<\/p>\n\n\n\n<p>&#8211; Matilde Medel, 8vo b\u00e1sico B<br>&#8211; Ignacia Sald\u00eda, I\u00b0 medio A<br>&#8211; Martina Ortega, III\u00b0 medio A<br>&#8211; Roc\u00edo Fuentes, III\u00b0 medio B<br>&#8211; Carla Pavez, III\u00b0 medio B<\/p>\n\n\n\n<p>Junto a nuestra asesora de Pastoral Profesora Romina de la Fuente qui\u00e9n las acompa\u00f1\u00f3 en esta gran iniciativa de formaci\u00f3n.\ud83d\ude0aGracias por su participaci\u00f3n,\u00a0\u00a1Felicidades!\ud83d\udc4f\ud83d\udc4f<\/p>\n\n\n\n<figure class=\"wp-block-image size-large\"><img loading=\"lazy\" decoding=\"async\" width=\"1024\" height=\"1024\" src=\"https:\/\/ismsancarlos.cl\/site2\/wp-content\/uploads\/2023\/10\/7-1024x1024.jpg\" alt=\"\" class=\"wp-image-13767\" srcset=\"https:\/\/ismsancarlos.cl\/site2\/wp-content\/uploads\/2023\/10\/7-1024x1024.jpg 1024w, https:\/\/ismsancarlos.cl\/site2\/wp-content\/uploads\/2023\/10\/7-300x300.jpg 300w, https:\/\/ismsancarlos.cl\/site2\/wp-content\/uploads\/2023\/10\/7-150x150.jpg 150w, https:\/\/ismsancarlos.cl\/site2\/wp-content\/uploads\/2023\/10\/7-768x768.jpg 768w, https:\/\/ismsancarlos.cl\/site2\/wp-content\/uploads\/2023\/10\/7.jpg 1080w\" sizes=\"auto, (max-width: 1024px) 100vw, 1024px\" \/><\/figure>\n\n\n\n<p>#insama #pastoral #sancarlos #diocesis #chill\u00e1n #lideres<\/p>\n","protected":false},"excerpt":{"rendered":"<p>La Vicar\u00eda Pastoral \ud83d\ude4f Para la Educaci\u00f3n, esta liderando un Proceso de Formaci\u00f3n de L\u00edderes Cat\u00f3licos de la Di\u00f3cesis de Chill\u00e1n 2023. La actividad se desarroll\u00f3 la ma\u00f1ana de este s\u00e1bado 30 de septiembre en las dependencias del Colegio Bicentenario Padre Alberto Hurtado. Agradecemos a quienes participaron de esta actividad:\ud83e\udd17 &#8211; Matilde Medel, 8vo b\u00e1sico [&hellip;]<\/p>\n","protected":false},"author":1,"featured_media":13766,"comment_status":"closed","ping_status":"closed","sticky":false,"template":"","format":"standard","meta":{"_price":"","_stock":"","_tribe_ticket_header":"","_tribe_default_ticket_provider":"","_tribe_ticket_capacity":"0","_ticket_start_date":"","_ticket_end_date":"","_tribe_ticket_show_description":"","_tribe_ticket_show_not_going":false,"_tribe_ticket_use_global_stock":"","_tribe_ticket_global_stock_level":"","_global_stock_mode":"","_global_stock_cap":"","_tribe_rsvp_for_event":"","_tribe_ticket_going_count":"","_tribe_ticket_not_going_count":"","_tribe_tickets_list":"[]","_tribe_ticket_has_attendee_info_fields":false,"footnotes":""},"categories":[144],"tags":[],"class_list":["post-13765","post","type-post","status-publish","format-standard","has-post-thumbnail","hentry","category-noticias"],"yoast_head":"<!-- This site is optimized with the Yoast SEO plugin v25.6 - https:\/\/yoast.com\/wordpress\/plugins\/seo\/ -->\n<title>Formaci\u00f3n de L\u00edderes Cat\u00f3licos de la Di\u00f3cesis de Chill\u00e1n | Instituto Santa Mar\u00eda - San Carlos<\/title>\n<meta name=\"robots\" content=\"index, follow, max-snippet:-1, max-image-preview:large, max-video-preview:-1\" \/>\n<link rel=\"canonical\" href=\"https:\/\/ismsancarlos.cl\/site2\/formacion-de-lideres-catolicos-de-la-diocesis-de-chillan\/\" \/>\n<meta property=\"og:locale\" content=\"es_ES\" \/>\n<meta property=\"og:type\" content=\"article\" \/>\n<meta property=\"og:title\" content=\"Formaci\u00f3n de L\u00edderes Cat\u00f3licos de la Di\u00f3cesis de Chill\u00e1n | Instituto Santa Mar\u00eda - San Carlos\" \/>\n<meta property=\"og:description\" content=\"La Vicar\u00eda Pastoral \ud83d\ude4f Para la Educaci\u00f3n, esta liderando un Proceso de Formaci\u00f3n de L\u00edderes Cat\u00f3licos de la Di\u00f3cesis de Chill\u00e1n 2023. La actividad se desarroll\u00f3 la ma\u00f1ana de este s\u00e1bado 30 de septiembre en las dependencias del Colegio Bicentenario Padre Alberto Hurtado. Agradecemos a quienes participaron de esta actividad:\ud83e\udd17 &#8211; Matilde Medel, 8vo b\u00e1sico [&hellip;]\" \/>\n<meta property=\"og:url\" content=\"https:\/\/ismsancarlos.cl\/site2\/formacion-de-lideres-catolicos-de-la-diocesis-de-chillan\/\" \/>\n<meta property=\"og:site_name\" content=\"Instituto Santa Mar\u00eda - San Carlos\" \/>\n<meta property=\"article:publisher\" content=\"https:\/\/www.facebook.com\/insamach\" \/>\n<meta property=\"article:published_time\" content=\"2023-10-03T13:53:00+00:00\" \/>\n<meta property=\"article:modified_time\" content=\"2023-10-03T13:53:01+00:00\" \/>\n<meta property=\"og:image\" content=\"https:\/\/ismsancarlos.cl\/site2\/wp-content\/uploads\/2023\/10\/lideres.jpg\" \/>\n\t<meta property=\"og:image:width\" content=\"1383\" \/>\n\t<meta property=\"og:image:height\" content=\"721\" \/>\n\t<meta property=\"og:image:type\" content=\"image\/jpeg\" \/>\n<meta name=\"author\" content=\"admin\" \/>\n<meta name=\"twitter:card\" content=\"summary_large_image\" \/>\n<meta name=\"twitter:label1\" content=\"Escrito por\" \/>\n\t<meta name=\"twitter:data1\" content=\"admin\" \/>\n\t<meta name=\"twitter:label2\" content=\"Tiempo de lectura\" \/>\n\t<meta name=\"twitter:data2\" content=\"1 minuto\" \/>\n<script type=\"application\/ld+json\" class=\"yoast-schema-graph\">{\"@context\":\"https:\/\/schema.org\",\"@graph\":[{\"@type\":\"Article\",\"@id\":\"https:\/\/ismsancarlos.cl\/site2\/formacion-de-lideres-catolicos-de-la-diocesis-de-chillan\/#article\",\"isPartOf\":{\"@id\":\"https:\/\/ismsancarlos.cl\/site2\/formacion-de-lideres-catolicos-de-la-diocesis-de-chillan\/\"},\"author\":{\"name\":\"admin\",\"@id\":\"https:\/\/ismsancarlos.cl\/site2\/#\/schema\/person\/6a23bdafb47e2c2a488fc70a8235ea7e\"},\"headline\":\"Formaci\u00f3n de L\u00edderes Cat\u00f3licos de la Di\u00f3cesis de Chill\u00e1n\",\"datePublished\":\"2023-10-03T13:53:00+00:00\",\"dateModified\":\"2023-10-03T13:53:01+00:00\",\"mainEntityOfPage\":{\"@id\":\"https:\/\/ismsancarlos.cl\/site2\/formacion-de-lideres-catolicos-de-la-diocesis-de-chillan\/\"},\"wordCount\":134,\"publisher\":{\"@id\":\"https:\/\/ismsancarlos.cl\/site2\/#organization\"},\"image\":{\"@id\":\"https:\/\/ismsancarlos.cl\/site2\/formacion-de-lideres-catolicos-de-la-diocesis-de-chillan\/#primaryimage\"},\"thumbnailUrl\":\"https:\/\/ismsancarlos.cl\/site2\/wp-content\/uploads\/2023\/10\/lideres.jpg\",\"articleSection\":[\"Noticias\"],\"inLanguage\":\"es\"},{\"@type\":\"WebPage\",\"@id\":\"https:\/\/ismsancarlos.cl\/site2\/formacion-de-lideres-catolicos-de-la-diocesis-de-chillan\/\",\"url\":\"https:\/\/ismsancarlos.cl\/site2\/formacion-de-lideres-catolicos-de-la-diocesis-de-chillan\/\",\"name\":\"Formaci\u00f3n de L\u00edderes Cat\u00f3licos de la Di\u00f3cesis de Chill\u00e1n | Instituto Santa Mar\u00eda - San Carlos\",\"isPartOf\":{\"@id\":\"https:\/\/ismsancarlos.cl\/site2\/#website\"},\"primaryImageOfPage\":{\"@id\":\"https:\/\/ismsancarlos.cl\/site2\/formacion-de-lideres-catolicos-de-la-diocesis-de-chillan\/#primaryimage\"},\"image\":{\"@id\":\"https:\/\/ismsancarlos.cl\/site2\/formacion-de-lideres-catolicos-de-la-diocesis-de-chillan\/#primaryimage\"},\"thumbnailUrl\":\"https:\/\/ismsancarlos.cl\/site2\/wp-content\/uploads\/2023\/10\/lideres.jpg\",\"datePublished\":\"2023-10-03T13:53:00+00:00\",\"dateModified\":\"2023-10-03T13:53:01+00:00\",\"breadcrumb\":{\"@id\":\"https:\/\/ismsancarlos.cl\/site2\/formacion-de-lideres-catolicos-de-la-diocesis-de-chillan\/#breadcrumb\"},\"inLanguage\":\"es\",\"potentialAction\":[{\"@type\":\"ReadAction\",\"target\":[\"https:\/\/ismsancarlos.cl\/site2\/formacion-de-lideres-catolicos-de-la-diocesis-de-chillan\/\"]}]},{\"@type\":\"ImageObject\",\"inLanguage\":\"es\",\"@id\":\"https:\/\/ismsancarlos.cl\/site2\/formacion-de-lideres-catolicos-de-la-diocesis-de-chillan\/#primaryimage\",\"url\":\"https:\/\/ismsancarlos.cl\/site2\/wp-content\/uploads\/2023\/10\/lideres.jpg\",\"contentUrl\":\"https:\/\/ismsancarlos.cl\/site2\/wp-content\/uploads\/2023\/10\/lideres.jpg\",\"width\":1383,\"height\":721},{\"@type\":\"BreadcrumbList\",\"@id\":\"https:\/\/ismsancarlos.cl\/site2\/formacion-de-lideres-catolicos-de-la-diocesis-de-chillan\/#breadcrumb\",\"itemListElement\":[{\"@type\":\"ListItem\",\"position\":1,\"name\":\"Portada\",\"item\":\"https:\/\/ismsancarlos.cl\/site2\/\"},{\"@type\":\"ListItem\",\"position\":2,\"name\":\"Formaci\u00f3n de L\u00edderes Cat\u00f3licos de la Di\u00f3cesis de Chill\u00e1n\"}]},{\"@type\":\"WebSite\",\"@id\":\"https:\/\/ismsancarlos.cl\/site2\/#website\",\"url\":\"https:\/\/ismsancarlos.cl\/site2\/\",\"name\":\"Instituto Santa Mar\u00eda - San Carlos\",\"description\":\"&quot;Aprender m\u00e1s para servir mejor&quot;\",\"publisher\":{\"@id\":\"https:\/\/ismsancarlos.cl\/site2\/#organization\"},\"potentialAction\":[{\"@type\":\"SearchAction\",\"target\":{\"@type\":\"EntryPoint\",\"urlTemplate\":\"https:\/\/ismsancarlos.cl\/site2\/?s={search_term_string}\"},\"query-input\":{\"@type\":\"PropertyValueSpecification\",\"valueRequired\":true,\"valueName\":\"search_term_string\"}}],\"inLanguage\":\"es\"},{\"@type\":\"Organization\",\"@id\":\"https:\/\/ismsancarlos.cl\/site2\/#organization\",\"name\":\"Instituto Santa Mar\u00eda Chill\u00e1n\",\"url\":\"https:\/\/ismsancarlos.cl\/site2\/\",\"logo\":{\"@type\":\"ImageObject\",\"inLanguage\":\"es\",\"@id\":\"https:\/\/ismsancarlos.cl\/site2\/#\/schema\/logo\/image\/\",\"url\":\"https:\/\/ismchillan.cl\/site\/wp-content\/uploads\/2021\/02\/logo-ISM-Chillan.png\",\"contentUrl\":\"https:\/\/ismchillan.cl\/site\/wp-content\/uploads\/2021\/02\/logo-ISM-Chillan.png\",\"width\":746,\"height\":228,\"caption\":\"Instituto Santa Mar\u00eda Chill\u00e1n\"},\"image\":{\"@id\":\"https:\/\/ismsancarlos.cl\/site2\/#\/schema\/logo\/image\/\"},\"sameAs\":[\"https:\/\/www.facebook.com\/insamach\",\"https:\/\/www.instagram.com\/ism_chillan\/?hl=es-la\",\"https:\/\/www.youtube.com\/channel\/UCU8IW1d8akOJJTePPCCMjjA\"]},{\"@type\":\"Person\",\"@id\":\"https:\/\/ismsancarlos.cl\/site2\/#\/schema\/person\/6a23bdafb47e2c2a488fc70a8235ea7e\",\"name\":\"admin\",\"image\":{\"@type\":\"ImageObject\",\"inLanguage\":\"es\",\"@id\":\"https:\/\/ismsancarlos.cl\/site2\/#\/schema\/person\/image\/\",\"url\":\"https:\/\/secure.gravatar.com\/avatar\/8ac7f29e194fb7442e8e75b6f1c9477abd0dacb32722a8cb6ad498b642eb5d0b?s=96&d=mm&r=g\",\"contentUrl\":\"https:\/\/secure.gravatar.com\/avatar\/8ac7f29e194fb7442e8e75b6f1c9477abd0dacb32722a8cb6ad498b642eb5d0b?s=96&d=mm&r=g\",\"caption\":\"admin\"},\"sameAs\":[\"https:\/\/ismchillan.cl\/site\"]}]}<\/script>\n<!-- \/ Yoast SEO plugin. -->","yoast_head_json":{"title":"Formaci\u00f3n de L\u00edderes Cat\u00f3licos de la Di\u00f3cesis de Chill\u00e1n | Instituto Santa Mar\u00eda - San Carlos","robots":{"index":"index","follow":"follow","max-snippet":"max-snippet:-1","max-image-preview":"max-image-preview:large","max-video-preview":"max-video-preview:-1"},"canonical":"https:\/\/ismsancarlos.cl\/site2\/formacion-de-lideres-catolicos-de-la-diocesis-de-chillan\/","og_locale":"es_ES","og_type":"article","og_title":"Formaci\u00f3n de L\u00edderes Cat\u00f3licos de la Di\u00f3cesis de Chill\u00e1n | Instituto Santa Mar\u00eda - San Carlos","og_description":"La Vicar\u00eda Pastoral \ud83d\ude4f Para la Educaci\u00f3n, esta liderando un Proceso de Formaci\u00f3n de L\u00edderes Cat\u00f3licos de la Di\u00f3cesis de Chill\u00e1n 2023. La actividad se desarroll\u00f3 la ma\u00f1ana de este s\u00e1bado 30 de septiembre en las dependencias del Colegio Bicentenario Padre Alberto Hurtado. Agradecemos a quienes participaron de esta actividad:\ud83e\udd17 &#8211; Matilde Medel, 8vo b\u00e1sico [&hellip;]","og_url":"https:\/\/ismsancarlos.cl\/site2\/formacion-de-lideres-catolicos-de-la-diocesis-de-chillan\/","og_site_name":"Instituto Santa Mar\u00eda - San Carlos","article_publisher":"https:\/\/www.facebook.com\/insamach","article_published_time":"2023-10-03T13:53:00+00:00","article_modified_time":"2023-10-03T13:53:01+00:00","og_image":[{"width":1383,"height":721,"url":"https:\/\/ismsancarlos.cl\/site2\/wp-content\/uploads\/2023\/10\/lideres.jpg","type":"image\/jpeg"}],"author":"admin","twitter_card":"summary_large_image","twitter_misc":{"Escrito por":"admin","Tiempo de lectura":"1 minuto"},"schema":{"@context":"https:\/\/schema.org","@graph":[{"@type":"Article","@id":"https:\/\/ismsancarlos.cl\/site2\/formacion-de-lideres-catolicos-de-la-diocesis-de-chillan\/#article","isPartOf":{"@id":"https:\/\/ismsancarlos.cl\/site2\/formacion-de-lideres-catolicos-de-la-diocesis-de-chillan\/"},"author":{"name":"admin","@id":"https:\/\/ismsancarlos.cl\/site2\/#\/schema\/person\/6a23bdafb47e2c2a488fc70a8235ea7e"},"headline":"Formaci\u00f3n de L\u00edderes Cat\u00f3licos de la Di\u00f3cesis de Chill\u00e1n","datePublished":"2023-10-03T13:53:00+00:00","dateModified":"2023-10-03T13:53:01+00:00","mainEntityOfPage":{"@id":"https:\/\/ismsancarlos.cl\/site2\/formacion-de-lideres-catolicos-de-la-diocesis-de-chillan\/"},"wordCount":134,"publisher":{"@id":"https:\/\/ismsancarlos.cl\/site2\/#organization"},"image":{"@id":"https:\/\/ismsancarlos.cl\/site2\/formacion-de-lideres-catolicos-de-la-diocesis-de-chillan\/#primaryimage"},"thumbnailUrl":"https:\/\/ismsancarlos.cl\/site2\/wp-content\/uploads\/2023\/10\/lideres.jpg","articleSection":["Noticias"],"inLanguage":"es"},{"@type":"WebPage","@id":"https:\/\/ismsancarlos.cl\/site2\/formacion-de-lideres-catolicos-de-la-diocesis-de-chillan\/","url":"https:\/\/ismsancarlos.cl\/site2\/formacion-de-lideres-catolicos-de-la-diocesis-de-chillan\/","name":"Formaci\u00f3n de L\u00edderes Cat\u00f3licos de la Di\u00f3cesis de Chill\u00e1n | Instituto Santa Mar\u00eda - San Carlos","isPartOf":{"@id":"https:\/\/ismsancarlos.cl\/site2\/#website"},"primaryImageOfPage":{"@id":"https:\/\/ismsancarlos.cl\/site2\/formacion-de-lideres-catolicos-de-la-diocesis-de-chillan\/#primaryimage"},"image":{"@id":"https:\/\/ismsancarlos.cl\/site2\/formacion-de-lideres-catolicos-de-la-diocesis-de-chillan\/#primaryimage"},"thumbnailUrl":"https:\/\/ismsancarlos.cl\/site2\/wp-content\/uploads\/2023\/10\/lideres.jpg","datePublished":"2023-10-03T13:53:00+00:00","dateModified":"2023-10-03T13:53:01+00:00","breadcrumb":{"@id":"https:\/\/ismsancarlos.cl\/site2\/formacion-de-lideres-catolicos-de-la-diocesis-de-chillan\/#breadcrumb"},"inLanguage":"es","potentialAction":[{"@type":"ReadAction","target":["https:\/\/ismsancarlos.cl\/site2\/formacion-de-lideres-catolicos-de-la-diocesis-de-chillan\/"]}]},{"@type":"ImageObject","inLanguage":"es","@id":"https:\/\/ismsancarlos.cl\/site2\/formacion-de-lideres-catolicos-de-la-diocesis-de-chillan\/#primaryimage","url":"https:\/\/ismsancarlos.cl\/site2\/wp-content\/uploads\/2023\/10\/lideres.jpg","contentUrl":"https:\/\/ismsancarlos.cl\/site2\/wp-content\/uploads\/2023\/10\/lideres.jpg","width":1383,"height":721},{"@type":"BreadcrumbList","@id":"https:\/\/ismsancarlos.cl\/site2\/formacion-de-lideres-catolicos-de-la-diocesis-de-chillan\/#breadcrumb","itemListElement":[{"@type":"ListItem","position":1,"name":"Portada","item":"https:\/\/ismsancarlos.cl\/site2\/"},{"@type":"ListItem","position":2,"name":"Formaci\u00f3n de L\u00edderes Cat\u00f3licos de la Di\u00f3cesis de Chill\u00e1n"}]},{"@type":"WebSite","@id":"https:\/\/ismsancarlos.cl\/site2\/#website","url":"https:\/\/ismsancarlos.cl\/site2\/","name":"Instituto Santa Mar\u00eda - San Carlos","description":"&quot;Aprender m\u00e1s para servir mejor&quot;","publisher":{"@id":"https:\/\/ismsancarlos.cl\/site2\/#organization"},"potentialAction":[{"@type":"SearchAction","target":{"@type":"EntryPoint","urlTemplate":"https:\/\/ismsancarlos.cl\/site2\/?s={search_term_string}"},"query-input":{"@type":"PropertyValueSpecification","valueRequired":true,"valueName":"search_term_string"}}],"inLanguage":"es"},{"@type":"Organization","@id":"https:\/\/ismsancarlos.cl\/site2\/#organization","name":"Instituto Santa Mar\u00eda Chill\u00e1n","url":"https:\/\/ismsancarlos.cl\/site2\/","logo":{"@type":"ImageObject","inLanguage":"es","@id":"https:\/\/ismsancarlos.cl\/site2\/#\/schema\/logo\/image\/","url":"https:\/\/ismchillan.cl\/site\/wp-content\/uploads\/2021\/02\/logo-ISM-Chillan.png","contentUrl":"https:\/\/ismchillan.cl\/site\/wp-content\/uploads\/2021\/02\/logo-ISM-Chillan.png","width":746,"height":228,"caption":"Instituto Santa Mar\u00eda Chill\u00e1n"},"image":{"@id":"https:\/\/ismsancarlos.cl\/site2\/#\/schema\/logo\/image\/"},"sameAs":["https:\/\/www.facebook.com\/insamach","https:\/\/www.instagram.com\/ism_chillan\/?hl=es-la","https:\/\/www.youtube.com\/channel\/UCU8IW1d8akOJJTePPCCMjjA"]},{"@type":"Person","@id":"https:\/\/ismsancarlos.cl\/site2\/#\/schema\/person\/6a23bdafb47e2c2a488fc70a8235ea7e","name":"admin","image":{"@type":"ImageObject","inLanguage":"es","@id":"https:\/\/ismsancarlos.cl\/site2\/#\/schema\/person\/image\/","url":"https:\/\/secure.gravatar.com\/avatar\/8ac7f29e194fb7442e8e75b6f1c9477abd0dacb32722a8cb6ad498b642eb5d0b?s=96&d=mm&r=g","contentUrl":"https:\/\/secure.gravatar.com\/avatar\/8ac7f29e194fb7442e8e75b6f1c9477abd0dacb32722a8cb6ad498b642eb5d0b?s=96&d=mm&r=g","caption":"admin"},"sameAs":["https:\/\/ismchillan.cl\/site"]}]}},"_links":{"self":[{"href":"https:\/\/ismsancarlos.cl\/site2\/wp-json\/wp\/v2\/posts\/13765","targetHints":{"allow":["GET"]}}],"collection":[{"href":"https:\/\/ismsancarlos.cl\/site2\/wp-json\/wp\/v2\/posts"}],"about":[{"href":"https:\/\/ismsancarlos.cl\/site2\/wp-json\/wp\/v2\/types\/post"}],"author":[{"embeddable":true,"href":"https:\/\/ismsancarlos.cl\/site2\/wp-json\/wp\/v2\/users\/1"}],"replies":[{"embeddable":true,"href":"https:\/\/ismsancarlos.cl\/site2\/wp-json\/wp\/v2\/comments?post=13765"}],"version-history":[{"count":1,"href":"https:\/\/ismsancarlos.cl\/site2\/wp-json\/wp\/v2\/posts\/13765\/revisions"}],"predecessor-version":[{"id":13768,"href":"https:\/\/ismsancarlos.cl\/site2\/wp-json\/wp\/v2\/posts\/13765\/revisions\/13768"}],"wp:featuredmedia":[{"embeddable":true,"href":"https:\/\/ismsancarlos.cl\/site2\/wp-json\/wp\/v2\/media\/13766"}],"wp:attachment":[{"href":"https:\/\/ismsancarlos.cl\/site2\/wp-json\/wp\/v2\/media?parent=13765"}],"wp:term":[{"taxonomy":"category","embeddable":true,"href":"https:\/\/ismsancarlos.cl\/site2\/wp-json\/wp\/v2\/categories?post=13765"},{"taxonomy":"post_tag","embeddable":true,"href":"https:\/\/ismsancarlos.cl\/site2\/wp-json\/wp\/v2\/tags?post=13765"}],"curies":[{"name":"wp","href":"https:\/\/api.w.org\/{rel}","templated":true}]}}