{"id":13683,"date":"2023-08-08T13:59:46","date_gmt":"2023-08-08T16:59:46","guid":{"rendered":"https:\/\/ismsancarlos.cl\/site2\/?p=13683"},"modified":"2023-08-08T14:04:07","modified_gmt":"2023-08-08T17:04:07","slug":"encuentro-de-lideres-en-antofagasta","status":"publish","type":"post","link":"https:\/\/ismsancarlos.cl\/site2\/encuentro-de-lideres-en-antofagasta\/","title":{"rendered":"Encuentro de L\u00edderes en Antofagasta."},"content":{"rendered":"\n<figure class=\"wp-block-image size-full\"><img loading=\"lazy\" decoding=\"async\" width=\"670\" height=\"558\" src=\"https:\/\/ismsancarlos.cl\/site2\/wp-content\/uploads\/2023\/08\/viaje-a-antofagasta.jpg\" alt=\"\" class=\"wp-image-13684\" srcset=\"https:\/\/ismsancarlos.cl\/site2\/wp-content\/uploads\/2023\/08\/viaje-a-antofagasta.jpg 670w, https:\/\/ismsancarlos.cl\/site2\/wp-content\/uploads\/2023\/08\/viaje-a-antofagasta-300x250.jpg 300w\" sizes=\"auto, (max-width: 670px) 100vw, 670px\" \/><\/figure>\n\n\n\n<p>Delegaci\u00f3n de San Carlos presente en el encuentro de l\u00edderes 2023 <img loading=\"lazy\" decoding=\"async\" height=\"16\" width=\"16\" src=\"https:\/\/static.xx.fbcdn.net\/images\/emoji.php\/v9\/t57\/1.5\/16\/1f44f.png\" alt=\"\ud83d\udc4f\"><\/p>\n\n\n\n<p>@reddecolegioscjch<\/p>\n\n\n\n<p><a href=\"https:\/\/web.facebook.com\/hashtag\/colegioinstitutosantamariasancarlos?__eep__=6&amp;__cft__[0]=AZXLPglS0d02gFifOUGE2pGEBIV0sKe3A5khN-4iGDTV4zCelTn_Ctxs5ubxFukVpxW00wFWkR5Kd1cwISoeZQxgioW9kKNTZPSHokwI0aMKyUmanoSeC_kQf4_ton2ka0_rUPeoo9EG-9n7X9M-ZaaKlRfdvvWOSDP2OJHGyQy_m4n1PdlXkJFm9sZs5q4VMcc&amp;__tn__=*NK-R\">#colegioinstitutosantamariasancarlos<\/a><a href=\"https:\/\/web.facebook.com\/hashtag\/insama?__eep__=6&amp;__cft__[0]=AZXLPglS0d02gFifOUGE2pGEBIV0sKe3A5khN-4iGDTV4zCelTn_Ctxs5ubxFukVpxW00wFWkR5Kd1cwISoeZQxgioW9kKNTZPSHokwI0aMKyUmanoSeC_kQf4_ton2ka0_rUPeoo9EG-9n7X9M-ZaaKlRfdvvWOSDP2OJHGyQy_m4n1PdlXkJFm9sZs5q4VMcc&amp;__tn__=*NK-R\">#INSAMA<\/a><a href=\"https:\/\/web.facebook.com\/hashtag\/maryward?__eep__=6&amp;__cft__[0]=AZXLPglS0d02gFifOUGE2pGEBIV0sKe3A5khN-4iGDTV4zCelTn_Ctxs5ubxFukVpxW00wFWkR5Kd1cwISoeZQxgioW9kKNTZPSHokwI0aMKyUmanoSeC_kQf4_ton2ka0_rUPeoo9EG-9n7X9M-ZaaKlRfdvvWOSDP2OJHGyQy_m4n1PdlXkJFm9sZs5q4VMcc&amp;__tn__=*NK-R\">#MaryWard<\/a><a href=\"https:\/\/web.facebook.com\/hashtag\/santamaria?__eep__=6&amp;__cft__[0]=AZXLPglS0d02gFifOUGE2pGEBIV0sKe3A5khN-4iGDTV4zCelTn_Ctxs5ubxFukVpxW00wFWkR5Kd1cwISoeZQxgioW9kKNTZPSHokwI0aMKyUmanoSeC_kQf4_ton2ka0_rUPeoo9EG-9n7X9M-ZaaKlRfdvvWOSDP2OJHGyQy_m4n1PdlXkJFm9sZs5q4VMcc&amp;__tn__=*NK-R\">#santamaria<\/a><a href=\"https:\/\/web.facebook.com\/hashtag\/sancarlos?__eep__=6&amp;__cft__[0]=AZXLPglS0d02gFifOUGE2pGEBIV0sKe3A5khN-4iGDTV4zCelTn_Ctxs5ubxFukVpxW00wFWkR5Kd1cwISoeZQxgioW9kKNTZPSHokwI0aMKyUmanoSeC_kQf4_ton2ka0_rUPeoo9EG-9n7X9M-ZaaKlRfdvvWOSDP2OJHGyQy_m4n1PdlXkJFm9sZs5q4VMcc&amp;__tn__=*NK-R\">#sancarlos<\/a><a href=\"https:\/\/web.facebook.com\/hashtag\/comunidadeducativa?__eep__=6&amp;__cft__[0]=AZXLPglS0d02gFifOUGE2pGEBIV0sKe3A5khN-4iGDTV4zCelTn_Ctxs5ubxFukVpxW00wFWkR5Kd1cwISoeZQxgioW9kKNTZPSHokwI0aMKyUmanoSeC_kQf4_ton2ka0_rUPeoo9EG-9n7X9M-ZaaKlRfdvvWOSDP2OJHGyQy_m4n1PdlXkJFm9sZs5q4VMcc&amp;__tn__=*NK-R\">#comunidadeducativa<\/a><a href=\"https:\/\/web.facebook.com\/hashtag\/estudiantes?__eep__=6&amp;__cft__[0]=AZXLPglS0d02gFifOUGE2pGEBIV0sKe3A5khN-4iGDTV4zCelTn_Ctxs5ubxFukVpxW00wFWkR5Kd1cwISoeZQxgioW9kKNTZPSHokwI0aMKyUmanoSeC_kQf4_ton2ka0_rUPeoo9EG-9n7X9M-ZaaKlRfdvvWOSDP2OJHGyQy_m4n1PdlXkJFm9sZs5q4VMcc&amp;__tn__=*NK-R\">#estudiantes<\/a><a href=\"https:\/\/web.facebook.com\/hashtag\/encuntrodelideres2023?__eep__=6&amp;__cft__[0]=AZXLPglS0d02gFifOUGE2pGEBIV0sKe3A5khN-4iGDTV4zCelTn_Ctxs5ubxFukVpxW00wFWkR5Kd1cwISoeZQxgioW9kKNTZPSHokwI0aMKyUmanoSeC_kQf4_ton2ka0_rUPeoo9EG-9n7X9M-ZaaKlRfdvvWOSDP2OJHGyQy_m4n1PdlXkJFm9sZs5q4VMcc&amp;__tn__=*NK-R\">#encuntrodelideres2023<\/a><\/p>\n","protected":false},"excerpt":{"rendered":"<p>Delegaci\u00f3n de San Carlos presente en el encuentro de l\u00edderes 2023 @reddecolegioscjch #colegioinstitutosantamariasancarlos#INSAMA#MaryWard#santamaria#sancarlos#comunidadeducativa#estudiantes#encuntrodelideres2023<\/p>\n","protected":false},"author":1,"featured_media":13686,"comment_status":"closed","ping_status":"closed","sticky":false,"template":"","format":"standard","meta":{"_price":"","_stock":"","_tribe_ticket_header":"","_tribe_default_ticket_provider":"","_tribe_ticket_capacity":"0","_ticket_start_date":"","_ticket_end_date":"","_tribe_ticket_show_description":"","_tribe_ticket_show_not_going":false,"_tribe_ticket_use_global_stock":"","_tribe_ticket_global_stock_level":"","_global_stock_mode":"","_global_stock_cap":"","_tribe_rsvp_for_event":"","_tribe_ticket_going_count":"","_tribe_ticket_not_going_count":"","_tribe_tickets_list":"[]","_tribe_ticket_has_attendee_info_fields":false,"footnotes":""},"categories":[144],"tags":[],"class_list":["post-13683","post","type-post","status-publish","format-standard","has-post-thumbnail","hentry","category-noticias"],"yoast_head":"<!-- This site is optimized with the Yoast SEO plugin v25.6 - https:\/\/yoast.com\/wordpress\/plugins\/seo\/ -->\n<title>Encuentro de L\u00edderes en Antofagasta. | Instituto Santa Mar\u00eda - San Carlos<\/title>\n<meta name=\"robots\" content=\"index, follow, max-snippet:-1, max-image-preview:large, max-video-preview:-1\" \/>\n<link rel=\"canonical\" href=\"https:\/\/ismsancarlos.cl\/site2\/encuentro-de-lideres-en-antofagasta\/\" \/>\n<meta property=\"og:locale\" content=\"es_ES\" \/>\n<meta property=\"og:type\" content=\"article\" \/>\n<meta property=\"og:title\" content=\"Encuentro de L\u00edderes en Antofagasta. | Instituto Santa Mar\u00eda - San Carlos\" \/>\n<meta property=\"og:description\" content=\"Delegaci\u00f3n de San Carlos presente en el encuentro de l\u00edderes 2023 @reddecolegioscjch #colegioinstitutosantamariasancarlos#INSAMA#MaryWard#santamaria#sancarlos#comunidadeducativa#estudiantes#encuntrodelideres2023\" \/>\n<meta property=\"og:url\" content=\"https:\/\/ismsancarlos.cl\/site2\/encuentro-de-lideres-en-antofagasta\/\" \/>\n<meta property=\"og:site_name\" content=\"Instituto Santa Mar\u00eda - San Carlos\" \/>\n<meta property=\"article:publisher\" content=\"https:\/\/www.facebook.com\/insamach\" \/>\n<meta property=\"article:published_time\" content=\"2023-08-08T16:59:46+00:00\" \/>\n<meta property=\"article:modified_time\" content=\"2023-08-08T17:04:07+00:00\" \/>\n<meta property=\"og:image\" content=\"https:\/\/ismsancarlos.cl\/site2\/wp-content\/uploads\/2023\/08\/antofagasta.jpg\" \/>\n\t<meta property=\"og:image:width\" content=\"1600\" \/>\n\t<meta property=\"og:image:height\" content=\"1200\" \/>\n\t<meta property=\"og:image:type\" content=\"image\/jpeg\" \/>\n<meta name=\"author\" content=\"admin\" \/>\n<meta name=\"twitter:card\" content=\"summary_large_image\" \/>\n<meta name=\"twitter:label1\" content=\"Escrito por\" \/>\n\t<meta name=\"twitter:data1\" content=\"admin\" \/>\n<script type=\"application\/ld+json\" class=\"yoast-schema-graph\">{\"@context\":\"https:\/\/schema.org\",\"@graph\":[{\"@type\":\"Article\",\"@id\":\"https:\/\/ismsancarlos.cl\/site2\/encuentro-de-lideres-en-antofagasta\/#article\",\"isPartOf\":{\"@id\":\"https:\/\/ismsancarlos.cl\/site2\/encuentro-de-lideres-en-antofagasta\/\"},\"author\":{\"name\":\"admin\",\"@id\":\"https:\/\/ismsancarlos.cl\/site2\/#\/schema\/person\/6a23bdafb47e2c2a488fc70a8235ea7e\"},\"headline\":\"Encuentro de L\u00edderes en Antofagasta.\",\"datePublished\":\"2023-08-08T16:59:46+00:00\",\"dateModified\":\"2023-08-08T17:04:07+00:00\",\"mainEntityOfPage\":{\"@id\":\"https:\/\/ismsancarlos.cl\/site2\/encuentro-de-lideres-en-antofagasta\/\"},\"wordCount\":27,\"publisher\":{\"@id\":\"https:\/\/ismsancarlos.cl\/site2\/#organization\"},\"image\":{\"@id\":\"https:\/\/ismsancarlos.cl\/site2\/encuentro-de-lideres-en-antofagasta\/#primaryimage\"},\"thumbnailUrl\":\"https:\/\/ismsancarlos.cl\/site2\/wp-content\/uploads\/2023\/08\/antofagasta.jpg\",\"articleSection\":[\"Noticias\"],\"inLanguage\":\"es\"},{\"@type\":\"WebPage\",\"@id\":\"https:\/\/ismsancarlos.cl\/site2\/encuentro-de-lideres-en-antofagasta\/\",\"url\":\"https:\/\/ismsancarlos.cl\/site2\/encuentro-de-lideres-en-antofagasta\/\",\"name\":\"Encuentro de L\u00edderes en Antofagasta. | Instituto Santa Mar\u00eda - San Carlos\",\"isPartOf\":{\"@id\":\"https:\/\/ismsancarlos.cl\/site2\/#website\"},\"primaryImageOfPage\":{\"@id\":\"https:\/\/ismsancarlos.cl\/site2\/encuentro-de-lideres-en-antofagasta\/#primaryimage\"},\"image\":{\"@id\":\"https:\/\/ismsancarlos.cl\/site2\/encuentro-de-lideres-en-antofagasta\/#primaryimage\"},\"thumbnailUrl\":\"https:\/\/ismsancarlos.cl\/site2\/wp-content\/uploads\/2023\/08\/antofagasta.jpg\",\"datePublished\":\"2023-08-08T16:59:46+00:00\",\"dateModified\":\"2023-08-08T17:04:07+00:00\",\"breadcrumb\":{\"@id\":\"https:\/\/ismsancarlos.cl\/site2\/encuentro-de-lideres-en-antofagasta\/#breadcrumb\"},\"inLanguage\":\"es\",\"potentialAction\":[{\"@type\":\"ReadAction\",\"target\":[\"https:\/\/ismsancarlos.cl\/site2\/encuentro-de-lideres-en-antofagasta\/\"]}]},{\"@type\":\"ImageObject\",\"inLanguage\":\"es\",\"@id\":\"https:\/\/ismsancarlos.cl\/site2\/encuentro-de-lideres-en-antofagasta\/#primaryimage\",\"url\":\"https:\/\/ismsancarlos.cl\/site2\/wp-content\/uploads\/2023\/08\/antofagasta.jpg\",\"contentUrl\":\"https:\/\/ismsancarlos.cl\/site2\/wp-content\/uploads\/2023\/08\/antofagasta.jpg\",\"width\":1600,\"height\":1200},{\"@type\":\"BreadcrumbList\",\"@id\":\"https:\/\/ismsancarlos.cl\/site2\/encuentro-de-lideres-en-antofagasta\/#breadcrumb\",\"itemListElement\":[{\"@type\":\"ListItem\",\"position\":1,\"name\":\"Portada\",\"item\":\"https:\/\/ismsancarlos.cl\/site2\/\"},{\"@type\":\"ListItem\",\"position\":2,\"name\":\"Encuentro de L\u00edderes en Antofagasta.\"}]},{\"@type\":\"WebSite\",\"@id\":\"https:\/\/ismsancarlos.cl\/site2\/#website\",\"url\":\"https:\/\/ismsancarlos.cl\/site2\/\",\"name\":\"Instituto Santa Mar\u00eda - San Carlos\",\"description\":\"&quot;Aprender m\u00e1s para servir mejor&quot;\",\"publisher\":{\"@id\":\"https:\/\/ismsancarlos.cl\/site2\/#organization\"},\"potentialAction\":[{\"@type\":\"SearchAction\",\"target\":{\"@type\":\"EntryPoint\",\"urlTemplate\":\"https:\/\/ismsancarlos.cl\/site2\/?s={search_term_string}\"},\"query-input\":{\"@type\":\"PropertyValueSpecification\",\"valueRequired\":true,\"valueName\":\"search_term_string\"}}],\"inLanguage\":\"es\"},{\"@type\":\"Organization\",\"@id\":\"https:\/\/ismsancarlos.cl\/site2\/#organization\",\"name\":\"Instituto Santa Mar\u00eda Chill\u00e1n\",\"url\":\"https:\/\/ismsancarlos.cl\/site2\/\",\"logo\":{\"@type\":\"ImageObject\",\"inLanguage\":\"es\",\"@id\":\"https:\/\/ismsancarlos.cl\/site2\/#\/schema\/logo\/image\/\",\"url\":\"https:\/\/ismchillan.cl\/site\/wp-content\/uploads\/2021\/02\/logo-ISM-Chillan.png\",\"contentUrl\":\"https:\/\/ismchillan.cl\/site\/wp-content\/uploads\/2021\/02\/logo-ISM-Chillan.png\",\"width\":746,\"height\":228,\"caption\":\"Instituto Santa Mar\u00eda Chill\u00e1n\"},\"image\":{\"@id\":\"https:\/\/ismsancarlos.cl\/site2\/#\/schema\/logo\/image\/\"},\"sameAs\":[\"https:\/\/www.facebook.com\/insamach\",\"https:\/\/www.instagram.com\/ism_chillan\/?hl=es-la\",\"https:\/\/www.youtube.com\/channel\/UCU8IW1d8akOJJTePPCCMjjA\"]},{\"@type\":\"Person\",\"@id\":\"https:\/\/ismsancarlos.cl\/site2\/#\/schema\/person\/6a23bdafb47e2c2a488fc70a8235ea7e\",\"name\":\"admin\",\"image\":{\"@type\":\"ImageObject\",\"inLanguage\":\"es\",\"@id\":\"https:\/\/ismsancarlos.cl\/site2\/#\/schema\/person\/image\/\",\"url\":\"https:\/\/secure.gravatar.com\/avatar\/8ac7f29e194fb7442e8e75b6f1c9477abd0dacb32722a8cb6ad498b642eb5d0b?s=96&d=mm&r=g\",\"contentUrl\":\"https:\/\/secure.gravatar.com\/avatar\/8ac7f29e194fb7442e8e75b6f1c9477abd0dacb32722a8cb6ad498b642eb5d0b?s=96&d=mm&r=g\",\"caption\":\"admin\"},\"sameAs\":[\"https:\/\/ismchillan.cl\/site\"]}]}<\/script>\n<!-- \/ Yoast SEO plugin. -->","yoast_head_json":{"title":"Encuentro de L\u00edderes en Antofagasta. | Instituto Santa Mar\u00eda - San Carlos","robots":{"index":"index","follow":"follow","max-snippet":"max-snippet:-1","max-image-preview":"max-image-preview:large","max-video-preview":"max-video-preview:-1"},"canonical":"https:\/\/ismsancarlos.cl\/site2\/encuentro-de-lideres-en-antofagasta\/","og_locale":"es_ES","og_type":"article","og_title":"Encuentro de L\u00edderes en Antofagasta. | Instituto Santa Mar\u00eda - San Carlos","og_description":"Delegaci\u00f3n de San Carlos presente en el encuentro de l\u00edderes 2023 @reddecolegioscjch #colegioinstitutosantamariasancarlos#INSAMA#MaryWard#santamaria#sancarlos#comunidadeducativa#estudiantes#encuntrodelideres2023","og_url":"https:\/\/ismsancarlos.cl\/site2\/encuentro-de-lideres-en-antofagasta\/","og_site_name":"Instituto Santa Mar\u00eda - San Carlos","article_publisher":"https:\/\/www.facebook.com\/insamach","article_published_time":"2023-08-08T16:59:46+00:00","article_modified_time":"2023-08-08T17:04:07+00:00","og_image":[{"width":1600,"height":1200,"url":"https:\/\/ismsancarlos.cl\/site2\/wp-content\/uploads\/2023\/08\/antofagasta.jpg","type":"image\/jpeg"}],"author":"admin","twitter_card":"summary_large_image","twitter_misc":{"Escrito por":"admin"},"schema":{"@context":"https:\/\/schema.org","@graph":[{"@type":"Article","@id":"https:\/\/ismsancarlos.cl\/site2\/encuentro-de-lideres-en-antofagasta\/#article","isPartOf":{"@id":"https:\/\/ismsancarlos.cl\/site2\/encuentro-de-lideres-en-antofagasta\/"},"author":{"name":"admin","@id":"https:\/\/ismsancarlos.cl\/site2\/#\/schema\/person\/6a23bdafb47e2c2a488fc70a8235ea7e"},"headline":"Encuentro de L\u00edderes en Antofagasta.","datePublished":"2023-08-08T16:59:46+00:00","dateModified":"2023-08-08T17:04:07+00:00","mainEntityOfPage":{"@id":"https:\/\/ismsancarlos.cl\/site2\/encuentro-de-lideres-en-antofagasta\/"},"wordCount":27,"publisher":{"@id":"https:\/\/ismsancarlos.cl\/site2\/#organization"},"image":{"@id":"https:\/\/ismsancarlos.cl\/site2\/encuentro-de-lideres-en-antofagasta\/#primaryimage"},"thumbnailUrl":"https:\/\/ismsancarlos.cl\/site2\/wp-content\/uploads\/2023\/08\/antofagasta.jpg","articleSection":["Noticias"],"inLanguage":"es"},{"@type":"WebPage","@id":"https:\/\/ismsancarlos.cl\/site2\/encuentro-de-lideres-en-antofagasta\/","url":"https:\/\/ismsancarlos.cl\/site2\/encuentro-de-lideres-en-antofagasta\/","name":"Encuentro de L\u00edderes en Antofagasta. | Instituto Santa Mar\u00eda - San Carlos","isPartOf":{"@id":"https:\/\/ismsancarlos.cl\/site2\/#website"},"primaryImageOfPage":{"@id":"https:\/\/ismsancarlos.cl\/site2\/encuentro-de-lideres-en-antofagasta\/#primaryimage"},"image":{"@id":"https:\/\/ismsancarlos.cl\/site2\/encuentro-de-lideres-en-antofagasta\/#primaryimage"},"thumbnailUrl":"https:\/\/ismsancarlos.cl\/site2\/wp-content\/uploads\/2023\/08\/antofagasta.jpg","datePublished":"2023-08-08T16:59:46+00:00","dateModified":"2023-08-08T17:04:07+00:00","breadcrumb":{"@id":"https:\/\/ismsancarlos.cl\/site2\/encuentro-de-lideres-en-antofagasta\/#breadcrumb"},"inLanguage":"es","potentialAction":[{"@type":"ReadAction","target":["https:\/\/ismsancarlos.cl\/site2\/encuentro-de-lideres-en-antofagasta\/"]}]},{"@type":"ImageObject","inLanguage":"es","@id":"https:\/\/ismsancarlos.cl\/site2\/encuentro-de-lideres-en-antofagasta\/#primaryimage","url":"https:\/\/ismsancarlos.cl\/site2\/wp-content\/uploads\/2023\/08\/antofagasta.jpg","contentUrl":"https:\/\/ismsancarlos.cl\/site2\/wp-content\/uploads\/2023\/08\/antofagasta.jpg","width":1600,"height":1200},{"@type":"BreadcrumbList","@id":"https:\/\/ismsancarlos.cl\/site2\/encuentro-de-lideres-en-antofagasta\/#breadcrumb","itemListElement":[{"@type":"ListItem","position":1,"name":"Portada","item":"https:\/\/ismsancarlos.cl\/site2\/"},{"@type":"ListItem","position":2,"name":"Encuentro de L\u00edderes en Antofagasta."}]},{"@type":"WebSite","@id":"https:\/\/ismsancarlos.cl\/site2\/#website","url":"https:\/\/ismsancarlos.cl\/site2\/","name":"Instituto Santa Mar\u00eda - San Carlos","description":"&quot;Aprender m\u00e1s para servir mejor&quot;","publisher":{"@id":"https:\/\/ismsancarlos.cl\/site2\/#organization"},"potentialAction":[{"@type":"SearchAction","target":{"@type":"EntryPoint","urlTemplate":"https:\/\/ismsancarlos.cl\/site2\/?s={search_term_string}"},"query-input":{"@type":"PropertyValueSpecification","valueRequired":true,"valueName":"search_term_string"}}],"inLanguage":"es"},{"@type":"Organization","@id":"https:\/\/ismsancarlos.cl\/site2\/#organization","name":"Instituto Santa Mar\u00eda Chill\u00e1n","url":"https:\/\/ismsancarlos.cl\/site2\/","logo":{"@type":"ImageObject","inLanguage":"es","@id":"https:\/\/ismsancarlos.cl\/site2\/#\/schema\/logo\/image\/","url":"https:\/\/ismchillan.cl\/site\/wp-content\/uploads\/2021\/02\/logo-ISM-Chillan.png","contentUrl":"https:\/\/ismchillan.cl\/site\/wp-content\/uploads\/2021\/02\/logo-ISM-Chillan.png","width":746,"height":228,"caption":"Instituto Santa Mar\u00eda Chill\u00e1n"},"image":{"@id":"https:\/\/ismsancarlos.cl\/site2\/#\/schema\/logo\/image\/"},"sameAs":["https:\/\/www.facebook.com\/insamach","https:\/\/www.instagram.com\/ism_chillan\/?hl=es-la","https:\/\/www.youtube.com\/channel\/UCU8IW1d8akOJJTePPCCMjjA"]},{"@type":"Person","@id":"https:\/\/ismsancarlos.cl\/site2\/#\/schema\/person\/6a23bdafb47e2c2a488fc70a8235ea7e","name":"admin","image":{"@type":"ImageObject","inLanguage":"es","@id":"https:\/\/ismsancarlos.cl\/site2\/#\/schema\/person\/image\/","url":"https:\/\/secure.gravatar.com\/avatar\/8ac7f29e194fb7442e8e75b6f1c9477abd0dacb32722a8cb6ad498b642eb5d0b?s=96&d=mm&r=g","contentUrl":"https:\/\/secure.gravatar.com\/avatar\/8ac7f29e194fb7442e8e75b6f1c9477abd0dacb32722a8cb6ad498b642eb5d0b?s=96&d=mm&r=g","caption":"admin"},"sameAs":["https:\/\/ismchillan.cl\/site"]}]}},"_links":{"self":[{"href":"https:\/\/ismsancarlos.cl\/site2\/wp-json\/wp\/v2\/posts\/13683","targetHints":{"allow":["GET"]}}],"collection":[{"href":"https:\/\/ismsancarlos.cl\/site2\/wp-json\/wp\/v2\/posts"}],"about":[{"href":"https:\/\/ismsancarlos.cl\/site2\/wp-json\/wp\/v2\/types\/post"}],"author":[{"embeddable":true,"href":"https:\/\/ismsancarlos.cl\/site2\/wp-json\/wp\/v2\/users\/1"}],"replies":[{"embeddable":true,"href":"https:\/\/ismsancarlos.cl\/site2\/wp-json\/wp\/v2\/comments?post=13683"}],"version-history":[{"count":1,"href":"https:\/\/ismsancarlos.cl\/site2\/wp-json\/wp\/v2\/posts\/13683\/revisions"}],"predecessor-version":[{"id":13685,"href":"https:\/\/ismsancarlos.cl\/site2\/wp-json\/wp\/v2\/posts\/13683\/revisions\/13685"}],"wp:featuredmedia":[{"embeddable":true,"href":"https:\/\/ismsancarlos.cl\/site2\/wp-json\/wp\/v2\/media\/13686"}],"wp:attachment":[{"href":"https:\/\/ismsancarlos.cl\/site2\/wp-json\/wp\/v2\/media?parent=13683"}],"wp:term":[{"taxonomy":"category","embeddable":true,"href":"https:\/\/ismsancarlos.cl\/site2\/wp-json\/wp\/v2\/categories?post=13683"},{"taxonomy":"post_tag","embeddable":true,"href":"https:\/\/ismsancarlos.cl\/site2\/wp-json\/wp\/v2\/tags?post=13683"}],"curies":[{"name":"wp","href":"https:\/\/api.w.org\/{rel}","templated":true}]}}