{"id":13566,"date":"2023-06-06T15:45:50","date_gmt":"2023-06-06T18:45:50","guid":{"rendered":"https:\/\/ismsancarlos.cl\/site2\/?p=13566"},"modified":"2023-06-06T15:45:51","modified_gmt":"2023-06-06T18:45:51","slug":"reflexiones-y-desafios-en-este-dia-del-medio-ambiente","status":"publish","type":"post","link":"https:\/\/ismsancarlos.cl\/site2\/reflexiones-y-desafios-en-este-dia-del-medio-ambiente\/","title":{"rendered":"REFLEXIONES Y DESAFIOS EN ESTE D\u00cdA DEL MEDIO AMBIENTE"},"content":{"rendered":"\n<p><\/p>\n\n\n\n<p class=\"has-text-align-left\">Somos de un sector semi rural de Chile. La cordillera se ve a simple vista y el r\u00edo del sector est\u00e1 cerca. Los mayores recordamos un r\u00edo con abundante agua, cordillera nevada en invierno y primavera. Ya no es as\u00ed. Lo peor\u00a0 de todo es que las nuevas generaciones piensan que siempre fue as\u00ed. \u00bfQu\u00e9 pas\u00f3? \u00bfHacia d\u00f3nde discurrieron esas aguas y esa nieve que pintaba el invierno?<\/p>\n\n\n\n<p class=\"has-text-align-left\">Los dram\u00e1ticos cambios que la tierra, el clima y la calidad de vida han\u00a0 experimentados se deben a la ambici\u00f3n del ser humano. Mucho sentido tiene lo expresado por el Papa en Laudato si: \u201cconcebir el planeta como patria y la humanidad como pueblo que habita en una casa de todos\u201d.<\/p>\n\n\n\n<p class=\"has-text-align-left\">Si analizamos este planteamiento, las diferencias se desdibujan y lo \u00fanico que importa es la comunidad y la comuni\u00f3n con la tierra.\u00a0 Los derechos humanos se ven conculcados por la avaricia de pocos y \u00bfqui\u00e9n pierde? Los mismos de siempre.<\/p>\n\n\n\n<p class=\"has-text-align-left\">Vivir en un ambiente limpio y que todos tengan acceso a las bendiciones de la tierra debe ser un derecho humano declarado en todos los documentos oficiales.<\/p>\n\n\n\n<p class=\"has-text-align-left\">Eduardo Galeano, poeta uruguayo se refiere a esta \u00e9poca como: \u201cEstamos en plena cultura del envase. El contrato de matrimonio importa m\u00e1s que el amor, el funeral m\u00e1s que el muerto, la ropa m\u00e1s que el cuerpo y la misa m\u00e1s que Dios.\u201d<\/p>\n\n\n\n<p class=\"has-text-align-left\">Cultura de lo desechable, sim embargo, la Enc\u00edclica del Papa Francisco me resulta una propuesta necesaria, urgente y esperanzadora. M\u00e1s all\u00e1 de cualquier visi\u00f3n religiosa, es una propuesta\u00a0 que nos humaniza, que nos invita a vivir en armon\u00eda con los ciclos naturales.<\/p>\n\n\n\n<p class=\"has-text-align-left\">En alg\u00fan momento perdimos o nos quitaron el v\u00ednculo con la casa com\u00fan Y de ser parte del paisaje nos convertimos en depredadores.<\/p>\n\n\n\n<p class=\"has-text-align-left\">Es el momento del cambio, debemos alzar la voz y manifestarnos. Desde la educaci\u00f3n, desde las aulas, desde los p\u00falpitos debe salir un mensaje claro y sistem\u00e1tico: \u201cMucha gente peque\u00f1a, en lugares peque\u00f1os, haciendo cosas peque\u00f1as, puede cambiar el mundo\u201d.\u00a0<\/p>\n\n\n\n<p class=\"has-text-align-left\">Nuestro colegio, siguiendo las ideas contenidas en la Enc\u00edclica \u201cLaudato Si\u201d, est\u00e1 implementando un plan de acci\u00f3n de ecolog\u00eda integral que contiene objetivos, propuestas y acciones concretas para cuidar \u201cNUESTRA CASA COM\u00daN: el planeta. Esta propuesta tiene la sigla JPIC (Justicia, Paz e Integridad de la Creaci\u00f3n).<\/p>\n\n\n\n<p class=\"has-text-align-left\">Desde el 2021 hasta el 2028 se quiere establecer en los colegios de nuestra congregaci\u00f3n, a nivel nacional y mundial, procesos\u00a0\u00a0 sistem\u00e1ticos que permitan llevar a cabo lo planteado por el Papa Francisco: \u201cconcebir el planeta como patria y la humanidad como pueblo que habita en una casa de todos\u201d.<\/p>\n\n\n\n<p class=\"has-text-align-left\">Acciones como recolectar tapas pl\u00e1sticas que ha permitido reciclar cerca de 700 kilos de estos que no van a la basura o los mares, exposici\u00f3n de arte con materiales reciclados. Recolecci\u00f3n de pilas y celulares, hermoseamiento de \u00e1reas verdes. En fin, una serie de acciones que nos deben movilizar y hacernos entender que esta labor es de todos.<\/p>\n\n\n\n<p class=\"has-text-align-left\">Nada que se intente se lograr\u00e1 sin ustedes, estudiantes y comunidad toda del Instituto Santa Mar\u00eda. \u00bfEstamos dispuestos a ayudar, a comprometernos en, m\u00e1s que acciones aisladas, a generar un cambio de mentalidad? \u00a1Vamos, sum\u00e9monos al clamor de la tierra!<strong><em>\u00a0\u00a0\u00a0\u00a0\u00a0\u00a0\u00a0\u00a0\u00a0\u00a0\u00a0\u00a0\u00a0\u00a0\u00a0\u00a0\u00a0\u00a0\u00a0\u00a0\u00a0\u00a0\u00a0\u00a0\u00a0\u00a0\u00a0\u00a0\u00a0\u00a0\u00a0\u00a0\u00a0\u00a0\u00a0\u00a0\u00a0\u00a0\u00a0\u00a0\u00a0\u00a0\u00a0\u00a0\u00a0\u00a0<\/em><\/strong><\/p>\n\n\n\n<p class=\"has-text-align-left\"><strong><em>Encargados JTPIC RED CJ INSAMA<\/em><\/strong><\/p>\n","protected":false},"excerpt":{"rendered":"<p>Somos de un sector semi rural de Chile. La cordillera se ve a simple vista y el r\u00edo del sector est\u00e1 cerca. Los mayores recordamos un r\u00edo con abundante agua, cordillera nevada en invierno y primavera. Ya no es as\u00ed. Lo peor\u00a0 de todo es que las nuevas generaciones piensan que siempre fue as\u00ed. \u00bfQu\u00e9 [&hellip;]<\/p>\n","protected":false},"author":1,"featured_media":13567,"comment_status":"closed","ping_status":"closed","sticky":false,"template":"","format":"standard","meta":{"_price":"","_stock":"","_tribe_ticket_header":"","_tribe_default_ticket_provider":"","_tribe_ticket_capacity":"0","_ticket_start_date":"","_ticket_end_date":"","_tribe_ticket_show_description":"","_tribe_ticket_show_not_going":false,"_tribe_ticket_use_global_stock":"","_tribe_ticket_global_stock_level":"","_global_stock_mode":"","_global_stock_cap":"","_tribe_rsvp_for_event":"","_tribe_ticket_going_count":"","_tribe_ticket_not_going_count":"","_tribe_tickets_list":"[]","_tribe_ticket_has_attendee_info_fields":false,"footnotes":""},"categories":[144],"tags":[],"class_list":["post-13566","post","type-post","status-publish","format-standard","has-post-thumbnail","hentry","category-noticias"],"yoast_head":"<!-- This site is optimized with the Yoast SEO plugin v25.6 - https:\/\/yoast.com\/wordpress\/plugins\/seo\/ -->\n<title>REFLEXIONES Y DESAFIOS EN ESTE D\u00cdA DEL MEDIO AMBIENTE | Instituto Santa Mar\u00eda - San Carlos<\/title>\n<meta name=\"robots\" content=\"index, follow, max-snippet:-1, max-image-preview:large, max-video-preview:-1\" \/>\n<link rel=\"canonical\" href=\"https:\/\/ismsancarlos.cl\/site2\/reflexiones-y-desafios-en-este-dia-del-medio-ambiente\/\" \/>\n<meta property=\"og:locale\" content=\"es_ES\" \/>\n<meta property=\"og:type\" content=\"article\" \/>\n<meta property=\"og:title\" content=\"REFLEXIONES Y DESAFIOS EN ESTE D\u00cdA DEL MEDIO AMBIENTE | Instituto Santa Mar\u00eda - San Carlos\" \/>\n<meta property=\"og:description\" content=\"Somos de un sector semi rural de Chile. La cordillera se ve a simple vista y el r\u00edo del sector est\u00e1 cerca. Los mayores recordamos un r\u00edo con abundante agua, cordillera nevada en invierno y primavera. Ya no es as\u00ed. Lo peor\u00a0 de todo es que las nuevas generaciones piensan que siempre fue as\u00ed. \u00bfQu\u00e9 [&hellip;]\" \/>\n<meta property=\"og:url\" content=\"https:\/\/ismsancarlos.cl\/site2\/reflexiones-y-desafios-en-este-dia-del-medio-ambiente\/\" \/>\n<meta property=\"og:site_name\" content=\"Instituto Santa Mar\u00eda - San Carlos\" \/>\n<meta property=\"article:publisher\" content=\"https:\/\/www.facebook.com\/insamach\" \/>\n<meta property=\"article:published_time\" content=\"2023-06-06T18:45:50+00:00\" \/>\n<meta property=\"article:modified_time\" content=\"2023-06-06T18:45:51+00:00\" \/>\n<meta property=\"og:image\" content=\"https:\/\/ismsancarlos.cl\/site2\/wp-content\/uploads\/2023\/06\/FOTO.jpg\" \/>\n\t<meta property=\"og:image:width\" content=\"608\" \/>\n\t<meta property=\"og:image:height\" content=\"340\" \/>\n\t<meta property=\"og:image:type\" content=\"image\/jpeg\" \/>\n<meta name=\"author\" content=\"admin\" \/>\n<meta name=\"twitter:card\" content=\"summary_large_image\" \/>\n<meta name=\"twitter:label1\" content=\"Escrito por\" \/>\n\t<meta name=\"twitter:data1\" content=\"admin\" \/>\n\t<meta name=\"twitter:label2\" content=\"Tiempo de lectura\" \/>\n\t<meta name=\"twitter:data2\" content=\"3 minutos\" \/>\n<script type=\"application\/ld+json\" class=\"yoast-schema-graph\">{\"@context\":\"https:\/\/schema.org\",\"@graph\":[{\"@type\":\"Article\",\"@id\":\"https:\/\/ismsancarlos.cl\/site2\/reflexiones-y-desafios-en-este-dia-del-medio-ambiente\/#article\",\"isPartOf\":{\"@id\":\"https:\/\/ismsancarlos.cl\/site2\/reflexiones-y-desafios-en-este-dia-del-medio-ambiente\/\"},\"author\":{\"name\":\"admin\",\"@id\":\"https:\/\/ismsancarlos.cl\/site2\/#\/schema\/person\/6a23bdafb47e2c2a488fc70a8235ea7e\"},\"headline\":\"REFLEXIONES Y DESAFIOS EN ESTE D\u00cdA DEL MEDIO AMBIENTE\",\"datePublished\":\"2023-06-06T18:45:50+00:00\",\"dateModified\":\"2023-06-06T18:45:51+00:00\",\"mainEntityOfPage\":{\"@id\":\"https:\/\/ismsancarlos.cl\/site2\/reflexiones-y-desafios-en-este-dia-del-medio-ambiente\/\"},\"wordCount\":578,\"publisher\":{\"@id\":\"https:\/\/ismsancarlos.cl\/site2\/#organization\"},\"image\":{\"@id\":\"https:\/\/ismsancarlos.cl\/site2\/reflexiones-y-desafios-en-este-dia-del-medio-ambiente\/#primaryimage\"},\"thumbnailUrl\":\"https:\/\/ismsancarlos.cl\/site2\/wp-content\/uploads\/2023\/06\/FOTO.jpg\",\"articleSection\":[\"Noticias\"],\"inLanguage\":\"es\"},{\"@type\":\"WebPage\",\"@id\":\"https:\/\/ismsancarlos.cl\/site2\/reflexiones-y-desafios-en-este-dia-del-medio-ambiente\/\",\"url\":\"https:\/\/ismsancarlos.cl\/site2\/reflexiones-y-desafios-en-este-dia-del-medio-ambiente\/\",\"name\":\"REFLEXIONES Y DESAFIOS EN ESTE D\u00cdA DEL MEDIO AMBIENTE | Instituto Santa Mar\u00eda - San Carlos\",\"isPartOf\":{\"@id\":\"https:\/\/ismsancarlos.cl\/site2\/#website\"},\"primaryImageOfPage\":{\"@id\":\"https:\/\/ismsancarlos.cl\/site2\/reflexiones-y-desafios-en-este-dia-del-medio-ambiente\/#primaryimage\"},\"image\":{\"@id\":\"https:\/\/ismsancarlos.cl\/site2\/reflexiones-y-desafios-en-este-dia-del-medio-ambiente\/#primaryimage\"},\"thumbnailUrl\":\"https:\/\/ismsancarlos.cl\/site2\/wp-content\/uploads\/2023\/06\/FOTO.jpg\",\"datePublished\":\"2023-06-06T18:45:50+00:00\",\"dateModified\":\"2023-06-06T18:45:51+00:00\",\"breadcrumb\":{\"@id\":\"https:\/\/ismsancarlos.cl\/site2\/reflexiones-y-desafios-en-este-dia-del-medio-ambiente\/#breadcrumb\"},\"inLanguage\":\"es\",\"potentialAction\":[{\"@type\":\"ReadAction\",\"target\":[\"https:\/\/ismsancarlos.cl\/site2\/reflexiones-y-desafios-en-este-dia-del-medio-ambiente\/\"]}]},{\"@type\":\"ImageObject\",\"inLanguage\":\"es\",\"@id\":\"https:\/\/ismsancarlos.cl\/site2\/reflexiones-y-desafios-en-este-dia-del-medio-ambiente\/#primaryimage\",\"url\":\"https:\/\/ismsancarlos.cl\/site2\/wp-content\/uploads\/2023\/06\/FOTO.jpg\",\"contentUrl\":\"https:\/\/ismsancarlos.cl\/site2\/wp-content\/uploads\/2023\/06\/FOTO.jpg\",\"width\":608,\"height\":340},{\"@type\":\"BreadcrumbList\",\"@id\":\"https:\/\/ismsancarlos.cl\/site2\/reflexiones-y-desafios-en-este-dia-del-medio-ambiente\/#breadcrumb\",\"itemListElement\":[{\"@type\":\"ListItem\",\"position\":1,\"name\":\"Portada\",\"item\":\"https:\/\/ismsancarlos.cl\/site2\/\"},{\"@type\":\"ListItem\",\"position\":2,\"name\":\"REFLEXIONES Y DESAFIOS EN ESTE D\u00cdA DEL MEDIO AMBIENTE\"}]},{\"@type\":\"WebSite\",\"@id\":\"https:\/\/ismsancarlos.cl\/site2\/#website\",\"url\":\"https:\/\/ismsancarlos.cl\/site2\/\",\"name\":\"Instituto Santa Mar\u00eda - San Carlos\",\"description\":\"&quot;Aprender m\u00e1s para servir mejor&quot;\",\"publisher\":{\"@id\":\"https:\/\/ismsancarlos.cl\/site2\/#organization\"},\"potentialAction\":[{\"@type\":\"SearchAction\",\"target\":{\"@type\":\"EntryPoint\",\"urlTemplate\":\"https:\/\/ismsancarlos.cl\/site2\/?s={search_term_string}\"},\"query-input\":{\"@type\":\"PropertyValueSpecification\",\"valueRequired\":true,\"valueName\":\"search_term_string\"}}],\"inLanguage\":\"es\"},{\"@type\":\"Organization\",\"@id\":\"https:\/\/ismsancarlos.cl\/site2\/#organization\",\"name\":\"Instituto Santa Mar\u00eda Chill\u00e1n\",\"url\":\"https:\/\/ismsancarlos.cl\/site2\/\",\"logo\":{\"@type\":\"ImageObject\",\"inLanguage\":\"es\",\"@id\":\"https:\/\/ismsancarlos.cl\/site2\/#\/schema\/logo\/image\/\",\"url\":\"https:\/\/ismchillan.cl\/site\/wp-content\/uploads\/2021\/02\/logo-ISM-Chillan.png\",\"contentUrl\":\"https:\/\/ismchillan.cl\/site\/wp-content\/uploads\/2021\/02\/logo-ISM-Chillan.png\",\"width\":746,\"height\":228,\"caption\":\"Instituto Santa Mar\u00eda Chill\u00e1n\"},\"image\":{\"@id\":\"https:\/\/ismsancarlos.cl\/site2\/#\/schema\/logo\/image\/\"},\"sameAs\":[\"https:\/\/www.facebook.com\/insamach\",\"https:\/\/www.instagram.com\/ism_chillan\/?hl=es-la\",\"https:\/\/www.youtube.com\/channel\/UCU8IW1d8akOJJTePPCCMjjA\"]},{\"@type\":\"Person\",\"@id\":\"https:\/\/ismsancarlos.cl\/site2\/#\/schema\/person\/6a23bdafb47e2c2a488fc70a8235ea7e\",\"name\":\"admin\",\"image\":{\"@type\":\"ImageObject\",\"inLanguage\":\"es\",\"@id\":\"https:\/\/ismsancarlos.cl\/site2\/#\/schema\/person\/image\/\",\"url\":\"https:\/\/secure.gravatar.com\/avatar\/8ac7f29e194fb7442e8e75b6f1c9477abd0dacb32722a8cb6ad498b642eb5d0b?s=96&d=mm&r=g\",\"contentUrl\":\"https:\/\/secure.gravatar.com\/avatar\/8ac7f29e194fb7442e8e75b6f1c9477abd0dacb32722a8cb6ad498b642eb5d0b?s=96&d=mm&r=g\",\"caption\":\"admin\"},\"sameAs\":[\"https:\/\/ismchillan.cl\/site\"]}]}<\/script>\n<!-- \/ Yoast SEO plugin. -->","yoast_head_json":{"title":"REFLEXIONES Y DESAFIOS EN ESTE D\u00cdA DEL MEDIO AMBIENTE | Instituto Santa Mar\u00eda - San Carlos","robots":{"index":"index","follow":"follow","max-snippet":"max-snippet:-1","max-image-preview":"max-image-preview:large","max-video-preview":"max-video-preview:-1"},"canonical":"https:\/\/ismsancarlos.cl\/site2\/reflexiones-y-desafios-en-este-dia-del-medio-ambiente\/","og_locale":"es_ES","og_type":"article","og_title":"REFLEXIONES Y DESAFIOS EN ESTE D\u00cdA DEL MEDIO AMBIENTE | Instituto Santa Mar\u00eda - San Carlos","og_description":"Somos de un sector semi rural de Chile. La cordillera se ve a simple vista y el r\u00edo del sector est\u00e1 cerca. Los mayores recordamos un r\u00edo con abundante agua, cordillera nevada en invierno y primavera. Ya no es as\u00ed. Lo peor\u00a0 de todo es que las nuevas generaciones piensan que siempre fue as\u00ed. \u00bfQu\u00e9 [&hellip;]","og_url":"https:\/\/ismsancarlos.cl\/site2\/reflexiones-y-desafios-en-este-dia-del-medio-ambiente\/","og_site_name":"Instituto Santa Mar\u00eda - San Carlos","article_publisher":"https:\/\/www.facebook.com\/insamach","article_published_time":"2023-06-06T18:45:50+00:00","article_modified_time":"2023-06-06T18:45:51+00:00","og_image":[{"width":608,"height":340,"url":"https:\/\/ismsancarlos.cl\/site2\/wp-content\/uploads\/2023\/06\/FOTO.jpg","type":"image\/jpeg"}],"author":"admin","twitter_card":"summary_large_image","twitter_misc":{"Escrito por":"admin","Tiempo de lectura":"3 minutos"},"schema":{"@context":"https:\/\/schema.org","@graph":[{"@type":"Article","@id":"https:\/\/ismsancarlos.cl\/site2\/reflexiones-y-desafios-en-este-dia-del-medio-ambiente\/#article","isPartOf":{"@id":"https:\/\/ismsancarlos.cl\/site2\/reflexiones-y-desafios-en-este-dia-del-medio-ambiente\/"},"author":{"name":"admin","@id":"https:\/\/ismsancarlos.cl\/site2\/#\/schema\/person\/6a23bdafb47e2c2a488fc70a8235ea7e"},"headline":"REFLEXIONES Y DESAFIOS EN ESTE D\u00cdA DEL MEDIO AMBIENTE","datePublished":"2023-06-06T18:45:50+00:00","dateModified":"2023-06-06T18:45:51+00:00","mainEntityOfPage":{"@id":"https:\/\/ismsancarlos.cl\/site2\/reflexiones-y-desafios-en-este-dia-del-medio-ambiente\/"},"wordCount":578,"publisher":{"@id":"https:\/\/ismsancarlos.cl\/site2\/#organization"},"image":{"@id":"https:\/\/ismsancarlos.cl\/site2\/reflexiones-y-desafios-en-este-dia-del-medio-ambiente\/#primaryimage"},"thumbnailUrl":"https:\/\/ismsancarlos.cl\/site2\/wp-content\/uploads\/2023\/06\/FOTO.jpg","articleSection":["Noticias"],"inLanguage":"es"},{"@type":"WebPage","@id":"https:\/\/ismsancarlos.cl\/site2\/reflexiones-y-desafios-en-este-dia-del-medio-ambiente\/","url":"https:\/\/ismsancarlos.cl\/site2\/reflexiones-y-desafios-en-este-dia-del-medio-ambiente\/","name":"REFLEXIONES Y DESAFIOS EN ESTE D\u00cdA DEL MEDIO AMBIENTE | Instituto Santa Mar\u00eda - San Carlos","isPartOf":{"@id":"https:\/\/ismsancarlos.cl\/site2\/#website"},"primaryImageOfPage":{"@id":"https:\/\/ismsancarlos.cl\/site2\/reflexiones-y-desafios-en-este-dia-del-medio-ambiente\/#primaryimage"},"image":{"@id":"https:\/\/ismsancarlos.cl\/site2\/reflexiones-y-desafios-en-este-dia-del-medio-ambiente\/#primaryimage"},"thumbnailUrl":"https:\/\/ismsancarlos.cl\/site2\/wp-content\/uploads\/2023\/06\/FOTO.jpg","datePublished":"2023-06-06T18:45:50+00:00","dateModified":"2023-06-06T18:45:51+00:00","breadcrumb":{"@id":"https:\/\/ismsancarlos.cl\/site2\/reflexiones-y-desafios-en-este-dia-del-medio-ambiente\/#breadcrumb"},"inLanguage":"es","potentialAction":[{"@type":"ReadAction","target":["https:\/\/ismsancarlos.cl\/site2\/reflexiones-y-desafios-en-este-dia-del-medio-ambiente\/"]}]},{"@type":"ImageObject","inLanguage":"es","@id":"https:\/\/ismsancarlos.cl\/site2\/reflexiones-y-desafios-en-este-dia-del-medio-ambiente\/#primaryimage","url":"https:\/\/ismsancarlos.cl\/site2\/wp-content\/uploads\/2023\/06\/FOTO.jpg","contentUrl":"https:\/\/ismsancarlos.cl\/site2\/wp-content\/uploads\/2023\/06\/FOTO.jpg","width":608,"height":340},{"@type":"BreadcrumbList","@id":"https:\/\/ismsancarlos.cl\/site2\/reflexiones-y-desafios-en-este-dia-del-medio-ambiente\/#breadcrumb","itemListElement":[{"@type":"ListItem","position":1,"name":"Portada","item":"https:\/\/ismsancarlos.cl\/site2\/"},{"@type":"ListItem","position":2,"name":"REFLEXIONES Y DESAFIOS EN ESTE D\u00cdA DEL MEDIO AMBIENTE"}]},{"@type":"WebSite","@id":"https:\/\/ismsancarlos.cl\/site2\/#website","url":"https:\/\/ismsancarlos.cl\/site2\/","name":"Instituto Santa Mar\u00eda - San Carlos","description":"&quot;Aprender m\u00e1s para servir mejor&quot;","publisher":{"@id":"https:\/\/ismsancarlos.cl\/site2\/#organization"},"potentialAction":[{"@type":"SearchAction","target":{"@type":"EntryPoint","urlTemplate":"https:\/\/ismsancarlos.cl\/site2\/?s={search_term_string}"},"query-input":{"@type":"PropertyValueSpecification","valueRequired":true,"valueName":"search_term_string"}}],"inLanguage":"es"},{"@type":"Organization","@id":"https:\/\/ismsancarlos.cl\/site2\/#organization","name":"Instituto Santa Mar\u00eda Chill\u00e1n","url":"https:\/\/ismsancarlos.cl\/site2\/","logo":{"@type":"ImageObject","inLanguage":"es","@id":"https:\/\/ismsancarlos.cl\/site2\/#\/schema\/logo\/image\/","url":"https:\/\/ismchillan.cl\/site\/wp-content\/uploads\/2021\/02\/logo-ISM-Chillan.png","contentUrl":"https:\/\/ismchillan.cl\/site\/wp-content\/uploads\/2021\/02\/logo-ISM-Chillan.png","width":746,"height":228,"caption":"Instituto Santa Mar\u00eda Chill\u00e1n"},"image":{"@id":"https:\/\/ismsancarlos.cl\/site2\/#\/schema\/logo\/image\/"},"sameAs":["https:\/\/www.facebook.com\/insamach","https:\/\/www.instagram.com\/ism_chillan\/?hl=es-la","https:\/\/www.youtube.com\/channel\/UCU8IW1d8akOJJTePPCCMjjA"]},{"@type":"Person","@id":"https:\/\/ismsancarlos.cl\/site2\/#\/schema\/person\/6a23bdafb47e2c2a488fc70a8235ea7e","name":"admin","image":{"@type":"ImageObject","inLanguage":"es","@id":"https:\/\/ismsancarlos.cl\/site2\/#\/schema\/person\/image\/","url":"https:\/\/secure.gravatar.com\/avatar\/8ac7f29e194fb7442e8e75b6f1c9477abd0dacb32722a8cb6ad498b642eb5d0b?s=96&d=mm&r=g","contentUrl":"https:\/\/secure.gravatar.com\/avatar\/8ac7f29e194fb7442e8e75b6f1c9477abd0dacb32722a8cb6ad498b642eb5d0b?s=96&d=mm&r=g","caption":"admin"},"sameAs":["https:\/\/ismchillan.cl\/site"]}]}},"_links":{"self":[{"href":"https:\/\/ismsancarlos.cl\/site2\/wp-json\/wp\/v2\/posts\/13566","targetHints":{"allow":["GET"]}}],"collection":[{"href":"https:\/\/ismsancarlos.cl\/site2\/wp-json\/wp\/v2\/posts"}],"about":[{"href":"https:\/\/ismsancarlos.cl\/site2\/wp-json\/wp\/v2\/types\/post"}],"author":[{"embeddable":true,"href":"https:\/\/ismsancarlos.cl\/site2\/wp-json\/wp\/v2\/users\/1"}],"replies":[{"embeddable":true,"href":"https:\/\/ismsancarlos.cl\/site2\/wp-json\/wp\/v2\/comments?post=13566"}],"version-history":[{"count":1,"href":"https:\/\/ismsancarlos.cl\/site2\/wp-json\/wp\/v2\/posts\/13566\/revisions"}],"predecessor-version":[{"id":13568,"href":"https:\/\/ismsancarlos.cl\/site2\/wp-json\/wp\/v2\/posts\/13566\/revisions\/13568"}],"wp:featuredmedia":[{"embeddable":true,"href":"https:\/\/ismsancarlos.cl\/site2\/wp-json\/wp\/v2\/media\/13567"}],"wp:attachment":[{"href":"https:\/\/ismsancarlos.cl\/site2\/wp-json\/wp\/v2\/media?parent=13566"}],"wp:term":[{"taxonomy":"category","embeddable":true,"href":"https:\/\/ismsancarlos.cl\/site2\/wp-json\/wp\/v2\/categories?post=13566"},{"taxonomy":"post_tag","embeddable":true,"href":"https:\/\/ismsancarlos.cl\/site2\/wp-json\/wp\/v2\/tags?post=13566"}],"curies":[{"name":"wp","href":"https:\/\/api.w.org\/{rel}","templated":true}]}}